{"id":5390,"date":"2024-06-10T10:41:11","date_gmt":"2024-06-10T08:41:11","guid":{"rendered":"https:\/\/fejlesztesihirek.hu\/?p=5390"},"modified":"2026-09-01T15:33:24","modified_gmt":"2026-09-01T13:33:24","slug":"mar-eger-is-elerheto-gyorsforgalmi-uton","status":"publish","type":"post","link":"https:\/\/egyuttfejlodunk.hu\/?p=5390","title":{"rendered":"M\u00e1r Eger is el\u00e9rhet\u0151 gyorsforgalmi \u00faton"},"content":{"rendered":"<p><strong>Az M25 aut\u00f3\u00fat megteremtette Eger megyei jog\u00fa v\u00e1ros k\u00f6zvetlen csatlakoz\u00e1s\u00e1t az M3 aut\u00f3p\u00e1ly\u00e1hoz. <\/strong><strong>Az Integr\u00e1lt K\u00f6zleked\u00e9sfejleszt\u00e9si Operat\u00edv Program t\u00e1mogat\u00e1s\u00e1val megval\u00f3sult projekt eredm\u00e9nyek\u00e9ppen lehet\u0151v\u00e9 v\u00e1lt, hogy a forgalmat \u00e1tterelj\u00e9k a f\u0151utakr\u00f3l \u00e9s a helyi utakr\u00f3l az M25-\u00f6s aut\u00f3\u00fatra, ezzel cs\u00f6kkentve a menetid\u0151t, a zajszintet, a szennyez\u00e9s m\u00e9rt\u00e9k\u00e9t \u00e9s a balesetek sz\u00e1m\u00e1t is.<\/strong><\/p>\n<p>Az <em>M25 Eger gyorsforgalmi \u00fati bek\u00f6t\u00e9se (M3 -Eger szakasz megval\u00f3s\u00edt\u00e1sa) <\/em>c\u00edm\u0171 projekt keret\u00e9ben az aut\u00f3\u00fat k\u00f6z\u00e9ps\u0151 fizikai elv\u00e1laszt\u00e1s\u00fa 2&#215;2 forgalmi s\u00e1vval, k\u00f6zel 25 m\u00e9ter koronasz\u00e9less\u00e9ggel, mintegy 18,5 kilom\u00e9ter hosszan \u00e9p\u00fclt meg. A szakaszon jelent\u0151s m\u0171t\u00e1rgyakat alak\u00edtottak ki, t\u00f6bbek k\u00f6z\u00f6tt k\u00fcl\u00f6n szint\u0171 csom\u00f3pontokat, vad\u00e1tj\u00e1r\u00f3kat, vas\u00fati fel\u00fclj\u00e1r\u00f3t \u00e9s patakhidat. Az M25 aut\u00f3\u00fathoz kapcsol\u00f3d\u00f3an megval\u00f3sult a 2502 j. Mez\u0151k\u00f6vesd-Andornakt\u00e1lya \u00f6sszek\u00f6t\u0151 \u00fat Andornakt\u00e1ly\u00e1t elker\u00fcl\u0151 szakasza is.<\/p>\n<p>A beruh\u00e1z\u00e1s keret\u00e9ben sor ker\u00fclt az Eger belter\u00fclet\u00e9n l\u00e9v\u0151 252 sz\u00e1m\u00fa f\u0151\u00fat rekonstrukci\u00f3j\u00e1ra is. Ennek sor\u00e1n figyelembe vett\u00e9k a megv\u00e1ltozott forgalmi ig\u00e9nyeket, \u00e9s a 25-252 sz\u00e1m\u00fa f\u0151utak jelz\u0151l\u00e1mp\u00e1s csom\u00f3pontj\u00e1t k\u00f6rforgalomm\u00e1 \u00e9p\u00edtett\u00e9k \u00e1t, valamint meger\u0151s\u00edtett\u00e9k a megl\u00e9v\u0151 mintegy 720 m\u00e9ter hossz\u00fa \u00fatszakasz 11,5 tonn\u00e1s burkolat\u00e1t. A projektben a teljes M25 aut\u00f3\u00fati szakasz, illetve a 2502 j. \u00fat \u00e1tk\u00f6t\u00e9se \u00e9s a 252 sz\u00e1m\u00fa f\u0151\u00fat rekonstrukci\u00f3ja is megval\u00f3sult.<\/p>\n<p>A projekt eredm\u00e9nyek\u00e9ppen az \u00e9rintett telep\u00fcl\u00e9sek tehermentes\u00fclnek a naponta \u00e1thalad\u00f3 forgalom zaj\u00e1t\u00f3l, a k\u00f6rnyezeti \u00e1rtalmakt\u00f3l \u00e9s a tranzit forgalom jelentette balesetvesz\u00e9lyt\u0151l is. Emellett az Eger k\u00f6rny\u00e9ki telep\u00fcl\u00e9sek is megk\u00f6zel\u00edthet\u0151bb\u00e9 v\u00e1ltak, a f\u0151bb v\u00e1rosk\u00f6zpontokhoz val\u00f3 gyorsabb \u00f6sszek\u00f6ttet\u00e9s pedig v\u00e1llalkoz\u00e1sokat vonz a r\u00e9gi\u00f3ba, amely er\u0151s\u00edti a gazdas\u00e1got \u00e9s munkahelyeket is teremt.<\/p>\nngg_shortcode_0_placeholder\n<p>A program az IKOP-4.1.0-15-2016-00005 projekt keret\u00e9ben, eur\u00f3pai uni\u00f3s forr\u00e1s bevon\u00e1s\u00e1val val\u00f3sulhatott meg.<\/p>\n<p>Tov\u00e1bbi r\u00e9szletek a t\u00e1mogatott projekt keres\u0151ben:<a class=\"tovabb\" href=\"https:\/\/www.palyazat.gov.hu\/eredmenyek\/tamogatott-projektek\/515270201\" target=\"_blank\" rel=\"noopener\">Tov\u00e1bb<\/a><\/p>\n","protected":false},"excerpt":{"rendered":"<p>Az M25 aut\u00f3\u00fat megteremtette Eger megyei jog\u00fa v\u00e1ros k\u00f6zvetlen csatlakoz\u00e1s\u00e1t az M3 aut\u00f3p\u00e1ly\u00e1hoz. Az Integr\u00e1lt K\u00f6zleked\u00e9sfejleszt\u00e9si Operat\u00edv Program t\u00e1mogat\u00e1s\u00e1val megval\u00f3sult projekt eredm\u00e9nyek\u00e9ppen lehet\u0151v\u00e9 v\u00e1lt, hogy a forgalmat \u00e1tterelj\u00e9k a f\u0151utakr\u00f3l \u00e9s a helyi utakr\u00f3l az M25-\u00f6s aut\u00f3\u00fatra, ezzel cs\u00f6kkentve a menetid\u0151t, a zajszintet, a szennyez\u00e9s m\u00e9rt\u00e9k\u00e9t \u00e9s a balesetek sz\u00e1m\u00e1t is. Az M25 Eger gyorsforgalmi \u00fati bek\u00f6t\u00e9se (M3 -Eger szakasz megval\u00f3s\u00edt\u00e1sa) c\u00edm\u0171 projekt keret\u00e9ben az aut\u00f3\u00fat k\u00f6z\u00e9ps\u0151 fizikai elv\u00e1laszt\u00e1s\u00fa 2&#215;2 forgalmi s\u00e1vval, k\u00f6zel 25 m\u00e9ter&#8230;<\/p>\n","protected":false},"author":17,"featured_media":5393,"comment_status":"closed","ping_status":"closed","sticky":false,"template":"","format":"gallery","meta":{"_acf_changed":false,"ngg_post_thumbnail":0,"footnotes":""},"categories":[159],"tags":[433,417,459],"megye":[1124],"class_list":["post-5390","post","type-post","status-publish","format-gallery","has-post-thumbnail","hentry","category-ikop-hu","tag-infrastrukturalis-fejlesztes","tag-kozlekedesfejlesztes","tag-teruletfejlesztes","post_format-post-format-gallery","megye-heves-megye"],"acf":[],"yoast_head":"<!-- This site is optimized with the Yoast SEO Premium plugin v28.4 (Yoast SEO v28.4) - https:\/\/yoast.com\/product\/yoast-seo-premium-wordpress\/ -->\n<title>M\u00e1r Eger is el\u00e9rhet\u0151 gyorsforgalmi \u00faton - Egy\u00fctt fejl\u0151d\u00fcnk<\/title>\n<meta name=\"robots\" content=\"noindex, follow, max-snippet:-1, max-image-preview:large, max-video-preview:-1\" \/>\n<meta property=\"og:locale\" content=\"hu_HU\" \/>\n<meta property=\"og:type\" content=\"article\" \/>\n<meta property=\"og:title\" content=\"M\u00e1r Eger is el\u00e9rhet\u0151 gyorsforgalmi \u00faton\" \/>\n<meta property=\"og:description\" content=\"Az M25 aut\u00f3\u00fat megteremtette Eger megyei jog\u00fa v\u00e1ros k\u00f6zvetlen csatlakoz\u00e1s\u00e1t az M3 aut\u00f3p\u00e1ly\u00e1hoz. Az Integr\u00e1lt K\u00f6zleked\u00e9sfejleszt\u00e9si Operat\u00edv Program t\u00e1mogat\u00e1s\u00e1val megval\u00f3sult projekt eredm\u00e9nyek\u00e9ppen lehet\u0151v\u00e9 v\u00e1lt, hogy a forgalmat \u00e1tterelj\u00e9k a f\u0151utakr\u00f3l \u00e9s a helyi utakr\u00f3l az M25-\u00f6s aut\u00f3\u00fatra, ezzel cs\u00f6kkentve a menetid\u0151t, a zajszintet, a szennyez\u00e9s m\u00e9rt\u00e9k\u00e9t \u00e9s a balesetek sz\u00e1m\u00e1t is. Az M25 Eger gyorsforgalmi \u00fati bek\u00f6t\u00e9se (M3 -Eger szakasz megval\u00f3s\u00edt\u00e1sa) c\u00edm\u0171 projekt keret\u00e9ben az aut\u00f3\u00fat k\u00f6z\u00e9ps\u0151 fizikai elv\u00e1laszt\u00e1s\u00fa 2&#215;2 forgalmi s\u00e1vval, k\u00f6zel 25 m\u00e9ter...\" \/>\n<meta property=\"og:url\" content=\"https:\/\/egyuttfejlodunk.hu\/?p=5390\" \/>\n<meta property=\"og:site_name\" content=\"Egy\u00fctt fejl\u0151d\u00fcnk\" \/>\n<meta property=\"article:published_time\" content=\"2024-06-10T08:41:11+00:00\" \/>\n<meta property=\"article:modified_time\" content=\"2026-09-01T13:33:24+00:00\" \/>\n<meta property=\"og:image\" content=\"https:\/\/egyuttfejlodunk.hu\/wp-content\/uploads\/2024\/06\/20200625_nif_-30m.jpg\" \/>\n\t<meta property=\"og:image:width\" content=\"1920\" \/>\n\t<meta property=\"og:image:height\" content=\"949\" \/>\n\t<meta property=\"og:image:type\" content=\"image\/jpeg\" \/>\n<meta name=\"author\" content=\"B\u00e1cskai Gabriella\" \/>\n<meta name=\"twitter:card\" content=\"summary_large_image\" \/>\n<meta name=\"twitter:label1\" content=\"Szerz\u0151:\" \/>\n\t<meta name=\"twitter:data1\" content=\"B\u00e1cskai Gabriella\" \/>\n\t<meta name=\"twitter:label2\" content=\"Becs\u00fclt olvas\u00e1si id\u0151\" \/>\n\t<meta name=\"twitter:data2\" content=\"2 perc\" \/>\n<script type=\"application\/ld+json\" class=\"yoast-schema-graph\">{\"@context\":\"https:\\\/\\\/schema.org\",\"@graph\":[{\"@type\":\"Article\",\"@id\":\"https:\\\/\\\/egyuttfejlodunk.hu\\\/?p=5390#article\",\"isPartOf\":{\"@id\":\"https:\\\/\\\/egyuttfejlodunk.hu\\\/?p=5390\"},\"author\":{\"name\":\"B\u00e1cskai Gabriella\",\"@id\":\"https:\\\/\\\/egyuttfejlodunk.hu\\\/#\\\/schema\\\/person\\\/74d5e3661b874eed1958599cd4ca7bbd\"},\"headline\":\"M\u00e1r Eger is el\u00e9rhet\u0151 gyorsforgalmi \u00faton\",\"datePublished\":\"2024-06-10T08:41:11+00:00\",\"dateModified\":\"2026-09-01T13:33:24+00:00\",\"mainEntityOfPage\":{\"@id\":\"https:\\\/\\\/egyuttfejlodunk.hu\\\/?p=5390\"},\"wordCount\":422,\"publisher\":{\"@id\":\"https:\\\/\\\/egyuttfejlodunk.hu\\\/#organization\"},\"image\":{\"@id\":\"https:\\\/\\\/egyuttfejlodunk.hu\\\/?p=5390#primaryimage\"},\"thumbnailUrl\":\"https:\\\/\\\/egyuttfejlodunk.hu\\\/wp-content\\\/uploads\\\/2024\\\/06\\\/20200625_nif_-30m.jpg\",\"keywords\":[\"infrastruktur\u00e1lis fejleszt\u00e9s\",\"k\u00f6zleked\u00e9sfejleszt\u00e9s\",\"ter\u00fcletfejleszt\u00e9s\"],\"articleSection\":[\"Ikop\"],\"inLanguage\":\"hu\"},{\"@type\":\"WebPage\",\"@id\":\"https:\\\/\\\/egyuttfejlodunk.hu\\\/?p=5390\",\"url\":\"https:\\\/\\\/egyuttfejlodunk.hu\\\/?p=5390\",\"name\":\"M\u00e1r Eger is el\u00e9rhet\u0151 gyorsforgalmi \u00faton - Egy\u00fctt fejl\u0151d\u00fcnk\",\"isPartOf\":{\"@id\":\"https:\\\/\\\/egyuttfejlodunk.hu\\\/#website\"},\"primaryImageOfPage\":{\"@id\":\"https:\\\/\\\/egyuttfejlodunk.hu\\\/?p=5390#primaryimage\"},\"image\":{\"@id\":\"https:\\\/\\\/egyuttfejlodunk.hu\\\/?p=5390#primaryimage\"},\"thumbnailUrl\":\"https:\\\/\\\/egyuttfejlodunk.hu\\\/wp-content\\\/uploads\\\/2024\\\/06\\\/20200625_nif_-30m.jpg\",\"datePublished\":\"2024-06-10T08:41:11+00:00\",\"dateModified\":\"2026-09-01T13:33:24+00:00\",\"breadcrumb\":{\"@id\":\"https:\\\/\\\/egyuttfejlodunk.hu\\\/?p=5390#breadcrumb\"},\"inLanguage\":\"hu\",\"potentialAction\":[{\"@type\":\"ReadAction\",\"target\":[\"https:\\\/\\\/egyuttfejlodunk.hu\\\/?p=5390\"]}]},{\"@type\":\"ImageObject\",\"inLanguage\":\"hu\",\"@id\":\"https:\\\/\\\/egyuttfejlodunk.hu\\\/?p=5390#primaryimage\",\"url\":\"https:\\\/\\\/egyuttfejlodunk.hu\\\/wp-content\\\/uploads\\\/2024\\\/06\\\/20200625_nif_-30m.jpg\",\"contentUrl\":\"https:\\\/\\\/egyuttfejlodunk.hu\\\/wp-content\\\/uploads\\\/2024\\\/06\\\/20200625_nif_-30m.jpg\",\"width\":1920,\"height\":949},{\"@type\":\"BreadcrumbList\",\"@id\":\"https:\\\/\\\/egyuttfejlodunk.hu\\\/?p=5390#breadcrumb\",\"itemListElement\":[{\"@type\":\"ListItem\",\"position\":1,\"name\":\"Home\",\"item\":\"https:\\\/\\\/egyuttfejlodunk.hu\\\/\"},{\"@type\":\"ListItem\",\"position\":2,\"name\":\"M\u00e1r Eger is el\u00e9rhet\u0151 gyorsforgalmi \u00faton\"}]},{\"@type\":\"WebSite\",\"@id\":\"https:\\\/\\\/egyuttfejlodunk.hu\\\/#website\",\"url\":\"https:\\\/\\\/egyuttfejlodunk.hu\\\/\",\"name\":\"Egy\u00fctt fejl\u0151d\u00fcnk\",\"description\":\"\",\"publisher\":{\"@id\":\"https:\\\/\\\/egyuttfejlodunk.hu\\\/#organization\"},\"potentialAction\":[{\"@type\":\"SearchAction\",\"target\":{\"@type\":\"EntryPoint\",\"urlTemplate\":\"https:\\\/\\\/egyuttfejlodunk.hu\\\/?s={search_term_string}\"},\"query-input\":{\"@type\":\"PropertyValueSpecification\",\"valueRequired\":true,\"valueName\":\"search_term_string\"}}],\"inLanguage\":\"hu\"},{\"@type\":\"Organization\",\"@id\":\"https:\\\/\\\/egyuttfejlodunk.hu\\\/#organization\",\"name\":\"Egy\u00fctt fejl\u0151d\u00fcnk\",\"url\":\"https:\\\/\\\/egyuttfejlodunk.hu\\\/\",\"logo\":{\"@type\":\"ImageObject\",\"inLanguage\":\"hu\",\"@id\":\"https:\\\/\\\/egyuttfejlodunk.hu\\\/#\\\/schema\\\/logo\\\/image\\\/\",\"url\":\"https:\\\/\\\/egyuttfejlodunk.hu\\\/wp-content\\\/uploads\\\/2026\\\/04\\\/ujlogo.jpg\",\"contentUrl\":\"https:\\\/\\\/egyuttfejlodunk.hu\\\/wp-content\\\/uploads\\\/2026\\\/04\\\/ujlogo.jpg\",\"width\":350,\"height\":110,\"caption\":\"Egy\u00fctt fejl\u0151d\u00fcnk\"},\"image\":{\"@id\":\"https:\\\/\\\/egyuttfejlodunk.hu\\\/#\\\/schema\\\/logo\\\/image\\\/\"}},{\"@type\":\"Person\",\"@id\":\"https:\\\/\\\/egyuttfejlodunk.hu\\\/#\\\/schema\\\/person\\\/74d5e3661b874eed1958599cd4ca7bbd\",\"name\":\"B\u00e1cskai Gabriella\"}]}<\/script>\n<!-- \/ Yoast SEO Premium plugin. -->","yoast_head_json":{"title":"M\u00e1r Eger is el\u00e9rhet\u0151 gyorsforgalmi \u00faton - Egy\u00fctt fejl\u0151d\u00fcnk","robots":{"index":"noindex","follow":"follow","max-snippet":"max-snippet:-1","max-image-preview":"max-image-preview:large","max-video-preview":"max-video-preview:-1"},"og_locale":"hu_HU","og_type":"article","og_title":"M\u00e1r Eger is el\u00e9rhet\u0151 gyorsforgalmi \u00faton","og_description":"Az M25 aut\u00f3\u00fat megteremtette Eger megyei jog\u00fa v\u00e1ros k\u00f6zvetlen csatlakoz\u00e1s\u00e1t az M3 aut\u00f3p\u00e1ly\u00e1hoz. Az Integr\u00e1lt K\u00f6zleked\u00e9sfejleszt\u00e9si Operat\u00edv Program t\u00e1mogat\u00e1s\u00e1val megval\u00f3sult projekt eredm\u00e9nyek\u00e9ppen lehet\u0151v\u00e9 v\u00e1lt, hogy a forgalmat \u00e1tterelj\u00e9k a f\u0151utakr\u00f3l \u00e9s a helyi utakr\u00f3l az M25-\u00f6s aut\u00f3\u00fatra, ezzel cs\u00f6kkentve a menetid\u0151t, a zajszintet, a szennyez\u00e9s m\u00e9rt\u00e9k\u00e9t \u00e9s a balesetek sz\u00e1m\u00e1t is. Az M25 Eger gyorsforgalmi \u00fati bek\u00f6t\u00e9se (M3 -Eger szakasz megval\u00f3s\u00edt\u00e1sa) c\u00edm\u0171 projekt keret\u00e9ben az aut\u00f3\u00fat k\u00f6z\u00e9ps\u0151 fizikai elv\u00e1laszt\u00e1s\u00fa 2&#215;2 forgalmi s\u00e1vval, k\u00f6zel 25 m\u00e9ter...","og_url":"https:\/\/egyuttfejlodunk.hu\/?p=5390","og_site_name":"Egy\u00fctt fejl\u0151d\u00fcnk","article_published_time":"2024-06-10T08:41:11+00:00","article_modified_time":"2026-09-01T13:33:24+00:00","og_image":[{"width":1920,"height":949,"url":"https:\/\/egyuttfejlodunk.hu\/wp-content\/uploads\/2024\/06\/20200625_nif_-30m.jpg","type":"image\/jpeg"}],"author":"B\u00e1cskai Gabriella","twitter_card":"summary_large_image","twitter_misc":{"Szerz\u0151:":"B\u00e1cskai Gabriella","Becs\u00fclt olvas\u00e1si id\u0151":"2 perc"},"schema":{"@context":"https:\/\/schema.org","@graph":[{"@type":"Article","@id":"https:\/\/egyuttfejlodunk.hu\/?p=5390#article","isPartOf":{"@id":"https:\/\/egyuttfejlodunk.hu\/?p=5390"},"author":{"name":"B\u00e1cskai Gabriella","@id":"https:\/\/egyuttfejlodunk.hu\/#\/schema\/person\/74d5e3661b874eed1958599cd4ca7bbd"},"headline":"M\u00e1r Eger is el\u00e9rhet\u0151 gyorsforgalmi \u00faton","datePublished":"2024-06-10T08:41:11+00:00","dateModified":"2026-09-01T13:33:24+00:00","mainEntityOfPage":{"@id":"https:\/\/egyuttfejlodunk.hu\/?p=5390"},"wordCount":422,"publisher":{"@id":"https:\/\/egyuttfejlodunk.hu\/#organization"},"image":{"@id":"https:\/\/egyuttfejlodunk.hu\/?p=5390#primaryimage"},"thumbnailUrl":"https:\/\/egyuttfejlodunk.hu\/wp-content\/uploads\/2024\/06\/20200625_nif_-30m.jpg","keywords":["infrastruktur\u00e1lis fejleszt\u00e9s","k\u00f6zleked\u00e9sfejleszt\u00e9s","ter\u00fcletfejleszt\u00e9s"],"articleSection":["Ikop"],"inLanguage":"hu"},{"@type":"WebPage","@id":"https:\/\/egyuttfejlodunk.hu\/?p=5390","url":"https:\/\/egyuttfejlodunk.hu\/?p=5390","name":"M\u00e1r Eger is el\u00e9rhet\u0151 gyorsforgalmi \u00faton - Egy\u00fctt fejl\u0151d\u00fcnk","isPartOf":{"@id":"https:\/\/egyuttfejlodunk.hu\/#website"},"primaryImageOfPage":{"@id":"https:\/\/egyuttfejlodunk.hu\/?p=5390#primaryimage"},"image":{"@id":"https:\/\/egyuttfejlodunk.hu\/?p=5390#primaryimage"},"thumbnailUrl":"https:\/\/egyuttfejlodunk.hu\/wp-content\/uploads\/2024\/06\/20200625_nif_-30m.jpg","datePublished":"2024-06-10T08:41:11+00:00","dateModified":"2026-09-01T13:33:24+00:00","breadcrumb":{"@id":"https:\/\/egyuttfejlodunk.hu\/?p=5390#breadcrumb"},"inLanguage":"hu","potentialAction":[{"@type":"ReadAction","target":["https:\/\/egyuttfejlodunk.hu\/?p=5390"]}]},{"@type":"ImageObject","inLanguage":"hu","@id":"https:\/\/egyuttfejlodunk.hu\/?p=5390#primaryimage","url":"https:\/\/egyuttfejlodunk.hu\/wp-content\/uploads\/2024\/06\/20200625_nif_-30m.jpg","contentUrl":"https:\/\/egyuttfejlodunk.hu\/wp-content\/uploads\/2024\/06\/20200625_nif_-30m.jpg","width":1920,"height":949},{"@type":"BreadcrumbList","@id":"https:\/\/egyuttfejlodunk.hu\/?p=5390#breadcrumb","itemListElement":[{"@type":"ListItem","position":1,"name":"Home","item":"https:\/\/egyuttfejlodunk.hu\/"},{"@type":"ListItem","position":2,"name":"M\u00e1r Eger is el\u00e9rhet\u0151 gyorsforgalmi \u00faton"}]},{"@type":"WebSite","@id":"https:\/\/egyuttfejlodunk.hu\/#website","url":"https:\/\/egyuttfejlodunk.hu\/","name":"Egy\u00fctt fejl\u0151d\u00fcnk","description":"","publisher":{"@id":"https:\/\/egyuttfejlodunk.hu\/#organization"},"potentialAction":[{"@type":"SearchAction","target":{"@type":"EntryPoint","urlTemplate":"https:\/\/egyuttfejlodunk.hu\/?s={search_term_string}"},"query-input":{"@type":"PropertyValueSpecification","valueRequired":true,"valueName":"search_term_string"}}],"inLanguage":"hu"},{"@type":"Organization","@id":"https:\/\/egyuttfejlodunk.hu\/#organization","name":"Egy\u00fctt fejl\u0151d\u00fcnk","url":"https:\/\/egyuttfejlodunk.hu\/","logo":{"@type":"ImageObject","inLanguage":"hu","@id":"https:\/\/egyuttfejlodunk.hu\/#\/schema\/logo\/image\/","url":"https:\/\/egyuttfejlodunk.hu\/wp-content\/uploads\/2026\/04\/ujlogo.jpg","contentUrl":"https:\/\/egyuttfejlodunk.hu\/wp-content\/uploads\/2026\/04\/ujlogo.jpg","width":350,"height":110,"caption":"Egy\u00fctt fejl\u0151d\u00fcnk"},"image":{"@id":"https:\/\/egyuttfejlodunk.hu\/#\/schema\/logo\/image\/"}},{"@type":"Person","@id":"https:\/\/egyuttfejlodunk.hu\/#\/schema\/person\/74d5e3661b874eed1958599cd4ca7bbd","name":"B\u00e1cskai Gabriella"}]}},"_links":{"self":[{"href":"https:\/\/egyuttfejlodunk.hu\/index.php?rest_route=\/wp\/v2\/posts\/5390","targetHints":{"allow":["GET"]}}],"collection":[{"href":"https:\/\/egyuttfejlodunk.hu\/index.php?rest_route=\/wp\/v2\/posts"}],"about":[{"href":"https:\/\/egyuttfejlodunk.hu\/index.php?rest_route=\/wp\/v2\/types\/post"}],"author":[{"embeddable":true,"href":"https:\/\/egyuttfejlodunk.hu\/index.php?rest_route=\/wp\/v2\/users\/17"}],"replies":[{"embeddable":true,"href":"https:\/\/egyuttfejlodunk.hu\/index.php?rest_route=%2Fwp%2Fv2%2Fcomments&post=5390"}],"version-history":[{"count":2,"href":"https:\/\/egyuttfejlodunk.hu\/index.php?rest_route=\/wp\/v2\/posts\/5390\/revisions"}],"predecessor-version":[{"id":5408,"href":"https:\/\/egyuttfejlodunk.hu\/index.php?rest_route=\/wp\/v2\/posts\/5390\/revisions\/5408"}],"wp:featuredmedia":[{"embeddable":true,"href":"https:\/\/egyuttfejlodunk.hu\/index.php?rest_route=\/wp\/v2\/media\/5393"}],"wp:attachment":[{"href":"https:\/\/egyuttfejlodunk.hu\/index.php?rest_route=%2Fwp%2Fv2%2Fmedia&parent=5390"}],"wp:term":[{"taxonomy":"category","embeddable":true,"href":"https:\/\/egyuttfejlodunk.hu\/index.php?rest_route=%2Fwp%2Fv2%2Fcategories&post=5390"},{"taxonomy":"post_tag","embeddable":true,"href":"https:\/\/egyuttfejlodunk.hu\/index.php?rest_route=%2Fwp%2Fv2%2Ftags&post=5390"},{"taxonomy":"megye","embeddable":true,"href":"https:\/\/egyuttfejlodunk.hu\/index.php?rest_route=%2Fwp%2Fv2%2Fmegye&post=5390"}],"curies":[{"name":"wp","href":"https:\/\/api.w.org\/{rel}","templated":true}]}}