{"id":5492,"date":"2024-06-24T10:54:43","date_gmt":"2024-06-24T08:54:43","guid":{"rendered":"https:\/\/fejlesztesihirek.hu\/?p=5492"},"modified":"2026-09-01T14:44:13","modified_gmt":"2026-09-01T12:44:13","slug":"vedelmi-es-rehabilitacios-intezkedesek-a-mosoni-dunan","status":"publish","type":"post","link":"https:\/\/egyuttfejlodunk.hu\/vedelmi-es-rehabilitacios-intezkedesek-a-mosoni-dunan\/","title":{"rendered":"V\u00e9delmi \u00e9s rehabilit\u00e1ci\u00f3s int\u00e9zked\u00e9sek a Mosoni-Dun\u00e1n"},"content":{"rendered":"<p><strong>Az Orsz\u00e1gos V\u00edz\u00fcgyi Igazgat\u00f3s\u00e1g a K\u00f6rnyezeti \u00e9s Energiahat\u00e9konys\u00e1gi Operat\u00edv Program t\u00e1mogat\u00e1s\u00e1val val\u00f3sult meg a <em>Mosoni-Duna torkolati szakasz\u00e1nak v\u00edzszint rehabilit\u00e1ci\u00f3ja<\/em>. A bonyolultnak t\u0171n\u0151, \u00e9s laikusok sz\u00e1m\u00e1ra nehezebben \u00e9rtelmezhet\u0151 projektc\u00edm m\u00f6g\u00f6tt azonban igen fontos eredm\u00e9nyek h\u00faz\u00f3dnak meg: a lakoss\u00e1g v\u00e9delme, valamint a term\u00e9szetes \u00e9l\u0151helyek meg\u0151rz\u00e9se \u00e9s helyre\u00e1ll\u00edt\u00e1sa. <\/strong><\/p>\n<p>A Dun\u00e1n kialakult jelent\u0151s meders\u00fcllyed\u00e9s \u00e9s a kl\u00edmav\u00e1ltoz\u00e1s \u00e1ltal okozott \u00e1rv\u00edzszint-emelked\u00e9s komoly kih\u00edv\u00e1st jelent a t\u00e9rs\u00e9g sz\u00e1m\u00e1ra. A k\u00e1rokoz\u00e1s cs\u00f6kkent\u00e9se \u00e9rdek\u00e9ben \u00e1tfog\u00f3 fejleszt\u00e9seket hajtottak v\u00e9gre a Mosoni-Duna als\u00f3 szakasz\u00e1n, amely nemcsak a k\u00f6zvetlen v\u00e9delemre, hanem a hossz\u00fa t\u00e1v\u00fa fenntarthat\u00f3s\u00e1gra is \u00f6sszpontos\u00edt.<\/p>\n<p>A fejleszt\u00e9s a Mosoni-Duna als\u00f3 szakasz\u00e1n a kis- \u00e9s k\u00f6zepes v\u00edzszintek megemel\u00e9s\u00e9re, illetve a Duna megt\u00e1maszt\u00f3 hat\u00e1s\u00e1nak megfelel\u0151 torkolati v\u00edzszint vissza\u00e1ll\u00edt\u00e1s\u00e1ra ir\u00e1nyult, ez\u00e1ltal lehet\u0151v\u00e9 v\u00e1lt a vizes \u00e9l\u0151helyek rehabilit\u00e1ci\u00f3ja. A fenti c\u00e9lok el\u00e9r\u00e9s\u00e9hez sz\u00fcks\u00e9g volt egy komplex m\u0171t\u00e1rgy kialak\u00edt\u00e1s\u00e1ra, amely az \u00e1rv\u00edzkapu funkci\u00f3t is biztos\u00edt\u00f3 v\u00edzszintszab\u00e1lyoz\u00f3 m\u0171b\u0151l, haj\u00f3zsilipb\u0151l, \u00e9s a Mosoni-Duna hosszir\u00e1ny\u00fa \u00f6kol\u00f3giai \u00e1tj\u00e1rhat\u00f3s\u00e1g\u00e1t \u2013 vagyis a v\u00edzi \u00e9l\u0151l\u00e9nyeg v\u00e1ndorl\u00e1s\u00e1t &#8211; biztos\u00edt\u00f3 l\u00e9tes\u00edtm\u00e9nyb\u0151l, \u00fagynevezett hall\u00e9pcs\u0151b\u0151l \u00e1ll. Az \u00fczemel\u00e9si, fenntart\u00e1si munk\u00e1k elv\u00e9gz\u00e9s\u00e9hez a m\u0171t\u00e1rgy f\u00f6l\u00f6tt \u00fczemi h\u00edd, a haj\u00f3zsilip mellett pedig k\u00e9tszintes kezel\u0151\u00e9p\u00fclet l\u00e9tes\u00fclt. A projekt keret\u00e9ben \u00e1thelyezt\u00e9k a Mosoni-Duna torkolat\u00e1t, mely r\u00e9szben a Farkas\u00fasztat\u00f3i \u00e1gon, r\u00e9szben pedig a Torda-szigeten kereszt\u00fcl, a kor\u00e1bbi torkolat felett mintegy m\u00e1sf\u00e9l kilom\u00e9terrel feljebb vezeti a Mosoni-Duna viz\u00e9t a Dun\u00e1ba, a kor\u00e1bbi medret pedig a Gy\u0151r G\u00f6ny\u0171 Orsz\u00e1gos K\u00f6zforgalm\u00fa Kik\u00f6t\u0151 felett t\u00f6lt\u00f6tt\u00e9k \u00e1t.<\/p>\n<p>A fejleszt\u00e9sek p\u00e9ldamutat\u00f3ak abban, hogyan lehet \u00f6tv\u00f6zni az \u00e1rv\u00edzv\u00e9delem \u00e9s a term\u00e9szetv\u00e9delem szempontjait. A komplex m\u0171t\u00e1rgy kialak\u00edt\u00e1sa, a torkolat \u00e1thelyez\u00e9se \u00e9s a vizes \u00e9l\u0151helyek rehabilit\u00e1ci\u00f3ja mind hozz\u00e1j\u00e1rulnak ahhoz, hogy a t\u00e9rs\u00e9g hossz\u00fa t\u00e1von is fenntarthat\u00f3 \u00e9s biztons\u00e1gos maradjon. A projekt nemcsak a helyi k\u00f6z\u00f6ss\u00e9g, hanem a term\u00e9szet sz\u00e1m\u00e1ra is jelent\u0151s el\u0151ny\u00f6kkel j\u00e1r, biztos\u00edtva a Mosoni-Duna \u00f6kol\u00f3giai \u00e9s gazdas\u00e1gi \u00e9rt\u00e9keinek meg\u0151rz\u00e9s\u00e9t.<\/p>\n<p>ngg_shortcode_0_placeholderA program a KEHOP-1.3.0-15-2016-00012 projekt keret\u00e9ben, eur\u00f3pai uni\u00f3s forr\u00e1s bevon\u00e1s\u00e1val val\u00f3sulhatott meg.<\/p>\n<p>Tov\u00e1bbi r\u00e9szletek a t\u00e1mogatott projekt keres\u0151ben:<a class=\"tovabb\" href=\"https:\/\/www.palyazat.gov.hu\/eredmenyek\/tamogatott-projektek\/325100201\" target=\"_blank\" rel=\"noopener\">Tov\u00e1bb<\/a><\/p>\n","protected":false},"excerpt":{"rendered":"<p>Az Orsz\u00e1gos V\u00edz\u00fcgyi Igazgat\u00f3s\u00e1g a K\u00f6rnyezeti \u00e9s Energiahat\u00e9konys\u00e1gi Operat\u00edv Program t\u00e1mogat\u00e1s\u00e1val val\u00f3sult meg a Mosoni-Duna torkolati szakasz\u00e1nak v\u00edzszint rehabilit\u00e1ci\u00f3ja. A bonyolultnak t\u0171n\u0151, \u00e9s laikusok sz\u00e1m\u00e1ra nehezebben \u00e9rtelmezhet\u0151 projektc\u00edm m\u00f6g\u00f6tt azonban igen fontos eredm\u00e9nyek h\u00faz\u00f3dnak meg: a lakoss\u00e1g v\u00e9delme, valamint a term\u00e9szetes \u00e9l\u0151helyek meg\u0151rz\u00e9se \u00e9s helyre\u00e1ll\u00edt\u00e1sa. A Dun\u00e1n kialakult jelent\u0151s meders\u00fcllyed\u00e9s \u00e9s a kl\u00edmav\u00e1ltoz\u00e1s \u00e1ltal okozott \u00e1rv\u00edzszint-emelked\u00e9s komoly kih\u00edv\u00e1st jelent a t\u00e9rs\u00e9g sz\u00e1m\u00e1ra. A k\u00e1rokoz\u00e1s cs\u00f6kkent\u00e9se \u00e9rdek\u00e9ben \u00e1tfog\u00f3 fejleszt\u00e9seket hajtottak v\u00e9gre a Mosoni-Duna als\u00f3 szakasz\u00e1n, amely&#8230;<\/p>\n","protected":false},"author":17,"featured_media":5495,"comment_status":"closed","ping_status":"closed","sticky":false,"template":"","format":"standard","meta":{"_acf_changed":false,"ngg_post_thumbnail":0,"footnotes":""},"categories":[162],"tags":[433,190,306],"megye":[1122],"class_list":["post-5492","post","type-post","status-publish","format-standard","has-post-thumbnail","hentry","category-kehop-hu","tag-infrastrukturalis-fejlesztes","tag-kornyezetvedelem-hu","tag-vizgazdalkodas","megye-gyor-moson-sopron-megye"],"acf":[],"yoast_head":"<!-- This site is optimized with the Yoast SEO Premium plugin v28.4 (Yoast SEO v28.4) - https:\/\/yoast.com\/product\/yoast-seo-premium-wordpress\/ -->\n<title>V\u00e9delmi \u00e9s rehabilit\u00e1ci\u00f3s int\u00e9zked\u00e9sek a Mosoni-Dun\u00e1n - Egy\u00fctt fejl\u0151d\u00fcnk<\/title>\n<meta name=\"robots\" content=\"noindex, follow, max-snippet:-1, max-image-preview:large, max-video-preview:-1\" \/>\n<meta property=\"og:locale\" content=\"hu_HU\" \/>\n<meta property=\"og:type\" content=\"article\" \/>\n<meta property=\"og:title\" content=\"V\u00e9delmi \u00e9s rehabilit\u00e1ci\u00f3s int\u00e9zked\u00e9sek a Mosoni-Dun\u00e1n\" \/>\n<meta property=\"og:description\" content=\"Az Orsz\u00e1gos V\u00edz\u00fcgyi Igazgat\u00f3s\u00e1g a K\u00f6rnyezeti \u00e9s Energiahat\u00e9konys\u00e1gi Operat\u00edv Program t\u00e1mogat\u00e1s\u00e1val val\u00f3sult meg a Mosoni-Duna torkolati szakasz\u00e1nak v\u00edzszint rehabilit\u00e1ci\u00f3ja. A bonyolultnak t\u0171n\u0151, \u00e9s laikusok sz\u00e1m\u00e1ra nehezebben \u00e9rtelmezhet\u0151 projektc\u00edm m\u00f6g\u00f6tt azonban igen fontos eredm\u00e9nyek h\u00faz\u00f3dnak meg: a lakoss\u00e1g v\u00e9delme, valamint a term\u00e9szetes \u00e9l\u0151helyek meg\u0151rz\u00e9se \u00e9s helyre\u00e1ll\u00edt\u00e1sa. A Dun\u00e1n kialakult jelent\u0151s meders\u00fcllyed\u00e9s \u00e9s a kl\u00edmav\u00e1ltoz\u00e1s \u00e1ltal okozott \u00e1rv\u00edzszint-emelked\u00e9s komoly kih\u00edv\u00e1st jelent a t\u00e9rs\u00e9g sz\u00e1m\u00e1ra. A k\u00e1rokoz\u00e1s cs\u00f6kkent\u00e9se \u00e9rdek\u00e9ben \u00e1tfog\u00f3 fejleszt\u00e9seket hajtottak v\u00e9gre a Mosoni-Duna als\u00f3 szakasz\u00e1n, amely...\" \/>\n<meta property=\"og:url\" content=\"https:\/\/egyuttfejlodunk.hu\/vedelmi-es-rehabilitacios-intezkedesek-a-mosoni-dunan\/\" \/>\n<meta property=\"og:site_name\" content=\"Egy\u00fctt fejl\u0151d\u00fcnk\" \/>\n<meta property=\"article:published_time\" content=\"2024-06-24T08:54:43+00:00\" \/>\n<meta property=\"article:modified_time\" content=\"2026-09-01T12:44:13+00:00\" \/>\n<meta property=\"og:image\" content=\"https:\/\/egyuttfejlodunk.hu\/wp-content\/uploads\/2024\/06\/DJI_0057-1.jpg\" \/>\n\t<meta property=\"og:image:width\" content=\"1920\" \/>\n\t<meta property=\"og:image:height\" content=\"959\" \/>\n\t<meta property=\"og:image:type\" content=\"image\/jpeg\" \/>\n<meta name=\"author\" content=\"B\u00e1cskai Gabriella\" \/>\n<meta name=\"twitter:card\" content=\"summary_large_image\" \/>\n<meta name=\"twitter:label1\" content=\"Szerz\u0151:\" \/>\n\t<meta name=\"twitter:data1\" content=\"B\u00e1cskai Gabriella\" \/>\n\t<meta name=\"twitter:label2\" content=\"Becs\u00fclt olvas\u00e1si id\u0151\" \/>\n\t<meta name=\"twitter:data2\" content=\"2 perc\" \/>\n<script type=\"application\/ld+json\" class=\"yoast-schema-graph\">{\"@context\":\"https:\\\/\\\/schema.org\",\"@graph\":[{\"@type\":\"Article\",\"@id\":\"https:\\\/\\\/egyuttfejlodunk.hu\\\/vedelmi-es-rehabilitacios-intezkedesek-a-mosoni-dunan\\\/#article\",\"isPartOf\":{\"@id\":\"https:\\\/\\\/egyuttfejlodunk.hu\\\/vedelmi-es-rehabilitacios-intezkedesek-a-mosoni-dunan\\\/\"},\"author\":{\"name\":\"B\u00e1cskai Gabriella\",\"@id\":\"https:\\\/\\\/egyuttfejlodunk.hu\\\/#\\\/schema\\\/person\\\/74d5e3661b874eed1958599cd4ca7bbd\"},\"headline\":\"V\u00e9delmi \u00e9s rehabilit\u00e1ci\u00f3s int\u00e9zked\u00e9sek a Mosoni-Dun\u00e1n\",\"datePublished\":\"2024-06-24T08:54:43+00:00\",\"dateModified\":\"2026-09-01T12:44:13+00:00\",\"mainEntityOfPage\":{\"@id\":\"https:\\\/\\\/egyuttfejlodunk.hu\\\/vedelmi-es-rehabilitacios-intezkedesek-a-mosoni-dunan\\\/\"},\"wordCount\":529,\"publisher\":{\"@id\":\"https:\\\/\\\/egyuttfejlodunk.hu\\\/#organization\"},\"image\":{\"@id\":\"https:\\\/\\\/egyuttfejlodunk.hu\\\/vedelmi-es-rehabilitacios-intezkedesek-a-mosoni-dunan\\\/#primaryimage\"},\"thumbnailUrl\":\"https:\\\/\\\/egyuttfejlodunk.hu\\\/wp-content\\\/uploads\\\/2024\\\/06\\\/DJI_0057-1.jpg\",\"keywords\":[\"infrastruktur\u00e1lis fejleszt\u00e9s\",\"K\u00f6rnyezetv\u00e9delem\",\"v\u00edzgazd\u00e1lkod\u00e1s\"],\"articleSection\":[\"Kehop\"],\"inLanguage\":\"hu\"},{\"@type\":\"WebPage\",\"@id\":\"https:\\\/\\\/egyuttfejlodunk.hu\\\/vedelmi-es-rehabilitacios-intezkedesek-a-mosoni-dunan\\\/\",\"url\":\"https:\\\/\\\/egyuttfejlodunk.hu\\\/vedelmi-es-rehabilitacios-intezkedesek-a-mosoni-dunan\\\/\",\"name\":\"V\u00e9delmi \u00e9s rehabilit\u00e1ci\u00f3s int\u00e9zked\u00e9sek a Mosoni-Dun\u00e1n - Egy\u00fctt fejl\u0151d\u00fcnk\",\"isPartOf\":{\"@id\":\"https:\\\/\\\/egyuttfejlodunk.hu\\\/#website\"},\"primaryImageOfPage\":{\"@id\":\"https:\\\/\\\/egyuttfejlodunk.hu\\\/vedelmi-es-rehabilitacios-intezkedesek-a-mosoni-dunan\\\/#primaryimage\"},\"image\":{\"@id\":\"https:\\\/\\\/egyuttfejlodunk.hu\\\/vedelmi-es-rehabilitacios-intezkedesek-a-mosoni-dunan\\\/#primaryimage\"},\"thumbnailUrl\":\"https:\\\/\\\/egyuttfejlodunk.hu\\\/wp-content\\\/uploads\\\/2024\\\/06\\\/DJI_0057-1.jpg\",\"datePublished\":\"2024-06-24T08:54:43+00:00\",\"dateModified\":\"2026-09-01T12:44:13+00:00\",\"breadcrumb\":{\"@id\":\"https:\\\/\\\/egyuttfejlodunk.hu\\\/vedelmi-es-rehabilitacios-intezkedesek-a-mosoni-dunan\\\/#breadcrumb\"},\"inLanguage\":\"hu\",\"potentialAction\":[{\"@type\":\"ReadAction\",\"target\":[\"https:\\\/\\\/egyuttfejlodunk.hu\\\/vedelmi-es-rehabilitacios-intezkedesek-a-mosoni-dunan\\\/\"]}]},{\"@type\":\"ImageObject\",\"inLanguage\":\"hu\",\"@id\":\"https:\\\/\\\/egyuttfejlodunk.hu\\\/vedelmi-es-rehabilitacios-intezkedesek-a-mosoni-dunan\\\/#primaryimage\",\"url\":\"https:\\\/\\\/egyuttfejlodunk.hu\\\/wp-content\\\/uploads\\\/2024\\\/06\\\/DJI_0057-1.jpg\",\"contentUrl\":\"https:\\\/\\\/egyuttfejlodunk.hu\\\/wp-content\\\/uploads\\\/2024\\\/06\\\/DJI_0057-1.jpg\",\"width\":1920,\"height\":959},{\"@type\":\"BreadcrumbList\",\"@id\":\"https:\\\/\\\/egyuttfejlodunk.hu\\\/vedelmi-es-rehabilitacios-intezkedesek-a-mosoni-dunan\\\/#breadcrumb\",\"itemListElement\":[{\"@type\":\"ListItem\",\"position\":1,\"name\":\"Home\",\"item\":\"https:\\\/\\\/egyuttfejlodunk.hu\\\/\"},{\"@type\":\"ListItem\",\"position\":2,\"name\":\"V\u00e9delmi \u00e9s rehabilit\u00e1ci\u00f3s int\u00e9zked\u00e9sek a Mosoni-Dun\u00e1n\"}]},{\"@type\":\"WebSite\",\"@id\":\"https:\\\/\\\/egyuttfejlodunk.hu\\\/#website\",\"url\":\"https:\\\/\\\/egyuttfejlodunk.hu\\\/\",\"name\":\"Egy\u00fctt fejl\u0151d\u00fcnk\",\"description\":\"\",\"publisher\":{\"@id\":\"https:\\\/\\\/egyuttfejlodunk.hu\\\/#organization\"},\"potentialAction\":[{\"@type\":\"SearchAction\",\"target\":{\"@type\":\"EntryPoint\",\"urlTemplate\":\"https:\\\/\\\/egyuttfejlodunk.hu\\\/?s={search_term_string}\"},\"query-input\":{\"@type\":\"PropertyValueSpecification\",\"valueRequired\":true,\"valueName\":\"search_term_string\"}}],\"inLanguage\":\"hu\"},{\"@type\":\"Organization\",\"@id\":\"https:\\\/\\\/egyuttfejlodunk.hu\\\/#organization\",\"name\":\"Egy\u00fctt fejl\u0151d\u00fcnk\",\"url\":\"https:\\\/\\\/egyuttfejlodunk.hu\\\/\",\"logo\":{\"@type\":\"ImageObject\",\"inLanguage\":\"hu\",\"@id\":\"https:\\\/\\\/egyuttfejlodunk.hu\\\/#\\\/schema\\\/logo\\\/image\\\/\",\"url\":\"https:\\\/\\\/egyuttfejlodunk.hu\\\/wp-content\\\/uploads\\\/2026\\\/04\\\/ujlogo.jpg\",\"contentUrl\":\"https:\\\/\\\/egyuttfejlodunk.hu\\\/wp-content\\\/uploads\\\/2026\\\/04\\\/ujlogo.jpg\",\"width\":350,\"height\":110,\"caption\":\"Egy\u00fctt fejl\u0151d\u00fcnk\"},\"image\":{\"@id\":\"https:\\\/\\\/egyuttfejlodunk.hu\\\/#\\\/schema\\\/logo\\\/image\\\/\"}},{\"@type\":\"Person\",\"@id\":\"https:\\\/\\\/egyuttfejlodunk.hu\\\/#\\\/schema\\\/person\\\/74d5e3661b874eed1958599cd4ca7bbd\",\"name\":\"B\u00e1cskai Gabriella\"}]}<\/script>\n<!-- \/ Yoast SEO Premium plugin. -->","yoast_head_json":{"title":"V\u00e9delmi \u00e9s rehabilit\u00e1ci\u00f3s int\u00e9zked\u00e9sek a Mosoni-Dun\u00e1n - Egy\u00fctt fejl\u0151d\u00fcnk","robots":{"index":"noindex","follow":"follow","max-snippet":"max-snippet:-1","max-image-preview":"max-image-preview:large","max-video-preview":"max-video-preview:-1"},"og_locale":"hu_HU","og_type":"article","og_title":"V\u00e9delmi \u00e9s rehabilit\u00e1ci\u00f3s int\u00e9zked\u00e9sek a Mosoni-Dun\u00e1n","og_description":"Az Orsz\u00e1gos V\u00edz\u00fcgyi Igazgat\u00f3s\u00e1g a K\u00f6rnyezeti \u00e9s Energiahat\u00e9konys\u00e1gi Operat\u00edv Program t\u00e1mogat\u00e1s\u00e1val val\u00f3sult meg a Mosoni-Duna torkolati szakasz\u00e1nak v\u00edzszint rehabilit\u00e1ci\u00f3ja. A bonyolultnak t\u0171n\u0151, \u00e9s laikusok sz\u00e1m\u00e1ra nehezebben \u00e9rtelmezhet\u0151 projektc\u00edm m\u00f6g\u00f6tt azonban igen fontos eredm\u00e9nyek h\u00faz\u00f3dnak meg: a lakoss\u00e1g v\u00e9delme, valamint a term\u00e9szetes \u00e9l\u0151helyek meg\u0151rz\u00e9se \u00e9s helyre\u00e1ll\u00edt\u00e1sa. A Dun\u00e1n kialakult jelent\u0151s meders\u00fcllyed\u00e9s \u00e9s a kl\u00edmav\u00e1ltoz\u00e1s \u00e1ltal okozott \u00e1rv\u00edzszint-emelked\u00e9s komoly kih\u00edv\u00e1st jelent a t\u00e9rs\u00e9g sz\u00e1m\u00e1ra. A k\u00e1rokoz\u00e1s cs\u00f6kkent\u00e9se \u00e9rdek\u00e9ben \u00e1tfog\u00f3 fejleszt\u00e9seket hajtottak v\u00e9gre a Mosoni-Duna als\u00f3 szakasz\u00e1n, amely...","og_url":"https:\/\/egyuttfejlodunk.hu\/vedelmi-es-rehabilitacios-intezkedesek-a-mosoni-dunan\/","og_site_name":"Egy\u00fctt fejl\u0151d\u00fcnk","article_published_time":"2024-06-24T08:54:43+00:00","article_modified_time":"2026-09-01T12:44:13+00:00","og_image":[{"width":1920,"height":959,"url":"https:\/\/egyuttfejlodunk.hu\/wp-content\/uploads\/2024\/06\/DJI_0057-1.jpg","type":"image\/jpeg"}],"author":"B\u00e1cskai Gabriella","twitter_card":"summary_large_image","twitter_misc":{"Szerz\u0151:":"B\u00e1cskai Gabriella","Becs\u00fclt olvas\u00e1si id\u0151":"2 perc"},"schema":{"@context":"https:\/\/schema.org","@graph":[{"@type":"Article","@id":"https:\/\/egyuttfejlodunk.hu\/vedelmi-es-rehabilitacios-intezkedesek-a-mosoni-dunan\/#article","isPartOf":{"@id":"https:\/\/egyuttfejlodunk.hu\/vedelmi-es-rehabilitacios-intezkedesek-a-mosoni-dunan\/"},"author":{"name":"B\u00e1cskai Gabriella","@id":"https:\/\/egyuttfejlodunk.hu\/#\/schema\/person\/74d5e3661b874eed1958599cd4ca7bbd"},"headline":"V\u00e9delmi \u00e9s rehabilit\u00e1ci\u00f3s int\u00e9zked\u00e9sek a Mosoni-Dun\u00e1n","datePublished":"2024-06-24T08:54:43+00:00","dateModified":"2026-09-01T12:44:13+00:00","mainEntityOfPage":{"@id":"https:\/\/egyuttfejlodunk.hu\/vedelmi-es-rehabilitacios-intezkedesek-a-mosoni-dunan\/"},"wordCount":529,"publisher":{"@id":"https:\/\/egyuttfejlodunk.hu\/#organization"},"image":{"@id":"https:\/\/egyuttfejlodunk.hu\/vedelmi-es-rehabilitacios-intezkedesek-a-mosoni-dunan\/#primaryimage"},"thumbnailUrl":"https:\/\/egyuttfejlodunk.hu\/wp-content\/uploads\/2024\/06\/DJI_0057-1.jpg","keywords":["infrastruktur\u00e1lis fejleszt\u00e9s","K\u00f6rnyezetv\u00e9delem","v\u00edzgazd\u00e1lkod\u00e1s"],"articleSection":["Kehop"],"inLanguage":"hu"},{"@type":"WebPage","@id":"https:\/\/egyuttfejlodunk.hu\/vedelmi-es-rehabilitacios-intezkedesek-a-mosoni-dunan\/","url":"https:\/\/egyuttfejlodunk.hu\/vedelmi-es-rehabilitacios-intezkedesek-a-mosoni-dunan\/","name":"V\u00e9delmi \u00e9s rehabilit\u00e1ci\u00f3s int\u00e9zked\u00e9sek a Mosoni-Dun\u00e1n - Egy\u00fctt fejl\u0151d\u00fcnk","isPartOf":{"@id":"https:\/\/egyuttfejlodunk.hu\/#website"},"primaryImageOfPage":{"@id":"https:\/\/egyuttfejlodunk.hu\/vedelmi-es-rehabilitacios-intezkedesek-a-mosoni-dunan\/#primaryimage"},"image":{"@id":"https:\/\/egyuttfejlodunk.hu\/vedelmi-es-rehabilitacios-intezkedesek-a-mosoni-dunan\/#primaryimage"},"thumbnailUrl":"https:\/\/egyuttfejlodunk.hu\/wp-content\/uploads\/2024\/06\/DJI_0057-1.jpg","datePublished":"2024-06-24T08:54:43+00:00","dateModified":"2026-09-01T12:44:13+00:00","breadcrumb":{"@id":"https:\/\/egyuttfejlodunk.hu\/vedelmi-es-rehabilitacios-intezkedesek-a-mosoni-dunan\/#breadcrumb"},"inLanguage":"hu","potentialAction":[{"@type":"ReadAction","target":["https:\/\/egyuttfejlodunk.hu\/vedelmi-es-rehabilitacios-intezkedesek-a-mosoni-dunan\/"]}]},{"@type":"ImageObject","inLanguage":"hu","@id":"https:\/\/egyuttfejlodunk.hu\/vedelmi-es-rehabilitacios-intezkedesek-a-mosoni-dunan\/#primaryimage","url":"https:\/\/egyuttfejlodunk.hu\/wp-content\/uploads\/2024\/06\/DJI_0057-1.jpg","contentUrl":"https:\/\/egyuttfejlodunk.hu\/wp-content\/uploads\/2024\/06\/DJI_0057-1.jpg","width":1920,"height":959},{"@type":"BreadcrumbList","@id":"https:\/\/egyuttfejlodunk.hu\/vedelmi-es-rehabilitacios-intezkedesek-a-mosoni-dunan\/#breadcrumb","itemListElement":[{"@type":"ListItem","position":1,"name":"Home","item":"https:\/\/egyuttfejlodunk.hu\/"},{"@type":"ListItem","position":2,"name":"V\u00e9delmi \u00e9s rehabilit\u00e1ci\u00f3s int\u00e9zked\u00e9sek a Mosoni-Dun\u00e1n"}]},{"@type":"WebSite","@id":"https:\/\/egyuttfejlodunk.hu\/#website","url":"https:\/\/egyuttfejlodunk.hu\/","name":"Egy\u00fctt fejl\u0151d\u00fcnk","description":"","publisher":{"@id":"https:\/\/egyuttfejlodunk.hu\/#organization"},"potentialAction":[{"@type":"SearchAction","target":{"@type":"EntryPoint","urlTemplate":"https:\/\/egyuttfejlodunk.hu\/?s={search_term_string}"},"query-input":{"@type":"PropertyValueSpecification","valueRequired":true,"valueName":"search_term_string"}}],"inLanguage":"hu"},{"@type":"Organization","@id":"https:\/\/egyuttfejlodunk.hu\/#organization","name":"Egy\u00fctt fejl\u0151d\u00fcnk","url":"https:\/\/egyuttfejlodunk.hu\/","logo":{"@type":"ImageObject","inLanguage":"hu","@id":"https:\/\/egyuttfejlodunk.hu\/#\/schema\/logo\/image\/","url":"https:\/\/egyuttfejlodunk.hu\/wp-content\/uploads\/2026\/04\/ujlogo.jpg","contentUrl":"https:\/\/egyuttfejlodunk.hu\/wp-content\/uploads\/2026\/04\/ujlogo.jpg","width":350,"height":110,"caption":"Egy\u00fctt fejl\u0151d\u00fcnk"},"image":{"@id":"https:\/\/egyuttfejlodunk.hu\/#\/schema\/logo\/image\/"}},{"@type":"Person","@id":"https:\/\/egyuttfejlodunk.hu\/#\/schema\/person\/74d5e3661b874eed1958599cd4ca7bbd","name":"B\u00e1cskai Gabriella"}]}},"_links":{"self":[{"href":"https:\/\/egyuttfejlodunk.hu\/wp-json\/wp\/v2\/posts\/5492","targetHints":{"allow":["GET"]}}],"collection":[{"href":"https:\/\/egyuttfejlodunk.hu\/wp-json\/wp\/v2\/posts"}],"about":[{"href":"https:\/\/egyuttfejlodunk.hu\/wp-json\/wp\/v2\/types\/post"}],"author":[{"embeddable":true,"href":"https:\/\/egyuttfejlodunk.hu\/wp-json\/wp\/v2\/users\/17"}],"replies":[{"embeddable":true,"href":"https:\/\/egyuttfejlodunk.hu\/wp-json\/wp\/v2\/comments?post=5492"}],"version-history":[{"count":4,"href":"https:\/\/egyuttfejlodunk.hu\/wp-json\/wp\/v2\/posts\/5492\/revisions"}],"predecessor-version":[{"id":12267,"href":"https:\/\/egyuttfejlodunk.hu\/wp-json\/wp\/v2\/posts\/5492\/revisions\/12267"}],"wp:featuredmedia":[{"embeddable":true,"href":"https:\/\/egyuttfejlodunk.hu\/wp-json\/wp\/v2\/media\/5495"}],"wp:attachment":[{"href":"https:\/\/egyuttfejlodunk.hu\/wp-json\/wp\/v2\/media?parent=5492"}],"wp:term":[{"taxonomy":"category","embeddable":true,"href":"https:\/\/egyuttfejlodunk.hu\/wp-json\/wp\/v2\/categories?post=5492"},{"taxonomy":"post_tag","embeddable":true,"href":"https:\/\/egyuttfejlodunk.hu\/wp-json\/wp\/v2\/tags?post=5492"},{"taxonomy":"megye","embeddable":true,"href":"https:\/\/egyuttfejlodunk.hu\/wp-json\/wp\/v2\/megye?post=5492"}],"curies":[{"name":"wp","href":"https:\/\/api.w.org\/{rel}","templated":true}]}}