{"id":7315,"date":"2025-02-19T14:11:41","date_gmt":"2025-02-19T13:11:41","guid":{"rendered":"https:\/\/teszt.s152.mediacenter.hu\/egyuttfejlodunk\/?p=7315"},"modified":"2025-02-17T13:04:04","modified_gmt":"2025-02-17T12:04:04","slug":"the-importance-of-the-hungarian-grey-cattle-in-the-biodiversity-of-bukk-national-park","status":"publish","type":"post","link":"https:\/\/egyuttfejlodunk.hu\/en\/the-importance-of-the-hungarian-grey-cattle-in-the-biodiversity-of-bukk-national-park\/","title":{"rendered":"With Hungarian Grey Cattle for Biodiversity in the B\u00fckk National Park"},"content":{"rendered":"<p><strong>Whenever the topic of Hungarian grey cattle arises, Hortob\u00e1gy and its renowned plains frequently spring to mind. However, this distinctive breed is not limited to these plains \u2013 a herd of 120 individuals lives in the Southern Heves Region. The enhancement of conditions and prospects for their maintenance, facilitated by European Union support, is of paramount importance for the preservation of the breed and the preservation of biodiversity.<\/strong><\/p>\n<p>The Southern Heves Region occupies a special place on Hungary&#8217;s conservation map not only due to the beauty of its landscape but also because of its commitment to environmentally conscious farming. The region has been at the forefront of applying sustainable conservation and farming practices for years. The various initiatives of the directorate, such as the cultivation of crops for bustard conservation and the grazing of grasslands, are closely aligned with the preservation of the ecologic balance of the region. In this regard, the continuously expanding herd of Hungarian grey cattle plays an important role. The animals contribute to preserving the natural vegetation and the local ecosystem through grazing while also helping to enrich the landscape structurally.<\/p>\n<p>The development of a courtyard-like building complex necessary for the winter housing of animals, the storage of machinery and feed, and the accommodation of workers has been realized in the EU project. In addition to the stables and pens for the safe housing and care of the animals, the facilities for storing and maintaining machinery also assist the farmers in their work. The new feed and crop storage facilities ensure the uninterrupted winter feed supply for the animals. The development has improved farm efficiency, making the working conditions more comfortable for the professionals, thereby creating a better work environment.<\/p>\n<p>The Hungarian grey cattle is not only a heritage of the past but also a key player in the present and future of the region. The developments ensured by the project make it possible for the goals of nature conservation and farming to remain in balance while the Southern Heves Region builds a sustainable future based on the region&#8217;s rich natural heritage.<\/p>\n<p><img fetchpriority=\"high\" decoding=\"async\" class=\"alignnone size-medium wp-image-7303\" src=\"https:\/\/egyuttfejlodunk.hu\/wp-content\/uploads\/2025\/02\/00029_01_93794744-640x360.jpg\" alt=\"\" width=\"640\" height=\"360\" srcset=\"https:\/\/egyuttfejlodunk.hu\/wp-content\/uploads\/2025\/02\/00029_01_93794744-640x360.jpg 640w, https:\/\/egyuttfejlodunk.hu\/wp-content\/uploads\/2025\/02\/00029_01_93794744-1280x720.jpg 1280w, https:\/\/egyuttfejlodunk.hu\/wp-content\/uploads\/2025\/02\/00029_01_93794744-768x432.jpg 768w, https:\/\/egyuttfejlodunk.hu\/wp-content\/uploads\/2025\/02\/00029_01_93794744-1536x864.jpg 1536w, https:\/\/egyuttfejlodunk.hu\/wp-content\/uploads\/2025\/02\/00029_01_93794744-2048x1152.jpg 2048w, https:\/\/egyuttfejlodunk.hu\/wp-content\/uploads\/2025\/02\/00029_01_93794744-320x180.jpg 320w\" sizes=\"(max-width: 640px) 100vw, 640px\" \/><\/p>\n<p>The development was implemented from EU funding in the project KEHOP-4.1.0-15-2016-00029 under the Environmental and Energy Efficiency Operational Programme.<\/p>\n<p>Find out more about the project in the Project Finder:<a class=\"tovabb\" href=\"https:\/\/www.palyazat.gov.hu\/eredmenyek\/tamogatott-projektek\/719970201\" target=\"_blank\" rel=\"noopener\">Details<\/a><\/p>\n","protected":false},"excerpt":{"rendered":"<p>Whenever the topic of Hungarian grey cattle arises, Hortob\u00e1gy and its renowned plains frequently spring to mind. However, this distinctive breed is not limited to these plains \u2013 a herd of 120 individuals lives in the Southern Heves Region. The enhancement of conditions and prospects for their maintenance, facilitated by European Union support, is of paramount importance for the preservation of the breed and the preservation of biodiversity. The Southern Heves Region occupies a special&#8230;<\/p>\n","protected":false},"author":17,"featured_media":7308,"comment_status":"closed","ping_status":"closed","sticky":false,"template":"","format":"image","meta":{"_acf_changed":false,"ngg_post_thumbnail":0,"footnotes":""},"categories":[358],"tags":[],"megye":[],"class_list":["post-7315","post","type-post","status-publish","format-image","has-post-thumbnail","hentry","category-kehop-en","post_format-post-format-image"],"acf":[],"yoast_head":"<!-- This site is optimized with the Yoast SEO Premium plugin v28.4 (Yoast SEO v28.4) - https:\/\/yoast.com\/product\/yoast-seo-premium-wordpress\/ -->\n<title>With Hungarian Grey Cattle for Biodiversity in the B\u00fckk National Park - Egy\u00fctt fejl\u0151d\u00fcnk<\/title>\n<meta name=\"robots\" content=\"noindex, follow, max-snippet:-1, max-image-preview:large, max-video-preview:-1\" \/>\n<meta property=\"og:locale\" content=\"hu_HU\" \/>\n<meta property=\"og:type\" content=\"article\" \/>\n<meta property=\"og:title\" content=\"With Hungarian Grey Cattle for Biodiversity in the B\u00fckk National Park\" \/>\n<meta property=\"og:description\" content=\"Whenever the topic of Hungarian grey cattle arises, Hortob\u00e1gy and its renowned plains frequently spring to mind. However, this distinctive breed is not limited to these plains \u2013 a herd of 120 individuals lives in the Southern Heves Region. The enhancement of conditions and prospects for their maintenance, facilitated by European Union support, is of paramount importance for the preservation of the breed and the preservation of biodiversity. The Southern Heves Region occupies a special...\" \/>\n<meta property=\"og:url\" content=\"https:\/\/egyuttfejlodunk.hu\/en\/the-importance-of-the-hungarian-grey-cattle-in-the-biodiversity-of-bukk-national-park\/\" \/>\n<meta property=\"og:site_name\" content=\"Egy\u00fctt fejl\u0151d\u00fcnk\" \/>\n<meta property=\"article:published_time\" content=\"2025-02-19T13:11:41+00:00\" \/>\n<meta property=\"og:image\" content=\"https:\/\/egyuttfejlodunk.hu\/wp-content\/uploads\/2025\/02\/00029_03_73728301-2.jpg\" \/>\n\t<meta property=\"og:image:width\" content=\"1920\" \/>\n\t<meta property=\"og:image:height\" content=\"855\" \/>\n\t<meta property=\"og:image:type\" content=\"image\/jpeg\" \/>\n<meta name=\"author\" content=\"B\u00e1cskai Gabriella\" \/>\n<meta name=\"twitter:card\" content=\"summary_large_image\" \/>\n<meta name=\"twitter:label1\" content=\"Szerz\u0151:\" \/>\n\t<meta name=\"twitter:data1\" content=\"B\u00e1cskai Gabriella\" \/>\n\t<meta name=\"twitter:label2\" content=\"Becs\u00fclt olvas\u00e1si id\u0151\" \/>\n\t<meta name=\"twitter:data2\" content=\"2 perc\" \/>\n<script type=\"application\/ld+json\" class=\"yoast-schema-graph\">{\"@context\":\"https:\\\/\\\/schema.org\",\"@graph\":[{\"@type\":\"Article\",\"@id\":\"https:\\\/\\\/egyuttfejlodunk.hu\\\/en\\\/the-importance-of-the-hungarian-grey-cattle-in-the-biodiversity-of-bukk-national-park\\\/#article\",\"isPartOf\":{\"@id\":\"https:\\\/\\\/egyuttfejlodunk.hu\\\/en\\\/the-importance-of-the-hungarian-grey-cattle-in-the-biodiversity-of-bukk-national-park\\\/\"},\"author\":{\"name\":\"B\u00e1cskai Gabriella\",\"@id\":\"https:\\\/\\\/egyuttfejlodunk.hu\\\/#\\\/schema\\\/person\\\/74d5e3661b874eed1958599cd4ca7bbd\"},\"headline\":\"With Hungarian Grey Cattle for Biodiversity in the B\u00fckk National Park\",\"datePublished\":\"2025-02-19T13:11:41+00:00\",\"mainEntityOfPage\":{\"@id\":\"https:\\\/\\\/egyuttfejlodunk.hu\\\/en\\\/the-importance-of-the-hungarian-grey-cattle-in-the-biodiversity-of-bukk-national-park\\\/\"},\"wordCount\":392,\"publisher\":{\"@id\":\"https:\\\/\\\/egyuttfejlodunk.hu\\\/#organization\"},\"image\":{\"@id\":\"https:\\\/\\\/egyuttfejlodunk.hu\\\/en\\\/the-importance-of-the-hungarian-grey-cattle-in-the-biodiversity-of-bukk-national-park\\\/#primaryimage\"},\"thumbnailUrl\":\"https:\\\/\\\/egyuttfejlodunk.hu\\\/wp-content\\\/uploads\\\/2025\\\/02\\\/00029_03_73728301-2.jpg\",\"articleSection\":[\"Kehop\"],\"inLanguage\":\"hu\"},{\"@type\":\"WebPage\",\"@id\":\"https:\\\/\\\/egyuttfejlodunk.hu\\\/en\\\/the-importance-of-the-hungarian-grey-cattle-in-the-biodiversity-of-bukk-national-park\\\/\",\"url\":\"https:\\\/\\\/egyuttfejlodunk.hu\\\/en\\\/the-importance-of-the-hungarian-grey-cattle-in-the-biodiversity-of-bukk-national-park\\\/\",\"name\":\"With Hungarian Grey Cattle for Biodiversity in the B\u00fckk National Park - Egy\u00fctt fejl\u0151d\u00fcnk\",\"isPartOf\":{\"@id\":\"https:\\\/\\\/egyuttfejlodunk.hu\\\/#website\"},\"primaryImageOfPage\":{\"@id\":\"https:\\\/\\\/egyuttfejlodunk.hu\\\/en\\\/the-importance-of-the-hungarian-grey-cattle-in-the-biodiversity-of-bukk-national-park\\\/#primaryimage\"},\"image\":{\"@id\":\"https:\\\/\\\/egyuttfejlodunk.hu\\\/en\\\/the-importance-of-the-hungarian-grey-cattle-in-the-biodiversity-of-bukk-national-park\\\/#primaryimage\"},\"thumbnailUrl\":\"https:\\\/\\\/egyuttfejlodunk.hu\\\/wp-content\\\/uploads\\\/2025\\\/02\\\/00029_03_73728301-2.jpg\",\"datePublished\":\"2025-02-19T13:11:41+00:00\",\"breadcrumb\":{\"@id\":\"https:\\\/\\\/egyuttfejlodunk.hu\\\/en\\\/the-importance-of-the-hungarian-grey-cattle-in-the-biodiversity-of-bukk-national-park\\\/#breadcrumb\"},\"inLanguage\":\"hu\",\"potentialAction\":[{\"@type\":\"ReadAction\",\"target\":[\"https:\\\/\\\/egyuttfejlodunk.hu\\\/en\\\/the-importance-of-the-hungarian-grey-cattle-in-the-biodiversity-of-bukk-national-park\\\/\"]}]},{\"@type\":\"ImageObject\",\"inLanguage\":\"hu\",\"@id\":\"https:\\\/\\\/egyuttfejlodunk.hu\\\/en\\\/the-importance-of-the-hungarian-grey-cattle-in-the-biodiversity-of-bukk-national-park\\\/#primaryimage\",\"url\":\"https:\\\/\\\/egyuttfejlodunk.hu\\\/wp-content\\\/uploads\\\/2025\\\/02\\\/00029_03_73728301-2.jpg\",\"contentUrl\":\"https:\\\/\\\/egyuttfejlodunk.hu\\\/wp-content\\\/uploads\\\/2025\\\/02\\\/00029_03_73728301-2.jpg\",\"width\":1920,\"height\":855},{\"@type\":\"BreadcrumbList\",\"@id\":\"https:\\\/\\\/egyuttfejlodunk.hu\\\/en\\\/the-importance-of-the-hungarian-grey-cattle-in-the-biodiversity-of-bukk-national-park\\\/#breadcrumb\",\"itemListElement\":[{\"@type\":\"ListItem\",\"position\":1,\"name\":\"Home\",\"item\":\"https:\\\/\\\/egyuttfejlodunk.hu\\\/\"},{\"@type\":\"ListItem\",\"position\":2,\"name\":\"With Hungarian Grey Cattle for Biodiversity in the B\u00fckk National Park\"}]},{\"@type\":\"WebSite\",\"@id\":\"https:\\\/\\\/egyuttfejlodunk.hu\\\/#website\",\"url\":\"https:\\\/\\\/egyuttfejlodunk.hu\\\/\",\"name\":\"Egy\u00fctt fejl\u0151d\u00fcnk\",\"description\":\"\",\"publisher\":{\"@id\":\"https:\\\/\\\/egyuttfejlodunk.hu\\\/#organization\"},\"potentialAction\":[{\"@type\":\"SearchAction\",\"target\":{\"@type\":\"EntryPoint\",\"urlTemplate\":\"https:\\\/\\\/egyuttfejlodunk.hu\\\/?s={search_term_string}\"},\"query-input\":{\"@type\":\"PropertyValueSpecification\",\"valueRequired\":true,\"valueName\":\"search_term_string\"}}],\"inLanguage\":\"hu\"},{\"@type\":\"Organization\",\"@id\":\"https:\\\/\\\/egyuttfejlodunk.hu\\\/#organization\",\"name\":\"Egy\u00fctt fejl\u0151d\u00fcnk\",\"url\":\"https:\\\/\\\/egyuttfejlodunk.hu\\\/\",\"logo\":{\"@type\":\"ImageObject\",\"inLanguage\":\"hu\",\"@id\":\"https:\\\/\\\/egyuttfejlodunk.hu\\\/#\\\/schema\\\/logo\\\/image\\\/\",\"url\":\"https:\\\/\\\/egyuttfejlodunk.hu\\\/wp-content\\\/uploads\\\/2026\\\/04\\\/ujlogo.jpg\",\"contentUrl\":\"https:\\\/\\\/egyuttfejlodunk.hu\\\/wp-content\\\/uploads\\\/2026\\\/04\\\/ujlogo.jpg\",\"width\":350,\"height\":110,\"caption\":\"Egy\u00fctt fejl\u0151d\u00fcnk\"},\"image\":{\"@id\":\"https:\\\/\\\/egyuttfejlodunk.hu\\\/#\\\/schema\\\/logo\\\/image\\\/\"}},{\"@type\":\"Person\",\"@id\":\"https:\\\/\\\/egyuttfejlodunk.hu\\\/#\\\/schema\\\/person\\\/74d5e3661b874eed1958599cd4ca7bbd\",\"name\":\"B\u00e1cskai Gabriella\"}]}<\/script>\n<!-- \/ Yoast SEO Premium plugin. -->","yoast_head_json":{"title":"With Hungarian Grey Cattle for Biodiversity in the B\u00fckk National Park - Egy\u00fctt fejl\u0151d\u00fcnk","robots":{"index":"noindex","follow":"follow","max-snippet":"max-snippet:-1","max-image-preview":"max-image-preview:large","max-video-preview":"max-video-preview:-1"},"og_locale":"hu_HU","og_type":"article","og_title":"With Hungarian Grey Cattle for Biodiversity in the B\u00fckk National Park","og_description":"Whenever the topic of Hungarian grey cattle arises, Hortob\u00e1gy and its renowned plains frequently spring to mind. However, this distinctive breed is not limited to these plains \u2013 a herd of 120 individuals lives in the Southern Heves Region. The enhancement of conditions and prospects for their maintenance, facilitated by European Union support, is of paramount importance for the preservation of the breed and the preservation of biodiversity. The Southern Heves Region occupies a special...","og_url":"https:\/\/egyuttfejlodunk.hu\/en\/the-importance-of-the-hungarian-grey-cattle-in-the-biodiversity-of-bukk-national-park\/","og_site_name":"Egy\u00fctt fejl\u0151d\u00fcnk","article_published_time":"2025-02-19T13:11:41+00:00","og_image":[{"width":1920,"height":855,"url":"https:\/\/egyuttfejlodunk.hu\/wp-content\/uploads\/2025\/02\/00029_03_73728301-2.jpg","type":"image\/jpeg"}],"author":"B\u00e1cskai Gabriella","twitter_card":"summary_large_image","twitter_misc":{"Szerz\u0151:":"B\u00e1cskai Gabriella","Becs\u00fclt olvas\u00e1si id\u0151":"2 perc"},"schema":{"@context":"https:\/\/schema.org","@graph":[{"@type":"Article","@id":"https:\/\/egyuttfejlodunk.hu\/en\/the-importance-of-the-hungarian-grey-cattle-in-the-biodiversity-of-bukk-national-park\/#article","isPartOf":{"@id":"https:\/\/egyuttfejlodunk.hu\/en\/the-importance-of-the-hungarian-grey-cattle-in-the-biodiversity-of-bukk-national-park\/"},"author":{"name":"B\u00e1cskai Gabriella","@id":"https:\/\/egyuttfejlodunk.hu\/#\/schema\/person\/74d5e3661b874eed1958599cd4ca7bbd"},"headline":"With Hungarian Grey Cattle for Biodiversity in the B\u00fckk National Park","datePublished":"2025-02-19T13:11:41+00:00","mainEntityOfPage":{"@id":"https:\/\/egyuttfejlodunk.hu\/en\/the-importance-of-the-hungarian-grey-cattle-in-the-biodiversity-of-bukk-national-park\/"},"wordCount":392,"publisher":{"@id":"https:\/\/egyuttfejlodunk.hu\/#organization"},"image":{"@id":"https:\/\/egyuttfejlodunk.hu\/en\/the-importance-of-the-hungarian-grey-cattle-in-the-biodiversity-of-bukk-national-park\/#primaryimage"},"thumbnailUrl":"https:\/\/egyuttfejlodunk.hu\/wp-content\/uploads\/2025\/02\/00029_03_73728301-2.jpg","articleSection":["Kehop"],"inLanguage":"hu"},{"@type":"WebPage","@id":"https:\/\/egyuttfejlodunk.hu\/en\/the-importance-of-the-hungarian-grey-cattle-in-the-biodiversity-of-bukk-national-park\/","url":"https:\/\/egyuttfejlodunk.hu\/en\/the-importance-of-the-hungarian-grey-cattle-in-the-biodiversity-of-bukk-national-park\/","name":"With Hungarian Grey Cattle for Biodiversity in the B\u00fckk National Park - Egy\u00fctt fejl\u0151d\u00fcnk","isPartOf":{"@id":"https:\/\/egyuttfejlodunk.hu\/#website"},"primaryImageOfPage":{"@id":"https:\/\/egyuttfejlodunk.hu\/en\/the-importance-of-the-hungarian-grey-cattle-in-the-biodiversity-of-bukk-national-park\/#primaryimage"},"image":{"@id":"https:\/\/egyuttfejlodunk.hu\/en\/the-importance-of-the-hungarian-grey-cattle-in-the-biodiversity-of-bukk-national-park\/#primaryimage"},"thumbnailUrl":"https:\/\/egyuttfejlodunk.hu\/wp-content\/uploads\/2025\/02\/00029_03_73728301-2.jpg","datePublished":"2025-02-19T13:11:41+00:00","breadcrumb":{"@id":"https:\/\/egyuttfejlodunk.hu\/en\/the-importance-of-the-hungarian-grey-cattle-in-the-biodiversity-of-bukk-national-park\/#breadcrumb"},"inLanguage":"hu","potentialAction":[{"@type":"ReadAction","target":["https:\/\/egyuttfejlodunk.hu\/en\/the-importance-of-the-hungarian-grey-cattle-in-the-biodiversity-of-bukk-national-park\/"]}]},{"@type":"ImageObject","inLanguage":"hu","@id":"https:\/\/egyuttfejlodunk.hu\/en\/the-importance-of-the-hungarian-grey-cattle-in-the-biodiversity-of-bukk-national-park\/#primaryimage","url":"https:\/\/egyuttfejlodunk.hu\/wp-content\/uploads\/2025\/02\/00029_03_73728301-2.jpg","contentUrl":"https:\/\/egyuttfejlodunk.hu\/wp-content\/uploads\/2025\/02\/00029_03_73728301-2.jpg","width":1920,"height":855},{"@type":"BreadcrumbList","@id":"https:\/\/egyuttfejlodunk.hu\/en\/the-importance-of-the-hungarian-grey-cattle-in-the-biodiversity-of-bukk-national-park\/#breadcrumb","itemListElement":[{"@type":"ListItem","position":1,"name":"Home","item":"https:\/\/egyuttfejlodunk.hu\/"},{"@type":"ListItem","position":2,"name":"With Hungarian Grey Cattle for Biodiversity in the B\u00fckk National Park"}]},{"@type":"WebSite","@id":"https:\/\/egyuttfejlodunk.hu\/#website","url":"https:\/\/egyuttfejlodunk.hu\/","name":"Egy\u00fctt fejl\u0151d\u00fcnk","description":"","publisher":{"@id":"https:\/\/egyuttfejlodunk.hu\/#organization"},"potentialAction":[{"@type":"SearchAction","target":{"@type":"EntryPoint","urlTemplate":"https:\/\/egyuttfejlodunk.hu\/?s={search_term_string}"},"query-input":{"@type":"PropertyValueSpecification","valueRequired":true,"valueName":"search_term_string"}}],"inLanguage":"hu"},{"@type":"Organization","@id":"https:\/\/egyuttfejlodunk.hu\/#organization","name":"Egy\u00fctt fejl\u0151d\u00fcnk","url":"https:\/\/egyuttfejlodunk.hu\/","logo":{"@type":"ImageObject","inLanguage":"hu","@id":"https:\/\/egyuttfejlodunk.hu\/#\/schema\/logo\/image\/","url":"https:\/\/egyuttfejlodunk.hu\/wp-content\/uploads\/2026\/04\/ujlogo.jpg","contentUrl":"https:\/\/egyuttfejlodunk.hu\/wp-content\/uploads\/2026\/04\/ujlogo.jpg","width":350,"height":110,"caption":"Egy\u00fctt fejl\u0151d\u00fcnk"},"image":{"@id":"https:\/\/egyuttfejlodunk.hu\/#\/schema\/logo\/image\/"}},{"@type":"Person","@id":"https:\/\/egyuttfejlodunk.hu\/#\/schema\/person\/74d5e3661b874eed1958599cd4ca7bbd","name":"B\u00e1cskai Gabriella"}]}},"_links":{"self":[{"href":"https:\/\/egyuttfejlodunk.hu\/wp-json\/wp\/v2\/posts\/7315","targetHints":{"allow":["GET"]}}],"collection":[{"href":"https:\/\/egyuttfejlodunk.hu\/wp-json\/wp\/v2\/posts"}],"about":[{"href":"https:\/\/egyuttfejlodunk.hu\/wp-json\/wp\/v2\/types\/post"}],"author":[{"embeddable":true,"href":"https:\/\/egyuttfejlodunk.hu\/wp-json\/wp\/v2\/users\/17"}],"replies":[{"embeddable":true,"href":"https:\/\/egyuttfejlodunk.hu\/wp-json\/wp\/v2\/comments?post=7315"}],"version-history":[{"count":2,"href":"https:\/\/egyuttfejlodunk.hu\/wp-json\/wp\/v2\/posts\/7315\/revisions"}],"predecessor-version":[{"id":7317,"href":"https:\/\/egyuttfejlodunk.hu\/wp-json\/wp\/v2\/posts\/7315\/revisions\/7317"}],"wp:featuredmedia":[{"embeddable":true,"href":"https:\/\/egyuttfejlodunk.hu\/wp-json\/wp\/v2\/media\/7308"}],"wp:attachment":[{"href":"https:\/\/egyuttfejlodunk.hu\/wp-json\/wp\/v2\/media?parent=7315"}],"wp:term":[{"taxonomy":"category","embeddable":true,"href":"https:\/\/egyuttfejlodunk.hu\/wp-json\/wp\/v2\/categories?post=7315"},{"taxonomy":"post_tag","embeddable":true,"href":"https:\/\/egyuttfejlodunk.hu\/wp-json\/wp\/v2\/tags?post=7315"},{"taxonomy":"megye","embeddable":true,"href":"https:\/\/egyuttfejlodunk.hu\/wp-json\/wp\/v2\/megye?post=7315"}],"curies":[{"name":"wp","href":"https:\/\/api.w.org\/{rel}","templated":true}]}}