{"id":7387,"date":"2025-02-20T10:17:04","date_gmt":"2025-02-20T09:17:04","guid":{"rendered":"https:\/\/teszt.s152.mediacenter.hu\/egyuttfejlodunk\/?p=7387"},"modified":"2025-02-19T12:35:42","modified_gmt":"2025-02-19T11:35:42","slug":"klaszterek-tagallami-egyuttmukodese-a-zold-es-digitalis-atallas-erdekeben","status":"publish","type":"post","link":"https:\/\/egyuttfejlodunk.hu\/klaszterek-tagallami-egyuttmukodese-a-zold-es-digitalis-atallas-erdekeben\/","title":{"rendered":"Klaszterek tag\u00e1llami egy\u00fcttm\u0171k\u00f6d\u00e9se a z\u00f6ld \u00e9s digit\u00e1lis \u00e1t\u00e1ll\u00e1s \u00e9rdek\u00e9ben"},"content":{"rendered":"<p><strong>Budapesten tartotta meg 4. partneri tal\u00e1lkoz\u00f3j\u00e1t az Interreg Europe \u00e9gisze alatt zajl\u00f3 Accelerate GDT Projekt, melynek keret\u00e9ben a klasztermenedzserek szerep\u00e9t vitatt\u00e1k meg az EU szint\u0171 z\u00f6ld \u00e9s digit\u00e1lis \u00e1t\u00e1ll\u00e1s el\u0151mozd\u00edt\u00e1s\u00e1ban.<\/strong><\/p>\n<p>A klaszter egy alulr\u00f3l szervez\u0151d\u0151 \u00e9rdekcsoport, a hasonl\u00f3 szakter\u00fcleteken tev\u00e9kenyked\u0151, ez\u00e1ltal hasonl\u00f3 kih\u00edv\u00e1sokkal k\u00fczd\u0151 tagszervezetek partners\u00e9g\u00e9re \u00e9p\u00fcl, ami hat\u00e9konyan k\u00e9pes ell\u00e1tni a k\u00f6z\u00f6s \u00e9rdekk\u00e9pviseletet. A klaszter azonban t\u00f6bb mint \u00e9rdekv\u00e9delmi sz\u00f6vets\u00e9g: a tud\u00e1s- \u00e9s inform\u00e1ci\u00f3-megoszt\u00e1s, tov\u00e1bb\u00e1 a sz\u00e9les k\u00f6r\u0171 egy\u00fcttm\u0171k\u00f6d\u00e9s szervezete. Szektori\u00e1lis elk\u00f6telezetts\u00e9g jellemzi, feladata az egy\u00fcttm\u0171k\u00f6d\u00e9s er\u0151s\u00edt\u00e9se, az ipar\u00e1gon bel\u00fcli szerepl\u0151k \u00f6sszekov\u00e1csol\u00e1sa.<\/p>\n<p>Az er\u0151s, hat\u00e9kony klaszterek l\u00e9trej\u00f6tt\u00e9t, fennmarad\u00e1s\u00e1t, m\u0171k\u00f6d\u00e9s\u00e9t, \u00edgy a magyarorsz\u00e1gi klaszteresed\u00e9st a hazai uni\u00f3s gazdas\u00e1gfejleszt\u00e9si operat\u00edv programok \u00e9vtizedek \u00f3ta t\u00e1mogatj\u00e1k. A Gazdas\u00e1gfejleszt\u00e9si \u00e9s Innov\u00e1ci\u00f3s Operat\u00edv Programot (GINOP) k\u00f6vet\u0151 GINOP Plusz is f\u00f3kuszban tartja a klasztereket, amit az id\u0151k\u00f6zben megalkotott, 2030-ig sz\u00f3l\u00f3 Klaszterfejleszt\u00e9si strat\u00e9gia is t\u00e1mogat. A klaszterek nemzetk\u00f6zi egy\u00fcttm\u0171k\u00f6d\u00e9se \u00e9s a tag\u00e1llami tapasztalatok \u00e1tad\u00e1sa az eredm\u00e9nyes m\u0171k\u00f6d\u00e9s fontos felt\u00e9telei, amelyek egy\u00fattal az EU gazdas\u00e1g\u00e1t is szolg\u00e1lj\u00e1k.<\/p>\n<p>Az Accelerate GDT Projekt egy hat\u00e1rokon \u00e1tny\u00fal\u00f3 kezdem\u00e9nyez\u00e9s, amelyet az \u00edr Munster Technol\u00f3giai Egyetem (MTU) vezet, \u00e9s nyolc m\u00e1sik orsz\u00e1g partnerei vesznek r\u00e9szt benne. A projekt c\u00e9lja a klaszterpolitik\u00e1k jobb koordin\u00e1l\u00e1sa az EU-tag\u00e1llamok k\u00f6z\u00f6tt, hogy el\u0151seg\u00edtse a gazdas\u00e1gi fellend\u00fcl\u00e9st, n\u00f6velje a region\u00e1lis ellen\u00e1ll\u00f3k\u00e9pess\u00e9get, illetve t\u00e1mogassa a z\u00f6ld \u00e9s digit\u00e1lis szektorok n\u00f6veked\u00e9s\u00e9t. A konferencia els\u0151sorban a klasztermenedzserek szerep\u00e9t vizsg\u00e1lta a z\u00f6ld \u00e9s digit\u00e1lis \u00e1t\u00e1ll\u00e1s el\u0151seg\u00edt\u00e9s\u00e9ben, amit a koncepci\u00f3 szerint fel kell gyors\u00edtani a kis- \u00e9s k\u00f6z\u00e9pv\u00e1llalkoz\u00e1sok k\u00f6r\u00e9ben, \u00edgy n\u00f6velve azok versenyk\u00e9pess\u00e9g\u00e9t a region\u00e1lis \u00e9s nemzeti klaszterekben. A projekt aktu\u00e1lis partneri tal\u00e1lkoz\u00f3j\u00e1t a klaszterek k\u00f6z\u00f6tti egy\u00fcttm\u0171k\u00f6d\u00e9s er\u0151s\u00edt\u00e9s\u00e9nek jegy\u00e9ben tartott\u00e1k, hogy hat\u00e9konyabb \u00fczleti megold\u00e1sokat tal\u00e1ljanak a fenntarthat\u00f3s\u00e1g \u00e9s a digitaliz\u00e1ci\u00f3 ter\u00e9n. Eur\u00f3pai partnerek \u00e9s szak\u00e9rt\u0151k oszthatt\u00e1k meg tapasztalataikat, bev\u00e1lt gyakorlataikat, valamint \u00faj egy\u00fcttm\u0171k\u00f6d\u00e9si lehet\u0151s\u00e9geket is kerestek a projektc\u00e9l teljes\u00fcl\u00e9se \u00e9rdek\u00e9ben.<\/p>\n<p>A partnertal\u00e1lkoz\u00f3n t\u00f6bb kerekasztal-besz\u00e9lget\u00e9s \u00e9s a j\u00f3 gyakorlatokat bemutat\u00f3 el\u0151ad\u00e1s is szerepelt, amelyeken n\u00e9met, \u00edr, spanyol, cseh, magyar, osztr\u00e1k, olasz \u00e9s ukr\u00e1n szak\u00e9rt\u0151k osztott\u00e1k meg tapasztalataikat a k\u00f6rforg\u00e1sos gazdas\u00e1gr\u00f3l, a kiberbiztons\u00e1gr\u00f3l, az ipari digitaliz\u00e1ci\u00f3r\u00f3l \u00e9s a fenntarthat\u00f3 klaszterkapcsolatokr\u00f3l.<\/p>\n<p><em>(Forr\u00e1s: palyazat.gov.hu)<\/em><\/p>\n","protected":false},"excerpt":{"rendered":"<p>Budapesten tartotta meg 4. partneri tal\u00e1lkoz\u00f3j\u00e1t az Interreg Europe \u00e9gisze alatt zajl\u00f3 Accelerate GDT Projekt, melynek keret\u00e9ben a klasztermenedzserek szerep\u00e9t vitatt\u00e1k meg az EU szint\u0171 z\u00f6ld \u00e9s digit\u00e1lis \u00e1t\u00e1ll\u00e1s el\u0151mozd\u00edt\u00e1s\u00e1ban. A klaszter egy alulr\u00f3l szervez\u0151d\u0151 \u00e9rdekcsoport, a hasonl\u00f3 szakter\u00fcleteken tev\u00e9kenyked\u0151, ez\u00e1ltal hasonl\u00f3 kih\u00edv\u00e1sokkal k\u00fczd\u0151 tagszervezetek partners\u00e9g\u00e9re \u00e9p\u00fcl, ami hat\u00e9konyan k\u00e9pes ell\u00e1tni a k\u00f6z\u00f6s \u00e9rdekk\u00e9pviseletet. A klaszter azonban t\u00f6bb mint \u00e9rdekv\u00e9delmi sz\u00f6vets\u00e9g: a tud\u00e1s- \u00e9s inform\u00e1ci\u00f3-megoszt\u00e1s, tov\u00e1bb\u00e1 a sz\u00e9les k\u00f6r\u0171 egy\u00fcttm\u0171k\u00f6d\u00e9s szervezete. Szektori\u00e1lis elk\u00f6telezetts\u00e9g jellemzi, feladata&#8230;<\/p>\n","protected":false},"author":17,"featured_media":7391,"comment_status":"closed","ping_status":"closed","sticky":false,"template":"","format":"standard","meta":{"_acf_changed":false,"ngg_post_thumbnail":0,"footnotes":""},"categories":[793],"tags":[],"megye":[],"class_list":["post-7387","post","type-post","status-publish","format-standard","has-post-thumbnail","hentry","category-szechenyi-plusz-hirek-hu"],"acf":[],"yoast_head":"<!-- This site is optimized with the Yoast SEO Premium plugin v28.4 (Yoast SEO v28.4) - https:\/\/yoast.com\/product\/yoast-seo-premium-wordpress\/ -->\n<title>Klaszterek tag\u00e1llami egy\u00fcttm\u0171k\u00f6d\u00e9se a z\u00f6ld \u00e9s digit\u00e1lis \u00e1t\u00e1ll\u00e1s \u00e9rdek\u00e9ben - Egy\u00fctt fejl\u0151d\u00fcnk<\/title>\n<meta name=\"robots\" content=\"noindex, follow, max-snippet:-1, max-image-preview:large, max-video-preview:-1\" \/>\n<meta property=\"og:locale\" content=\"hu_HU\" \/>\n<meta property=\"og:type\" content=\"article\" \/>\n<meta property=\"og:title\" content=\"Klaszterek tag\u00e1llami egy\u00fcttm\u0171k\u00f6d\u00e9se a z\u00f6ld \u00e9s digit\u00e1lis \u00e1t\u00e1ll\u00e1s \u00e9rdek\u00e9ben\" \/>\n<meta property=\"og:description\" content=\"Budapesten tartotta meg 4. partneri tal\u00e1lkoz\u00f3j\u00e1t az Interreg Europe \u00e9gisze alatt zajl\u00f3 Accelerate GDT Projekt, melynek keret\u00e9ben a klasztermenedzserek szerep\u00e9t vitatt\u00e1k meg az EU szint\u0171 z\u00f6ld \u00e9s digit\u00e1lis \u00e1t\u00e1ll\u00e1s el\u0151mozd\u00edt\u00e1s\u00e1ban. A klaszter egy alulr\u00f3l szervez\u0151d\u0151 \u00e9rdekcsoport, a hasonl\u00f3 szakter\u00fcleteken tev\u00e9kenyked\u0151, ez\u00e1ltal hasonl\u00f3 kih\u00edv\u00e1sokkal k\u00fczd\u0151 tagszervezetek partners\u00e9g\u00e9re \u00e9p\u00fcl, ami hat\u00e9konyan k\u00e9pes ell\u00e1tni a k\u00f6z\u00f6s \u00e9rdekk\u00e9pviseletet. A klaszter azonban t\u00f6bb mint \u00e9rdekv\u00e9delmi sz\u00f6vets\u00e9g: a tud\u00e1s- \u00e9s inform\u00e1ci\u00f3-megoszt\u00e1s, tov\u00e1bb\u00e1 a sz\u00e9les k\u00f6r\u0171 egy\u00fcttm\u0171k\u00f6d\u00e9s szervezete. Szektori\u00e1lis elk\u00f6telezetts\u00e9g jellemzi, feladata...\" \/>\n<meta property=\"og:url\" content=\"https:\/\/egyuttfejlodunk.hu\/klaszterek-tagallami-egyuttmukodese-a-zold-es-digitalis-atallas-erdekeben\/\" \/>\n<meta property=\"og:site_name\" content=\"Egy\u00fctt fejl\u0151d\u00fcnk\" \/>\n<meta property=\"article:published_time\" content=\"2025-02-20T09:17:04+00:00\" \/>\n<meta property=\"og:image\" content=\"https:\/\/egyuttfejlodunk.hu\/wp-content\/uploads\/2025\/02\/Klaszter-1.jpg\" \/>\n\t<meta property=\"og:image:width\" content=\"1920\" \/>\n\t<meta property=\"og:image:height\" content=\"963\" \/>\n\t<meta property=\"og:image:type\" content=\"image\/jpeg\" \/>\n<meta name=\"author\" content=\"B\u00e1cskai Gabriella\" \/>\n<meta name=\"twitter:card\" content=\"summary_large_image\" \/>\n<meta name=\"twitter:label1\" content=\"Szerz\u0151:\" \/>\n\t<meta name=\"twitter:data1\" content=\"B\u00e1cskai Gabriella\" \/>\n\t<meta name=\"twitter:label2\" content=\"Becs\u00fclt olvas\u00e1si id\u0151\" \/>\n\t<meta name=\"twitter:data2\" content=\"3 perc\" \/>\n<script type=\"application\/ld+json\" class=\"yoast-schema-graph\">{\"@context\":\"https:\\\/\\\/schema.org\",\"@graph\":[{\"@type\":\"Article\",\"@id\":\"https:\\\/\\\/egyuttfejlodunk.hu\\\/klaszterek-tagallami-egyuttmukodese-a-zold-es-digitalis-atallas-erdekeben\\\/#article\",\"isPartOf\":{\"@id\":\"https:\\\/\\\/egyuttfejlodunk.hu\\\/klaszterek-tagallami-egyuttmukodese-a-zold-es-digitalis-atallas-erdekeben\\\/\"},\"author\":{\"name\":\"B\u00e1cskai Gabriella\",\"@id\":\"https:\\\/\\\/egyuttfejlodunk.hu\\\/#\\\/schema\\\/person\\\/74d5e3661b874eed1958599cd4ca7bbd\"},\"headline\":\"Klaszterek tag\u00e1llami egy\u00fcttm\u0171k\u00f6d\u00e9se a z\u00f6ld \u00e9s digit\u00e1lis \u00e1t\u00e1ll\u00e1s \u00e9rdek\u00e9ben\",\"datePublished\":\"2025-02-20T09:17:04+00:00\",\"mainEntityOfPage\":{\"@id\":\"https:\\\/\\\/egyuttfejlodunk.hu\\\/klaszterek-tagallami-egyuttmukodese-a-zold-es-digitalis-atallas-erdekeben\\\/\"},\"wordCount\":563,\"publisher\":{\"@id\":\"https:\\\/\\\/egyuttfejlodunk.hu\\\/#organization\"},\"image\":{\"@id\":\"https:\\\/\\\/egyuttfejlodunk.hu\\\/klaszterek-tagallami-egyuttmukodese-a-zold-es-digitalis-atallas-erdekeben\\\/#primaryimage\"},\"thumbnailUrl\":\"https:\\\/\\\/egyuttfejlodunk.hu\\\/wp-content\\\/uploads\\\/2025\\\/02\\\/Klaszter-1.jpg\",\"articleSection\":[\"sz\u00e9chenyi plusz h\u00edrek\"],\"inLanguage\":\"hu\"},{\"@type\":\"WebPage\",\"@id\":\"https:\\\/\\\/egyuttfejlodunk.hu\\\/klaszterek-tagallami-egyuttmukodese-a-zold-es-digitalis-atallas-erdekeben\\\/\",\"url\":\"https:\\\/\\\/egyuttfejlodunk.hu\\\/klaszterek-tagallami-egyuttmukodese-a-zold-es-digitalis-atallas-erdekeben\\\/\",\"name\":\"Klaszterek tag\u00e1llami egy\u00fcttm\u0171k\u00f6d\u00e9se a z\u00f6ld \u00e9s digit\u00e1lis \u00e1t\u00e1ll\u00e1s \u00e9rdek\u00e9ben - Egy\u00fctt fejl\u0151d\u00fcnk\",\"isPartOf\":{\"@id\":\"https:\\\/\\\/egyuttfejlodunk.hu\\\/#website\"},\"primaryImageOfPage\":{\"@id\":\"https:\\\/\\\/egyuttfejlodunk.hu\\\/klaszterek-tagallami-egyuttmukodese-a-zold-es-digitalis-atallas-erdekeben\\\/#primaryimage\"},\"image\":{\"@id\":\"https:\\\/\\\/egyuttfejlodunk.hu\\\/klaszterek-tagallami-egyuttmukodese-a-zold-es-digitalis-atallas-erdekeben\\\/#primaryimage\"},\"thumbnailUrl\":\"https:\\\/\\\/egyuttfejlodunk.hu\\\/wp-content\\\/uploads\\\/2025\\\/02\\\/Klaszter-1.jpg\",\"datePublished\":\"2025-02-20T09:17:04+00:00\",\"breadcrumb\":{\"@id\":\"https:\\\/\\\/egyuttfejlodunk.hu\\\/klaszterek-tagallami-egyuttmukodese-a-zold-es-digitalis-atallas-erdekeben\\\/#breadcrumb\"},\"inLanguage\":\"hu\",\"potentialAction\":[{\"@type\":\"ReadAction\",\"target\":[\"https:\\\/\\\/egyuttfejlodunk.hu\\\/klaszterek-tagallami-egyuttmukodese-a-zold-es-digitalis-atallas-erdekeben\\\/\"]}]},{\"@type\":\"ImageObject\",\"inLanguage\":\"hu\",\"@id\":\"https:\\\/\\\/egyuttfejlodunk.hu\\\/klaszterek-tagallami-egyuttmukodese-a-zold-es-digitalis-atallas-erdekeben\\\/#primaryimage\",\"url\":\"https:\\\/\\\/egyuttfejlodunk.hu\\\/wp-content\\\/uploads\\\/2025\\\/02\\\/Klaszter-1.jpg\",\"contentUrl\":\"https:\\\/\\\/egyuttfejlodunk.hu\\\/wp-content\\\/uploads\\\/2025\\\/02\\\/Klaszter-1.jpg\",\"width\":1920,\"height\":963},{\"@type\":\"BreadcrumbList\",\"@id\":\"https:\\\/\\\/egyuttfejlodunk.hu\\\/klaszterek-tagallami-egyuttmukodese-a-zold-es-digitalis-atallas-erdekeben\\\/#breadcrumb\",\"itemListElement\":[{\"@type\":\"ListItem\",\"position\":1,\"name\":\"Home\",\"item\":\"https:\\\/\\\/egyuttfejlodunk.hu\\\/\"},{\"@type\":\"ListItem\",\"position\":2,\"name\":\"Klaszterek tag\u00e1llami egy\u00fcttm\u0171k\u00f6d\u00e9se a z\u00f6ld \u00e9s digit\u00e1lis \u00e1t\u00e1ll\u00e1s \u00e9rdek\u00e9ben\"}]},{\"@type\":\"WebSite\",\"@id\":\"https:\\\/\\\/egyuttfejlodunk.hu\\\/#website\",\"url\":\"https:\\\/\\\/egyuttfejlodunk.hu\\\/\",\"name\":\"Egy\u00fctt fejl\u0151d\u00fcnk\",\"description\":\"\",\"publisher\":{\"@id\":\"https:\\\/\\\/egyuttfejlodunk.hu\\\/#organization\"},\"potentialAction\":[{\"@type\":\"SearchAction\",\"target\":{\"@type\":\"EntryPoint\",\"urlTemplate\":\"https:\\\/\\\/egyuttfejlodunk.hu\\\/?s={search_term_string}\"},\"query-input\":{\"@type\":\"PropertyValueSpecification\",\"valueRequired\":true,\"valueName\":\"search_term_string\"}}],\"inLanguage\":\"hu\"},{\"@type\":\"Organization\",\"@id\":\"https:\\\/\\\/egyuttfejlodunk.hu\\\/#organization\",\"name\":\"Egy\u00fctt fejl\u0151d\u00fcnk\",\"url\":\"https:\\\/\\\/egyuttfejlodunk.hu\\\/\",\"logo\":{\"@type\":\"ImageObject\",\"inLanguage\":\"hu\",\"@id\":\"https:\\\/\\\/egyuttfejlodunk.hu\\\/#\\\/schema\\\/logo\\\/image\\\/\",\"url\":\"https:\\\/\\\/egyuttfejlodunk.hu\\\/wp-content\\\/uploads\\\/2026\\\/04\\\/ujlogo.jpg\",\"contentUrl\":\"https:\\\/\\\/egyuttfejlodunk.hu\\\/wp-content\\\/uploads\\\/2026\\\/04\\\/ujlogo.jpg\",\"width\":350,\"height\":110,\"caption\":\"Egy\u00fctt fejl\u0151d\u00fcnk\"},\"image\":{\"@id\":\"https:\\\/\\\/egyuttfejlodunk.hu\\\/#\\\/schema\\\/logo\\\/image\\\/\"}},{\"@type\":\"Person\",\"@id\":\"https:\\\/\\\/egyuttfejlodunk.hu\\\/#\\\/schema\\\/person\\\/74d5e3661b874eed1958599cd4ca7bbd\",\"name\":\"B\u00e1cskai Gabriella\"}]}<\/script>\n<!-- \/ Yoast SEO Premium plugin. -->","yoast_head_json":{"title":"Klaszterek tag\u00e1llami egy\u00fcttm\u0171k\u00f6d\u00e9se a z\u00f6ld \u00e9s digit\u00e1lis \u00e1t\u00e1ll\u00e1s \u00e9rdek\u00e9ben - Egy\u00fctt fejl\u0151d\u00fcnk","robots":{"index":"noindex","follow":"follow","max-snippet":"max-snippet:-1","max-image-preview":"max-image-preview:large","max-video-preview":"max-video-preview:-1"},"og_locale":"hu_HU","og_type":"article","og_title":"Klaszterek tag\u00e1llami egy\u00fcttm\u0171k\u00f6d\u00e9se a z\u00f6ld \u00e9s digit\u00e1lis \u00e1t\u00e1ll\u00e1s \u00e9rdek\u00e9ben","og_description":"Budapesten tartotta meg 4. partneri tal\u00e1lkoz\u00f3j\u00e1t az Interreg Europe \u00e9gisze alatt zajl\u00f3 Accelerate GDT Projekt, melynek keret\u00e9ben a klasztermenedzserek szerep\u00e9t vitatt\u00e1k meg az EU szint\u0171 z\u00f6ld \u00e9s digit\u00e1lis \u00e1t\u00e1ll\u00e1s el\u0151mozd\u00edt\u00e1s\u00e1ban. A klaszter egy alulr\u00f3l szervez\u0151d\u0151 \u00e9rdekcsoport, a hasonl\u00f3 szakter\u00fcleteken tev\u00e9kenyked\u0151, ez\u00e1ltal hasonl\u00f3 kih\u00edv\u00e1sokkal k\u00fczd\u0151 tagszervezetek partners\u00e9g\u00e9re \u00e9p\u00fcl, ami hat\u00e9konyan k\u00e9pes ell\u00e1tni a k\u00f6z\u00f6s \u00e9rdekk\u00e9pviseletet. A klaszter azonban t\u00f6bb mint \u00e9rdekv\u00e9delmi sz\u00f6vets\u00e9g: a tud\u00e1s- \u00e9s inform\u00e1ci\u00f3-megoszt\u00e1s, tov\u00e1bb\u00e1 a sz\u00e9les k\u00f6r\u0171 egy\u00fcttm\u0171k\u00f6d\u00e9s szervezete. Szektori\u00e1lis elk\u00f6telezetts\u00e9g jellemzi, feladata...","og_url":"https:\/\/egyuttfejlodunk.hu\/klaszterek-tagallami-egyuttmukodese-a-zold-es-digitalis-atallas-erdekeben\/","og_site_name":"Egy\u00fctt fejl\u0151d\u00fcnk","article_published_time":"2025-02-20T09:17:04+00:00","og_image":[{"width":1920,"height":963,"url":"https:\/\/egyuttfejlodunk.hu\/wp-content\/uploads\/2025\/02\/Klaszter-1.jpg","type":"image\/jpeg"}],"author":"B\u00e1cskai Gabriella","twitter_card":"summary_large_image","twitter_misc":{"Szerz\u0151:":"B\u00e1cskai Gabriella","Becs\u00fclt olvas\u00e1si id\u0151":"3 perc"},"schema":{"@context":"https:\/\/schema.org","@graph":[{"@type":"Article","@id":"https:\/\/egyuttfejlodunk.hu\/klaszterek-tagallami-egyuttmukodese-a-zold-es-digitalis-atallas-erdekeben\/#article","isPartOf":{"@id":"https:\/\/egyuttfejlodunk.hu\/klaszterek-tagallami-egyuttmukodese-a-zold-es-digitalis-atallas-erdekeben\/"},"author":{"name":"B\u00e1cskai Gabriella","@id":"https:\/\/egyuttfejlodunk.hu\/#\/schema\/person\/74d5e3661b874eed1958599cd4ca7bbd"},"headline":"Klaszterek tag\u00e1llami egy\u00fcttm\u0171k\u00f6d\u00e9se a z\u00f6ld \u00e9s digit\u00e1lis \u00e1t\u00e1ll\u00e1s \u00e9rdek\u00e9ben","datePublished":"2025-02-20T09:17:04+00:00","mainEntityOfPage":{"@id":"https:\/\/egyuttfejlodunk.hu\/klaszterek-tagallami-egyuttmukodese-a-zold-es-digitalis-atallas-erdekeben\/"},"wordCount":563,"publisher":{"@id":"https:\/\/egyuttfejlodunk.hu\/#organization"},"image":{"@id":"https:\/\/egyuttfejlodunk.hu\/klaszterek-tagallami-egyuttmukodese-a-zold-es-digitalis-atallas-erdekeben\/#primaryimage"},"thumbnailUrl":"https:\/\/egyuttfejlodunk.hu\/wp-content\/uploads\/2025\/02\/Klaszter-1.jpg","articleSection":["sz\u00e9chenyi plusz h\u00edrek"],"inLanguage":"hu"},{"@type":"WebPage","@id":"https:\/\/egyuttfejlodunk.hu\/klaszterek-tagallami-egyuttmukodese-a-zold-es-digitalis-atallas-erdekeben\/","url":"https:\/\/egyuttfejlodunk.hu\/klaszterek-tagallami-egyuttmukodese-a-zold-es-digitalis-atallas-erdekeben\/","name":"Klaszterek tag\u00e1llami egy\u00fcttm\u0171k\u00f6d\u00e9se a z\u00f6ld \u00e9s digit\u00e1lis \u00e1t\u00e1ll\u00e1s \u00e9rdek\u00e9ben - Egy\u00fctt fejl\u0151d\u00fcnk","isPartOf":{"@id":"https:\/\/egyuttfejlodunk.hu\/#website"},"primaryImageOfPage":{"@id":"https:\/\/egyuttfejlodunk.hu\/klaszterek-tagallami-egyuttmukodese-a-zold-es-digitalis-atallas-erdekeben\/#primaryimage"},"image":{"@id":"https:\/\/egyuttfejlodunk.hu\/klaszterek-tagallami-egyuttmukodese-a-zold-es-digitalis-atallas-erdekeben\/#primaryimage"},"thumbnailUrl":"https:\/\/egyuttfejlodunk.hu\/wp-content\/uploads\/2025\/02\/Klaszter-1.jpg","datePublished":"2025-02-20T09:17:04+00:00","breadcrumb":{"@id":"https:\/\/egyuttfejlodunk.hu\/klaszterek-tagallami-egyuttmukodese-a-zold-es-digitalis-atallas-erdekeben\/#breadcrumb"},"inLanguage":"hu","potentialAction":[{"@type":"ReadAction","target":["https:\/\/egyuttfejlodunk.hu\/klaszterek-tagallami-egyuttmukodese-a-zold-es-digitalis-atallas-erdekeben\/"]}]},{"@type":"ImageObject","inLanguage":"hu","@id":"https:\/\/egyuttfejlodunk.hu\/klaszterek-tagallami-egyuttmukodese-a-zold-es-digitalis-atallas-erdekeben\/#primaryimage","url":"https:\/\/egyuttfejlodunk.hu\/wp-content\/uploads\/2025\/02\/Klaszter-1.jpg","contentUrl":"https:\/\/egyuttfejlodunk.hu\/wp-content\/uploads\/2025\/02\/Klaszter-1.jpg","width":1920,"height":963},{"@type":"BreadcrumbList","@id":"https:\/\/egyuttfejlodunk.hu\/klaszterek-tagallami-egyuttmukodese-a-zold-es-digitalis-atallas-erdekeben\/#breadcrumb","itemListElement":[{"@type":"ListItem","position":1,"name":"Home","item":"https:\/\/egyuttfejlodunk.hu\/"},{"@type":"ListItem","position":2,"name":"Klaszterek tag\u00e1llami egy\u00fcttm\u0171k\u00f6d\u00e9se a z\u00f6ld \u00e9s digit\u00e1lis \u00e1t\u00e1ll\u00e1s \u00e9rdek\u00e9ben"}]},{"@type":"WebSite","@id":"https:\/\/egyuttfejlodunk.hu\/#website","url":"https:\/\/egyuttfejlodunk.hu\/","name":"Egy\u00fctt fejl\u0151d\u00fcnk","description":"","publisher":{"@id":"https:\/\/egyuttfejlodunk.hu\/#organization"},"potentialAction":[{"@type":"SearchAction","target":{"@type":"EntryPoint","urlTemplate":"https:\/\/egyuttfejlodunk.hu\/?s={search_term_string}"},"query-input":{"@type":"PropertyValueSpecification","valueRequired":true,"valueName":"search_term_string"}}],"inLanguage":"hu"},{"@type":"Organization","@id":"https:\/\/egyuttfejlodunk.hu\/#organization","name":"Egy\u00fctt fejl\u0151d\u00fcnk","url":"https:\/\/egyuttfejlodunk.hu\/","logo":{"@type":"ImageObject","inLanguage":"hu","@id":"https:\/\/egyuttfejlodunk.hu\/#\/schema\/logo\/image\/","url":"https:\/\/egyuttfejlodunk.hu\/wp-content\/uploads\/2026\/04\/ujlogo.jpg","contentUrl":"https:\/\/egyuttfejlodunk.hu\/wp-content\/uploads\/2026\/04\/ujlogo.jpg","width":350,"height":110,"caption":"Egy\u00fctt fejl\u0151d\u00fcnk"},"image":{"@id":"https:\/\/egyuttfejlodunk.hu\/#\/schema\/logo\/image\/"}},{"@type":"Person","@id":"https:\/\/egyuttfejlodunk.hu\/#\/schema\/person\/74d5e3661b874eed1958599cd4ca7bbd","name":"B\u00e1cskai Gabriella"}]}},"_links":{"self":[{"href":"https:\/\/egyuttfejlodunk.hu\/wp-json\/wp\/v2\/posts\/7387","targetHints":{"allow":["GET"]}}],"collection":[{"href":"https:\/\/egyuttfejlodunk.hu\/wp-json\/wp\/v2\/posts"}],"about":[{"href":"https:\/\/egyuttfejlodunk.hu\/wp-json\/wp\/v2\/types\/post"}],"author":[{"embeddable":true,"href":"https:\/\/egyuttfejlodunk.hu\/wp-json\/wp\/v2\/users\/17"}],"replies":[{"embeddable":true,"href":"https:\/\/egyuttfejlodunk.hu\/wp-json\/wp\/v2\/comments?post=7387"}],"version-history":[{"count":2,"href":"https:\/\/egyuttfejlodunk.hu\/wp-json\/wp\/v2\/posts\/7387\/revisions"}],"predecessor-version":[{"id":7392,"href":"https:\/\/egyuttfejlodunk.hu\/wp-json\/wp\/v2\/posts\/7387\/revisions\/7392"}],"wp:featuredmedia":[{"embeddable":true,"href":"https:\/\/egyuttfejlodunk.hu\/wp-json\/wp\/v2\/media\/7391"}],"wp:attachment":[{"href":"https:\/\/egyuttfejlodunk.hu\/wp-json\/wp\/v2\/media?parent=7387"}],"wp:term":[{"taxonomy":"category","embeddable":true,"href":"https:\/\/egyuttfejlodunk.hu\/wp-json\/wp\/v2\/categories?post=7387"},{"taxonomy":"post_tag","embeddable":true,"href":"https:\/\/egyuttfejlodunk.hu\/wp-json\/wp\/v2\/tags?post=7387"},{"taxonomy":"megye","embeddable":true,"href":"https:\/\/egyuttfejlodunk.hu\/wp-json\/wp\/v2\/megye?post=7387"}],"curies":[{"name":"wp","href":"https:\/\/api.w.org\/{rel}","templated":true}]}}