{"id":7886,"date":"2025-05-12T10:08:09","date_gmt":"2025-05-12T08:08:09","guid":{"rendered":"https:\/\/teszt.s152.mediacenter.hu\/egyuttfejlodunk\/?p=7886"},"modified":"2026-09-01T10:40:15","modified_gmt":"2026-09-01T08:40:15","slug":"nagy-magyar-festonk-otthona-ujra-varja-a-vendegeket","status":"publish","type":"post","link":"https:\/\/egyuttfejlodunk.hu\/?p=7886","title":{"rendered":"Nagy magyar fest\u0151nk otthona \u00fajra v\u00e1rja a vend\u00e9geket"},"content":{"rendered":"<p><strong>N\u00f3gr\u00e1d v\u00e1rmegy\u00e9ben kiemelked\u0151 turisztikai l\u00e1tv\u00e1nyoss\u00e1ggal gazdagodott a Sz\u00e9cs\u00e9nyi j\u00e1r\u00e1s: fel\u00faj\u00edtott\u00e1k a t\u00f6rt\u00e9nelmi jelent\u0151s\u00e9g\u0171 Bencz\u00far-k\u00fari\u00e1t. Az eur\u00f3pai uni\u00f3s t\u00e1rsfinansz\u00edroz\u00e1sb\u00f3l megval\u00f3s\u00edtott fejleszt\u00e9s r\u00e9v\u00e9n az \u00e9p\u00fclet visszanyerte r\u00e9gi f\u00e9ny\u00e9t, mik\u00f6zben m\u00e9lt\u00f3 eml\u00e9ket \u00e1ll\u00edt egykori h\u00edres lak\u00f3j\u00e1nak, Bencz\u00far Gyul\u00e1nak. A neves fest\u0151m\u0171v\u00e9sz alkot\u00e1sai mostant\u00f3l a k\u00faria falai k\u00f6z\u00f6tt is megtekinthet\u0151k, \u00edgy a l\u00e1togat\u00f3k egyszerre gy\u00f6ny\u00f6rk\u00f6dhetnek az \u00e9p\u00fclet eleganci\u00e1j\u00e1ban \u00e9s a magyar m\u0171v\u00e9szet egyik kiemelked\u0151 alakj\u00e1nak \u00f6r\u00f6ks\u00e9g\u00e9ben. <\/strong><\/p>\n<table>\n<tbody>\n<tr>\n<td><span style=\"font-weight: 400;\">Bencz\u00far Gyula, a Bencz\u00far-k\u00faria n\u00e9vad\u00f3ja, 1844-ben sz\u00fcletett Ny\u00edregyh\u00e1z\u00e1n. A magyar akad\u00e9mikus t\u00f6rt\u00e9neti fest\u00e9szet egyik meghat\u00e1roz\u00f3 k\u00e9pvisel\u0151jek\u00e9nt tartjuk sz\u00e1mon. Legismertebb alkot\u00e1sai k\u00f6z\u00e9 tartozik a \u201eSzent Istv\u00e1n felaj\u00e1nlja a koron\u00e1t M\u00e1ri\u00e1nak\u201d c\u00edm\u0171 m\u0171, amely a Szent Istv\u00e1n-bazilik\u00e1t d\u00edsz\u00edti, valamint a Budav\u00e1ri Palota Hunyadi-term\u00e9ben tal\u00e1lhat\u00f3 k\u00e9t nagyszab\u00e1s\u00fa festm\u00e9nye: \u201eA diadalmas M\u00e1ty\u00e1s\u201d \u00e9s a \u201eM\u00e1ty\u00e1s fogadja a p\u00e1pa k\u00f6veteit\u201d. A millenniumi \u00fcnneps\u00e9gekre k\u00e9sz\u00edtette el a grandi\u00f3zus \u201eBudav\u00e1r visszav\u00e9tele\u201d c\u00edm\u0171 alkot\u00e1s\u00e1t. Bencz\u00far t\u00f6rt\u00e9nelmi esem\u00e9nyek mellett sz\u00e1mos h\u00edres szem\u00e9lyis\u00e9get is meg\u00f6r\u00f6k\u00edtett. Portr\u00e9i k\u00f6z\u00f6tt megtal\u00e1lhat\u00f3 Erzs\u00e9bet kir\u00e1lyn\u00e9, Andr\u00e1ssy Gyula gr\u00f3f, Rudolf tr\u00f3n\u00f6r\u00f6k\u00f6s, Tisza K\u00e1lm\u00e1n, Tisza Istv\u00e1n, Miksz\u00e1th K\u00e1lm\u00e1n, Trefort \u00c1goston \u00e9s I. Ferdin\u00e1nd bolg\u00e1r c\u00e1r is. Tehets\u00e9g\u00e9t k\u00fclf\u00f6ld\u00f6n is elismert\u00e9k: 1876 \u00e9s 1883 k\u00f6z\u00f6tt a m\u00fcncheni akad\u00e9mi\u00e1n tan\u00edtott, majd hazat\u00e9rve megalap\u00edtotta az els\u0151 magyar m\u0171v\u00e9szk\u00e9pz\u0151t, a Bencz\u00far-mesteriskol\u00e1t, amelyet hal\u00e1l\u00e1ig vezetett. Munk\u00e1ss\u00e1g\u00e1t 1910-ben a Magyar Tudom\u00e1nyos Akad\u00e9mia tiszteleti tags\u00e1ggal ismerte el. Bencz\u00far Gyula \u00f6r\u00f6ks\u00e9ge tan\u00edtv\u00e1nyai r\u00e9v\u00e9n is tov\u00e1bb \u00e9lt: 1921-ben l\u00e9trehozt\u00e1k a Bencz\u00far T\u00e1rsas\u00e1got, amely 1954-ig m\u0171k\u00f6d\u00f6tt. Tisztelet\u00e9re 1927-ben Dol\u00e1ny k\u00f6zs\u00e9g felvette a Bencz\u00farfalva nevet, amely ma Sz\u00e9cs\u00e9ny v\u00e1rosr\u00e9sze.<\/span><\/td>\n<\/tr>\n<\/tbody>\n<\/table>\n<p>A k\u00fari\u00e1t eredetileg a Wattay csal\u00e1d \u00e9p\u00edttette a 18. sz\u00e1zadban, majd k\u00e9s\u0151bb a Szont\u00e1gh \u00e9s Iv\u00e1nka csal\u00e1dok birtok\u00e1ba ker\u00fclt. Az utols\u00f3 tulajdonosa gr\u00f3f Pej\u00e1csevich Mik\u00f3 volt, akit\u0151l Bencz\u00far Gyula megv\u00e1s\u00e1rolta meg. A m\u0171v\u00e9sz egy eleg\u00e1ns otthont teremtett, amelyet m\u0171kincsek, keleti sz\u0151nyegek, valamint renesz\u00e1nsz \u00e9s rokok\u00f3 b\u00fatorok d\u00edsz\u00edtettek. A falakon a fest\u0151 saj\u00e1t alkot\u00e1sai kaptak helyet. Bencz\u00far hal\u00e1la ut\u00e1n csal\u00e1dja tov\u00e1bb gondozta a k\u00fari\u00e1t, de a m\u00e1sodik vil\u00e1gh\u00e1bor\u00fa miatt k\u00e9nytelenek voltak elhagyni a birtokot. 1945-ben visszat\u00e9rtek, \u00e1m addigra azt teljesen kifosztott\u00e1k, a m\u0171teremmel egy\u00fctt. Az \u00e1llamos\u00edt\u00e1s ut\u00e1n az ingatlan \u00e1llapota tov\u00e1bb romlott: egy ideig mozik\u00e9nt m\u0171k\u00f6d\u00f6tt, a m\u0171teremh\u00e1zban pedig id. \u00e9s ifj. Szab\u00f3 Istv\u00e1n m\u0171v\u00e9szek \u00e9ltek. A rendszerv\u00e1lt\u00e1s ut\u00e1n az \u00e9p\u00fclet folyamatosan pusztult, m\u00edgnem teljes fel\u00faj\u00edt\u00e1sa elker\u00fclhetetlenn\u00e9 v\u00e1lt.<\/p>\n<p>A fel\u00faj\u00edt\u00e1s c\u00e9lja az volt, hogy a k\u00faria visszanyerje eredeti, 18. sz\u00e1zadi \u00e1llapot\u00e1t, mik\u00f6zben 21. sz\u00e1zadi kultur\u00e1lis \u00e9s m\u0171v\u00e9szeti k\u00f6zpontt\u00e1 is v\u00e1lik. Az \u00e9p\u00fclet \u00e9s kertj\u00e9nek rekonstrukci\u00f3ja sor\u00e1n \u00faj ki\u00e1ll\u00edt\u00f3- \u00e9s kiszolg\u00e1l\u00f3 terek j\u00f6ttek l\u00e9tre, valamint interakt\u00edv m\u0171v\u00e9szeti programok is el\u00e9rhet\u0151v\u00e9 v\u00e1ltak a l\u00e1togat\u00f3k sz\u00e1m\u00e1ra. A fel\u00faj\u00edt\u00e1s k\u00f6z\u00e9ppontj\u00e1ban Bencz\u00far Gyula \u00e9letm\u0171v\u00e9nek bemutat\u00e1sa \u00e1llt, amelyet m\u0171alkot\u00e1sok, multim\u00e9di\u00e1s tartalmak \u00e9s egyedi m\u0171v\u00e9szeti \u00e9lm\u00e9nyek tesznek m\u00e9g izgalmasabb\u00e1.<\/p>\n<p>A rekonstrukci\u00f3 sor\u00e1n szinte az eg\u00e9sz \u00e9p\u00fclet meg\u00fajult. L\u00e9trehoztak egy vend\u00e9gfogad\u00f3 teret recepci\u00f3val \u00e9s ruhat\u00e1rral, valamint egy \u00e1lland\u00f3 ki\u00e1ll\u00edt\u00e1st, ahol Bencz\u00far eredeti festm\u00e9nyei, relikvi\u00e1i, text\u00edli\u00e1i, fot\u00f3k \u00e9s anim\u00e1ci\u00f3k l\u00e1that\u00f3k. A ki\u00e1ll\u00edt\u00f3terek m\u00fazeumpedag\u00f3giai foglalkoz\u00e1soknak is helyet biztos\u00edtanak. Emellett kialak\u00edtottak egy baba-mama szob\u00e1t, egy k\u00e1v\u00e9z\u00f3t. valamint egy m\u00fazeumshopot. A beruh\u00e1z\u00e1s sor\u00e1n stabiliz\u00e1lt\u00e1k az \u00e9p\u00fcletet, \u00faj t\u00e1mfalat \u00e9p\u00edtettek, vissza\u00e1ll\u00edtott\u00e1k a torn\u00e1cot, helyre\u00e1ll\u00edtott\u00e1k a tet\u0151szerkezetet, valamint megoldott\u00e1k a v\u00edzelvezet\u00e9st, fel\u00faj\u00edtott\u00e1k a homlokzatot \u00e9s a ny\u00edl\u00e1sz\u00e1r\u00f3kat. A kast\u00e9lykert is megsz\u00e9p\u00fclt, bele\u00e9rtve a kapuzatot, a t\u00e1mfalakat \u00e9s a kerti pavilont, valamint akad\u00e1lymentes parkol\u00f3t \u00e9s \u00faj j\u00e1rd\u00e1kat alak\u00edtottak ki.<\/p>\n<p>A renov\u00e1l\u00e1snak k\u00f6sz\u00f6nhet\u0151en a Bencz\u00far-k\u00faria \u00fajra r\u00e9gi f\u00e9ny\u00e9ben t\u00fcnd\u00f6k\u00f6l, mik\u00f6zben modern kultur\u00e1lis t\u00e9rk\u00e9nt funkcion\u00e1l. Az \u00e9p\u00fclet \u00e9s ki\u00e1ll\u00edt\u00e1sai m\u00e9lt\u00f3 m\u00f3don \u0151rzik Bencz\u00far Gyula \u00f6r\u00f6ks\u00e9g\u00e9t, \u00edgy a l\u00e1togat\u00f3k egy k\u00fcl\u00f6nleges m\u0171v\u00e9szeti \u00e9s t\u00f6rt\u00e9nelmi \u00e9lm\u00e9ny r\u00e9szesei lehetnek.<\/p>\nngg_shortcode_0_placeholder\n<p>A program a GINOP-7.1.1-15-2017-00028 projekt keret\u00e9ben, eur\u00f3pai uni\u00f3s forr\u00e1s bevon\u00e1s\u00e1val val\u00f3sult meg.<\/p>\n<p>Tov\u00e1bbi r\u00e9szletek a t\u00e1mogatott projekt keres\u0151ben:<a class=\"tovabb\" href=\"https:\/\/www.palyazat.gov.hu\/eredmenyek\/tamogatott-projektek\/1620790201\" target=\"_blank\" rel=\"noopener\">Tov\u00e1bb<\/a><\/p>\n","protected":false},"excerpt":{"rendered":"<p>N\u00f3gr\u00e1d v\u00e1rmegy\u00e9ben kiemelked\u0151 turisztikai l\u00e1tv\u00e1nyoss\u00e1ggal gazdagodott a Sz\u00e9cs\u00e9nyi j\u00e1r\u00e1s: fel\u00faj\u00edtott\u00e1k a t\u00f6rt\u00e9nelmi jelent\u0151s\u00e9g\u0171 Bencz\u00far-k\u00fari\u00e1t. Az eur\u00f3pai uni\u00f3s t\u00e1rsfinansz\u00edroz\u00e1sb\u00f3l megval\u00f3s\u00edtott fejleszt\u00e9s r\u00e9v\u00e9n az \u00e9p\u00fclet visszanyerte r\u00e9gi f\u00e9ny\u00e9t, mik\u00f6zben m\u00e9lt\u00f3 eml\u00e9ket \u00e1ll\u00edt egykori h\u00edres lak\u00f3j\u00e1nak, Bencz\u00far Gyul\u00e1nak. A neves fest\u0151m\u0171v\u00e9sz alkot\u00e1sai mostant\u00f3l a k\u00faria falai k\u00f6z\u00f6tt is megtekinthet\u0151k, \u00edgy a l\u00e1togat\u00f3k egyszerre gy\u00f6ny\u00f6rk\u00f6dhetnek az \u00e9p\u00fclet eleganci\u00e1j\u00e1ban \u00e9s a magyar m\u0171v\u00e9szet egyik kiemelked\u0151 alakj\u00e1nak \u00f6r\u00f6ks\u00e9g\u00e9ben. Bencz\u00far Gyula, a Bencz\u00far-k\u00faria n\u00e9vad\u00f3ja, 1844-ben sz\u00fcletett Ny\u00edregyh\u00e1z\u00e1n. A magyar akad\u00e9mikus t\u00f6rt\u00e9neti fest\u00e9szet&#8230;<\/p>\n","protected":false},"author":17,"featured_media":7889,"comment_status":"closed","ping_status":"closed","sticky":false,"template":"","format":"standard","meta":{"_acf_changed":false,"ngg_post_thumbnail":0,"footnotes":""},"categories":[157],"tags":[908,298],"megye":[1127],"class_list":["post-7886","post","type-post","status-publish","format-standard","has-post-thumbnail","hentry","category-ginop-hu","tag-oroksegvedelem","tag-turizmus-hu","megye-nograd-megye"],"acf":[],"yoast_head":"<!-- This site is optimized with the Yoast SEO Premium plugin v28.4 (Yoast SEO v28.4) - https:\/\/yoast.com\/product\/yoast-seo-premium-wordpress\/ -->\n<title>Nagy magyar fest\u0151nk otthona \u00fajra v\u00e1rja a vend\u00e9geket - Egy\u00fctt fejl\u0151d\u00fcnk<\/title>\n<meta name=\"robots\" content=\"noindex, follow, max-snippet:-1, max-image-preview:large, max-video-preview:-1\" \/>\n<meta property=\"og:locale\" content=\"hu_HU\" \/>\n<meta property=\"og:type\" content=\"article\" \/>\n<meta property=\"og:title\" content=\"Nagy magyar fest\u0151nk otthona \u00fajra v\u00e1rja a vend\u00e9geket\" \/>\n<meta property=\"og:description\" content=\"N\u00f3gr\u00e1d v\u00e1rmegy\u00e9ben kiemelked\u0151 turisztikai l\u00e1tv\u00e1nyoss\u00e1ggal gazdagodott a Sz\u00e9cs\u00e9nyi j\u00e1r\u00e1s: fel\u00faj\u00edtott\u00e1k a t\u00f6rt\u00e9nelmi jelent\u0151s\u00e9g\u0171 Bencz\u00far-k\u00fari\u00e1t. Az eur\u00f3pai uni\u00f3s t\u00e1rsfinansz\u00edroz\u00e1sb\u00f3l megval\u00f3s\u00edtott fejleszt\u00e9s r\u00e9v\u00e9n az \u00e9p\u00fclet visszanyerte r\u00e9gi f\u00e9ny\u00e9t, mik\u00f6zben m\u00e9lt\u00f3 eml\u00e9ket \u00e1ll\u00edt egykori h\u00edres lak\u00f3j\u00e1nak, Bencz\u00far Gyul\u00e1nak. A neves fest\u0151m\u0171v\u00e9sz alkot\u00e1sai mostant\u00f3l a k\u00faria falai k\u00f6z\u00f6tt is megtekinthet\u0151k, \u00edgy a l\u00e1togat\u00f3k egyszerre gy\u00f6ny\u00f6rk\u00f6dhetnek az \u00e9p\u00fclet eleganci\u00e1j\u00e1ban \u00e9s a magyar m\u0171v\u00e9szet egyik kiemelked\u0151 alakj\u00e1nak \u00f6r\u00f6ks\u00e9g\u00e9ben. Bencz\u00far Gyula, a Bencz\u00far-k\u00faria n\u00e9vad\u00f3ja, 1844-ben sz\u00fcletett Ny\u00edregyh\u00e1z\u00e1n. A magyar akad\u00e9mikus t\u00f6rt\u00e9neti fest\u00e9szet...\" \/>\n<meta property=\"og:url\" content=\"https:\/\/egyuttfejlodunk.hu\/?p=7886\" \/>\n<meta property=\"og:site_name\" content=\"Egy\u00fctt fejl\u0151d\u00fcnk\" \/>\n<meta property=\"article:published_time\" content=\"2025-05-12T08:08:09+00:00\" \/>\n<meta property=\"article:modified_time\" content=\"2026-09-01T08:40:15+00:00\" \/>\n<meta property=\"og:image\" content=\"https:\/\/egyuttfejlodunk.hu\/wp-content\/uploads\/2025\/04\/SZB_20230928-DJI_0086-HDR.jpg\" \/>\n\t<meta property=\"og:image:width\" content=\"1920\" \/>\n\t<meta property=\"og:image:height\" content=\"1109\" \/>\n\t<meta property=\"og:image:type\" content=\"image\/jpeg\" \/>\n<meta name=\"author\" content=\"B\u00e1cskai Gabriella\" \/>\n<meta name=\"twitter:card\" content=\"summary_large_image\" \/>\n<meta name=\"twitter:label1\" content=\"Szerz\u0151:\" \/>\n\t<meta name=\"twitter:data1\" content=\"B\u00e1cskai Gabriella\" \/>\n\t<meta name=\"twitter:label2\" content=\"Becs\u00fclt olvas\u00e1si id\u0151\" \/>\n\t<meta name=\"twitter:data2\" content=\"4 perc\" \/>\n<script type=\"application\/ld+json\" class=\"yoast-schema-graph\">{\"@context\":\"https:\\\/\\\/schema.org\",\"@graph\":[{\"@type\":\"Article\",\"@id\":\"https:\\\/\\\/egyuttfejlodunk.hu\\\/?p=7886#article\",\"isPartOf\":{\"@id\":\"https:\\\/\\\/egyuttfejlodunk.hu\\\/?p=7886\"},\"author\":{\"name\":\"B\u00e1cskai Gabriella\",\"@id\":\"https:\\\/\\\/egyuttfejlodunk.hu\\\/#\\\/schema\\\/person\\\/74d5e3661b874eed1958599cd4ca7bbd\"},\"headline\":\"Nagy magyar fest\u0151nk otthona \u00fajra v\u00e1rja a vend\u00e9geket\",\"datePublished\":\"2025-05-12T08:08:09+00:00\",\"dateModified\":\"2026-09-01T08:40:15+00:00\",\"mainEntityOfPage\":{\"@id\":\"https:\\\/\\\/egyuttfejlodunk.hu\\\/?p=7886\"},\"wordCount\":1010,\"publisher\":{\"@id\":\"https:\\\/\\\/egyuttfejlodunk.hu\\\/#organization\"},\"image\":{\"@id\":\"https:\\\/\\\/egyuttfejlodunk.hu\\\/?p=7886#primaryimage\"},\"thumbnailUrl\":\"https:\\\/\\\/egyuttfejlodunk.hu\\\/wp-content\\\/uploads\\\/2025\\\/04\\\/SZB_20230928-DJI_0086-HDR.jpg\",\"keywords\":[\"\u00f6r\u00f6ks\u00e9gv\u00e9delem\",\"Turizmus\"],\"articleSection\":[\"Ginop\"],\"inLanguage\":\"hu\"},{\"@type\":\"WebPage\",\"@id\":\"https:\\\/\\\/egyuttfejlodunk.hu\\\/?p=7886\",\"url\":\"https:\\\/\\\/egyuttfejlodunk.hu\\\/?p=7886\",\"name\":\"Nagy magyar fest\u0151nk otthona \u00fajra v\u00e1rja a vend\u00e9geket - Egy\u00fctt fejl\u0151d\u00fcnk\",\"isPartOf\":{\"@id\":\"https:\\\/\\\/egyuttfejlodunk.hu\\\/#website\"},\"primaryImageOfPage\":{\"@id\":\"https:\\\/\\\/egyuttfejlodunk.hu\\\/?p=7886#primaryimage\"},\"image\":{\"@id\":\"https:\\\/\\\/egyuttfejlodunk.hu\\\/?p=7886#primaryimage\"},\"thumbnailUrl\":\"https:\\\/\\\/egyuttfejlodunk.hu\\\/wp-content\\\/uploads\\\/2025\\\/04\\\/SZB_20230928-DJI_0086-HDR.jpg\",\"datePublished\":\"2025-05-12T08:08:09+00:00\",\"dateModified\":\"2026-09-01T08:40:15+00:00\",\"breadcrumb\":{\"@id\":\"https:\\\/\\\/egyuttfejlodunk.hu\\\/?p=7886#breadcrumb\"},\"inLanguage\":\"hu\",\"potentialAction\":[{\"@type\":\"ReadAction\",\"target\":[\"https:\\\/\\\/egyuttfejlodunk.hu\\\/?p=7886\"]}]},{\"@type\":\"ImageObject\",\"inLanguage\":\"hu\",\"@id\":\"https:\\\/\\\/egyuttfejlodunk.hu\\\/?p=7886#primaryimage\",\"url\":\"https:\\\/\\\/egyuttfejlodunk.hu\\\/wp-content\\\/uploads\\\/2025\\\/04\\\/SZB_20230928-DJI_0086-HDR.jpg\",\"contentUrl\":\"https:\\\/\\\/egyuttfejlodunk.hu\\\/wp-content\\\/uploads\\\/2025\\\/04\\\/SZB_20230928-DJI_0086-HDR.jpg\",\"width\":1920,\"height\":1109},{\"@type\":\"BreadcrumbList\",\"@id\":\"https:\\\/\\\/egyuttfejlodunk.hu\\\/?p=7886#breadcrumb\",\"itemListElement\":[{\"@type\":\"ListItem\",\"position\":1,\"name\":\"Home\",\"item\":\"https:\\\/\\\/egyuttfejlodunk.hu\\\/\"},{\"@type\":\"ListItem\",\"position\":2,\"name\":\"Nagy magyar fest\u0151nk otthona \u00fajra v\u00e1rja a vend\u00e9geket\"}]},{\"@type\":\"WebSite\",\"@id\":\"https:\\\/\\\/egyuttfejlodunk.hu\\\/#website\",\"url\":\"https:\\\/\\\/egyuttfejlodunk.hu\\\/\",\"name\":\"Egy\u00fctt fejl\u0151d\u00fcnk\",\"description\":\"\",\"publisher\":{\"@id\":\"https:\\\/\\\/egyuttfejlodunk.hu\\\/#organization\"},\"potentialAction\":[{\"@type\":\"SearchAction\",\"target\":{\"@type\":\"EntryPoint\",\"urlTemplate\":\"https:\\\/\\\/egyuttfejlodunk.hu\\\/?s={search_term_string}\"},\"query-input\":{\"@type\":\"PropertyValueSpecification\",\"valueRequired\":true,\"valueName\":\"search_term_string\"}}],\"inLanguage\":\"hu\"},{\"@type\":\"Organization\",\"@id\":\"https:\\\/\\\/egyuttfejlodunk.hu\\\/#organization\",\"name\":\"Egy\u00fctt fejl\u0151d\u00fcnk\",\"url\":\"https:\\\/\\\/egyuttfejlodunk.hu\\\/\",\"logo\":{\"@type\":\"ImageObject\",\"inLanguage\":\"hu\",\"@id\":\"https:\\\/\\\/egyuttfejlodunk.hu\\\/#\\\/schema\\\/logo\\\/image\\\/\",\"url\":\"https:\\\/\\\/egyuttfejlodunk.hu\\\/wp-content\\\/uploads\\\/2026\\\/04\\\/ujlogo.jpg\",\"contentUrl\":\"https:\\\/\\\/egyuttfejlodunk.hu\\\/wp-content\\\/uploads\\\/2026\\\/04\\\/ujlogo.jpg\",\"width\":350,\"height\":110,\"caption\":\"Egy\u00fctt fejl\u0151d\u00fcnk\"},\"image\":{\"@id\":\"https:\\\/\\\/egyuttfejlodunk.hu\\\/#\\\/schema\\\/logo\\\/image\\\/\"}},{\"@type\":\"Person\",\"@id\":\"https:\\\/\\\/egyuttfejlodunk.hu\\\/#\\\/schema\\\/person\\\/74d5e3661b874eed1958599cd4ca7bbd\",\"name\":\"B\u00e1cskai Gabriella\"}]}<\/script>\n<!-- \/ Yoast SEO Premium plugin. -->","yoast_head_json":{"title":"Nagy magyar fest\u0151nk otthona \u00fajra v\u00e1rja a vend\u00e9geket - Egy\u00fctt fejl\u0151d\u00fcnk","robots":{"index":"noindex","follow":"follow","max-snippet":"max-snippet:-1","max-image-preview":"max-image-preview:large","max-video-preview":"max-video-preview:-1"},"og_locale":"hu_HU","og_type":"article","og_title":"Nagy magyar fest\u0151nk otthona \u00fajra v\u00e1rja a vend\u00e9geket","og_description":"N\u00f3gr\u00e1d v\u00e1rmegy\u00e9ben kiemelked\u0151 turisztikai l\u00e1tv\u00e1nyoss\u00e1ggal gazdagodott a Sz\u00e9cs\u00e9nyi j\u00e1r\u00e1s: fel\u00faj\u00edtott\u00e1k a t\u00f6rt\u00e9nelmi jelent\u0151s\u00e9g\u0171 Bencz\u00far-k\u00fari\u00e1t. Az eur\u00f3pai uni\u00f3s t\u00e1rsfinansz\u00edroz\u00e1sb\u00f3l megval\u00f3s\u00edtott fejleszt\u00e9s r\u00e9v\u00e9n az \u00e9p\u00fclet visszanyerte r\u00e9gi f\u00e9ny\u00e9t, mik\u00f6zben m\u00e9lt\u00f3 eml\u00e9ket \u00e1ll\u00edt egykori h\u00edres lak\u00f3j\u00e1nak, Bencz\u00far Gyul\u00e1nak. A neves fest\u0151m\u0171v\u00e9sz alkot\u00e1sai mostant\u00f3l a k\u00faria falai k\u00f6z\u00f6tt is megtekinthet\u0151k, \u00edgy a l\u00e1togat\u00f3k egyszerre gy\u00f6ny\u00f6rk\u00f6dhetnek az \u00e9p\u00fclet eleganci\u00e1j\u00e1ban \u00e9s a magyar m\u0171v\u00e9szet egyik kiemelked\u0151 alakj\u00e1nak \u00f6r\u00f6ks\u00e9g\u00e9ben. Bencz\u00far Gyula, a Bencz\u00far-k\u00faria n\u00e9vad\u00f3ja, 1844-ben sz\u00fcletett Ny\u00edregyh\u00e1z\u00e1n. A magyar akad\u00e9mikus t\u00f6rt\u00e9neti fest\u00e9szet...","og_url":"https:\/\/egyuttfejlodunk.hu\/?p=7886","og_site_name":"Egy\u00fctt fejl\u0151d\u00fcnk","article_published_time":"2025-05-12T08:08:09+00:00","article_modified_time":"2026-09-01T08:40:15+00:00","og_image":[{"width":1920,"height":1109,"url":"https:\/\/egyuttfejlodunk.hu\/wp-content\/uploads\/2025\/04\/SZB_20230928-DJI_0086-HDR.jpg","type":"image\/jpeg"}],"author":"B\u00e1cskai Gabriella","twitter_card":"summary_large_image","twitter_misc":{"Szerz\u0151:":"B\u00e1cskai Gabriella","Becs\u00fclt olvas\u00e1si id\u0151":"4 perc"},"schema":{"@context":"https:\/\/schema.org","@graph":[{"@type":"Article","@id":"https:\/\/egyuttfejlodunk.hu\/?p=7886#article","isPartOf":{"@id":"https:\/\/egyuttfejlodunk.hu\/?p=7886"},"author":{"name":"B\u00e1cskai Gabriella","@id":"https:\/\/egyuttfejlodunk.hu\/#\/schema\/person\/74d5e3661b874eed1958599cd4ca7bbd"},"headline":"Nagy magyar fest\u0151nk otthona \u00fajra v\u00e1rja a vend\u00e9geket","datePublished":"2025-05-12T08:08:09+00:00","dateModified":"2026-09-01T08:40:15+00:00","mainEntityOfPage":{"@id":"https:\/\/egyuttfejlodunk.hu\/?p=7886"},"wordCount":1010,"publisher":{"@id":"https:\/\/egyuttfejlodunk.hu\/#organization"},"image":{"@id":"https:\/\/egyuttfejlodunk.hu\/?p=7886#primaryimage"},"thumbnailUrl":"https:\/\/egyuttfejlodunk.hu\/wp-content\/uploads\/2025\/04\/SZB_20230928-DJI_0086-HDR.jpg","keywords":["\u00f6r\u00f6ks\u00e9gv\u00e9delem","Turizmus"],"articleSection":["Ginop"],"inLanguage":"hu"},{"@type":"WebPage","@id":"https:\/\/egyuttfejlodunk.hu\/?p=7886","url":"https:\/\/egyuttfejlodunk.hu\/?p=7886","name":"Nagy magyar fest\u0151nk otthona \u00fajra v\u00e1rja a vend\u00e9geket - Egy\u00fctt fejl\u0151d\u00fcnk","isPartOf":{"@id":"https:\/\/egyuttfejlodunk.hu\/#website"},"primaryImageOfPage":{"@id":"https:\/\/egyuttfejlodunk.hu\/?p=7886#primaryimage"},"image":{"@id":"https:\/\/egyuttfejlodunk.hu\/?p=7886#primaryimage"},"thumbnailUrl":"https:\/\/egyuttfejlodunk.hu\/wp-content\/uploads\/2025\/04\/SZB_20230928-DJI_0086-HDR.jpg","datePublished":"2025-05-12T08:08:09+00:00","dateModified":"2026-09-01T08:40:15+00:00","breadcrumb":{"@id":"https:\/\/egyuttfejlodunk.hu\/?p=7886#breadcrumb"},"inLanguage":"hu","potentialAction":[{"@type":"ReadAction","target":["https:\/\/egyuttfejlodunk.hu\/?p=7886"]}]},{"@type":"ImageObject","inLanguage":"hu","@id":"https:\/\/egyuttfejlodunk.hu\/?p=7886#primaryimage","url":"https:\/\/egyuttfejlodunk.hu\/wp-content\/uploads\/2025\/04\/SZB_20230928-DJI_0086-HDR.jpg","contentUrl":"https:\/\/egyuttfejlodunk.hu\/wp-content\/uploads\/2025\/04\/SZB_20230928-DJI_0086-HDR.jpg","width":1920,"height":1109},{"@type":"BreadcrumbList","@id":"https:\/\/egyuttfejlodunk.hu\/?p=7886#breadcrumb","itemListElement":[{"@type":"ListItem","position":1,"name":"Home","item":"https:\/\/egyuttfejlodunk.hu\/"},{"@type":"ListItem","position":2,"name":"Nagy magyar fest\u0151nk otthona \u00fajra v\u00e1rja a vend\u00e9geket"}]},{"@type":"WebSite","@id":"https:\/\/egyuttfejlodunk.hu\/#website","url":"https:\/\/egyuttfejlodunk.hu\/","name":"Egy\u00fctt fejl\u0151d\u00fcnk","description":"","publisher":{"@id":"https:\/\/egyuttfejlodunk.hu\/#organization"},"potentialAction":[{"@type":"SearchAction","target":{"@type":"EntryPoint","urlTemplate":"https:\/\/egyuttfejlodunk.hu\/?s={search_term_string}"},"query-input":{"@type":"PropertyValueSpecification","valueRequired":true,"valueName":"search_term_string"}}],"inLanguage":"hu"},{"@type":"Organization","@id":"https:\/\/egyuttfejlodunk.hu\/#organization","name":"Egy\u00fctt fejl\u0151d\u00fcnk","url":"https:\/\/egyuttfejlodunk.hu\/","logo":{"@type":"ImageObject","inLanguage":"hu","@id":"https:\/\/egyuttfejlodunk.hu\/#\/schema\/logo\/image\/","url":"https:\/\/egyuttfejlodunk.hu\/wp-content\/uploads\/2026\/04\/ujlogo.jpg","contentUrl":"https:\/\/egyuttfejlodunk.hu\/wp-content\/uploads\/2026\/04\/ujlogo.jpg","width":350,"height":110,"caption":"Egy\u00fctt fejl\u0151d\u00fcnk"},"image":{"@id":"https:\/\/egyuttfejlodunk.hu\/#\/schema\/logo\/image\/"}},{"@type":"Person","@id":"https:\/\/egyuttfejlodunk.hu\/#\/schema\/person\/74d5e3661b874eed1958599cd4ca7bbd","name":"B\u00e1cskai Gabriella"}]}},"_links":{"self":[{"href":"https:\/\/egyuttfejlodunk.hu\/index.php?rest_route=\/wp\/v2\/posts\/7886","targetHints":{"allow":["GET"]}}],"collection":[{"href":"https:\/\/egyuttfejlodunk.hu\/index.php?rest_route=\/wp\/v2\/posts"}],"about":[{"href":"https:\/\/egyuttfejlodunk.hu\/index.php?rest_route=\/wp\/v2\/types\/post"}],"author":[{"embeddable":true,"href":"https:\/\/egyuttfejlodunk.hu\/index.php?rest_route=\/wp\/v2\/users\/17"}],"replies":[{"embeddable":true,"href":"https:\/\/egyuttfejlodunk.hu\/index.php?rest_route=%2Fwp%2Fv2%2Fcomments&post=7886"}],"version-history":[{"count":3,"href":"https:\/\/egyuttfejlodunk.hu\/index.php?rest_route=\/wp\/v2\/posts\/7886\/revisions"}],"predecessor-version":[{"id":7901,"href":"https:\/\/egyuttfejlodunk.hu\/index.php?rest_route=\/wp\/v2\/posts\/7886\/revisions\/7901"}],"wp:featuredmedia":[{"embeddable":true,"href":"https:\/\/egyuttfejlodunk.hu\/index.php?rest_route=\/wp\/v2\/media\/7889"}],"wp:attachment":[{"href":"https:\/\/egyuttfejlodunk.hu\/index.php?rest_route=%2Fwp%2Fv2%2Fmedia&parent=7886"}],"wp:term":[{"taxonomy":"category","embeddable":true,"href":"https:\/\/egyuttfejlodunk.hu\/index.php?rest_route=%2Fwp%2Fv2%2Fcategories&post=7886"},{"taxonomy":"post_tag","embeddable":true,"href":"https:\/\/egyuttfejlodunk.hu\/index.php?rest_route=%2Fwp%2Fv2%2Ftags&post=7886"},{"taxonomy":"megye","embeddable":true,"href":"https:\/\/egyuttfejlodunk.hu\/index.php?rest_route=%2Fwp%2Fv2%2Fmegye&post=7886"}],"curies":[{"name":"wp","href":"https:\/\/api.w.org\/{rel}","templated":true}]}}