{"id":7951,"date":"2025-04-23T14:30:48","date_gmt":"2025-04-23T12:30:48","guid":{"rendered":"https:\/\/teszt.s152.mediacenter.hu\/egyuttfejlodunk\/?p=7951"},"modified":"2025-04-09T14:32:25","modified_gmt":"2025-04-09T12:32:25","slug":"ensuring-equal-opportunities-and-inclusion-in-veszprem-county-2","status":"publish","type":"post","link":"https:\/\/egyuttfejlodunk.hu\/en\/ensuring-equal-opportunities-and-inclusion-in-veszprem-county-2\/","title":{"rendered":"Ensuring equal opportunities and inclusion in Veszpr\u00e9m County"},"content":{"rendered":"<p><strong>One of the most specific groups of children with special educational needs consists of those who are severely and multiply disabled. For them, creating an inclusive educational environment is of paramount importance in public education. To support this goal, the Educational District Centre of Veszpr\u00e9m implemented a comprehensive professional development program with co-financing from the European Union. The project aimed to enhance the professional development of institutions providing care for these children, strengthen social acceptance, and support families.<\/strong><\/p>\n<p>The program was carried out in three institutions of the Educational District Centre of Veszpr\u00e9m, the headquarters of the Veszpr\u00e9m County Pedagogical Service, and ten of its branch institutions. Experts organized more than 160 professional programs, involving not only children but also their parents, teachers, and other professional partners.<\/p>\n<p>The participating institutions developed numerous innovative methods and programs to support children with disabilities. Teachers at Kozmutza School designed new teaching methods that offer engaging learning experiences, helping children with moderate, severe, and multiple disabilities explore their environment. In addition, they organized parent-support programs and roundtable discussions to provide families with diverse and effective support. The B\u00e1rczi Unified Special Education Methodological Institution published a series of thematic booklets offering precise guidance to parents and teachers on understanding different types of disabilities and identifying development opportunities. Meanwhile, the Bartos Unified Special Education Methodological Institution introduced animal-assisted therapy sessions, which not only supported students\u2019 development but also helped promote the method more widely. The benefits of canine therapy in education were demonstrated to kindergartens and schools, contributing to the spread of an inclusive pedagogical approach.<\/p>\n<p>The Veszpr\u00e9m County Pedagogical Service also organized various leisure programs, camps, and experience days where children with and without disabilities could participate together. Experts conducted training sessions on learning strategies, behavioral therapy, self-awareness, and communication skills to facilitate the integration of severely and multiply disabled students and the creation of inclusive peer communities. Nearly 500 children took part in these development programs.<\/p>\n<p>The project also supported the professional development of institutional staff. As part of the improvements, institutions received specialized therapeutic and medical equipment, as well as information and communication technology devices.<\/p>\n<p>Although the project has officially concluded, its impact continues to shape the daily lives of children, families, and educators, who can apply the acquired experiences and knowledge in the future. In the long run, the program contributes to improving the quality of care for children with disabilities and fostering a more open and accepting society.<\/p>\n<p><img fetchpriority=\"high\" decoding=\"async\" class=\"alignnone size-medium wp-image-7913\" src=\"https:\/\/egyuttfejlodunk.hu\/wp-content\/uploads\/2025\/04\/Barczi_Okoskocka_1-640x853.jpg\" alt=\"\" width=\"640\" height=\"853\" srcset=\"https:\/\/egyuttfejlodunk.hu\/wp-content\/uploads\/2025\/04\/Barczi_Okoskocka_1-640x853.jpg 640w, https:\/\/egyuttfejlodunk.hu\/wp-content\/uploads\/2025\/04\/Barczi_Okoskocka_1-1280x1707.jpg 1280w, https:\/\/egyuttfejlodunk.hu\/wp-content\/uploads\/2025\/04\/Barczi_Okoskocka_1-768x1024.jpg 768w, https:\/\/egyuttfejlodunk.hu\/wp-content\/uploads\/2025\/04\/Barczi_Okoskocka_1-1152x1536.jpg 1152w, https:\/\/egyuttfejlodunk.hu\/wp-content\/uploads\/2025\/04\/Barczi_Okoskocka_1-320x427.jpg 320w, https:\/\/egyuttfejlodunk.hu\/wp-content\/uploads\/2025\/04\/Barczi_Okoskocka_1.jpg 1296w\" sizes=\"(max-width: 640px) 100vw, 640px\" \/><\/p>\n<p>The development was implemented from EU funding in the project EFOP-3.1.6-16-2017-00006 under the Human Resource Development Operational Programme.<\/p>\n<p>Find out more about the project in the Project Finder:<a class=\"tovabb\" href=\"https:\/\/www.palyazat.gov.hu\/eredmenyek\/tamogatott-projektek\/1461180201\" target=\"_blank\" rel=\"noopener\">Details<\/a><\/p>\n","protected":false},"excerpt":{"rendered":"<p>One of the most specific groups of children with special educational needs consists of those who are severely and multiply disabled. For them, creating an inclusive educational environment is of paramount importance in public education. To support this goal, the Educational District Centre of Veszpr\u00e9m implemented a comprehensive professional development program with co-financing from the European Union. The project aimed to enhance the professional development of institutions providing care for these children, strengthen social acceptance,&#8230;<\/p>\n","protected":false},"author":17,"featured_media":7912,"comment_status":"closed","ping_status":"closed","sticky":false,"template":"","format":"standard","meta":{"_acf_changed":false,"ngg_post_thumbnail":0,"footnotes":""},"categories":[342],"tags":[],"megye":[],"class_list":["post-7951","post","type-post","status-publish","format-standard","has-post-thumbnail","hentry","category-efop-en"],"acf":[],"yoast_head":"<!-- This site is optimized with the Yoast SEO Premium plugin v28.4 (Yoast SEO v28.4) - https:\/\/yoast.com\/product\/yoast-seo-premium-wordpress\/ -->\n<title>Ensuring equal opportunities and inclusion in Veszpr\u00e9m County - Egy\u00fctt fejl\u0151d\u00fcnk<\/title>\n<meta name=\"robots\" content=\"noindex, follow, max-snippet:-1, max-image-preview:large, max-video-preview:-1\" \/>\n<meta property=\"og:locale\" content=\"hu_HU\" \/>\n<meta property=\"og:type\" content=\"article\" \/>\n<meta property=\"og:title\" content=\"Ensuring equal opportunities and inclusion in Veszpr\u00e9m County\" \/>\n<meta property=\"og:description\" content=\"One of the most specific groups of children with special educational needs consists of those who are severely and multiply disabled. For them, creating an inclusive educational environment is of paramount importance in public education. To support this goal, the Educational District Centre of Veszpr\u00e9m implemented a comprehensive professional development program with co-financing from the European Union. The project aimed to enhance the professional development of institutions providing care for these children, strengthen social acceptance,...\" \/>\n<meta property=\"og:url\" content=\"https:\/\/egyuttfejlodunk.hu\/en\/ensuring-equal-opportunities-and-inclusion-in-veszprem-county-2\/\" \/>\n<meta property=\"og:site_name\" content=\"Egy\u00fctt fejl\u0151d\u00fcnk\" \/>\n<meta property=\"article:published_time\" content=\"2025-04-23T12:30:48+00:00\" \/>\n<meta property=\"og:image\" content=\"https:\/\/egyuttfejlodunk.hu\/wp-content\/uploads\/2025\/04\/Barczi_Okoskocka_5-1.jpg\" \/>\n\t<meta property=\"og:image:width\" content=\"1296\" \/>\n\t<meta property=\"og:image:height\" content=\"534\" \/>\n\t<meta property=\"og:image:type\" content=\"image\/jpeg\" \/>\n<meta name=\"author\" content=\"B\u00e1cskai Gabriella\" \/>\n<meta name=\"twitter:card\" content=\"summary_large_image\" \/>\n<meta name=\"twitter:label1\" content=\"Szerz\u0151:\" \/>\n\t<meta name=\"twitter:data1\" content=\"B\u00e1cskai Gabriella\" \/>\n\t<meta name=\"twitter:label2\" content=\"Becs\u00fclt olvas\u00e1si id\u0151\" \/>\n\t<meta name=\"twitter:data2\" content=\"2 perc\" \/>\n<script type=\"application\/ld+json\" class=\"yoast-schema-graph\">{\"@context\":\"https:\\\/\\\/schema.org\",\"@graph\":[{\"@type\":\"Article\",\"@id\":\"https:\\\/\\\/egyuttfejlodunk.hu\\\/en\\\/ensuring-equal-opportunities-and-inclusion-in-veszprem-county-2\\\/#article\",\"isPartOf\":{\"@id\":\"https:\\\/\\\/egyuttfejlodunk.hu\\\/en\\\/ensuring-equal-opportunities-and-inclusion-in-veszprem-county-2\\\/\"},\"author\":{\"name\":\"B\u00e1cskai Gabriella\",\"@id\":\"https:\\\/\\\/egyuttfejlodunk.hu\\\/#\\\/schema\\\/person\\\/74d5e3661b874eed1958599cd4ca7bbd\"},\"headline\":\"Ensuring equal opportunities and inclusion in Veszpr\u00e9m County\",\"datePublished\":\"2025-04-23T12:30:48+00:00\",\"mainEntityOfPage\":{\"@id\":\"https:\\\/\\\/egyuttfejlodunk.hu\\\/en\\\/ensuring-equal-opportunities-and-inclusion-in-veszprem-county-2\\\/\"},\"wordCount\":451,\"publisher\":{\"@id\":\"https:\\\/\\\/egyuttfejlodunk.hu\\\/#organization\"},\"image\":{\"@id\":\"https:\\\/\\\/egyuttfejlodunk.hu\\\/en\\\/ensuring-equal-opportunities-and-inclusion-in-veszprem-county-2\\\/#primaryimage\"},\"thumbnailUrl\":\"https:\\\/\\\/egyuttfejlodunk.hu\\\/wp-content\\\/uploads\\\/2025\\\/04\\\/Barczi_Okoskocka_5-1.jpg\",\"articleSection\":[\"EFOP\"],\"inLanguage\":\"hu\"},{\"@type\":\"WebPage\",\"@id\":\"https:\\\/\\\/egyuttfejlodunk.hu\\\/en\\\/ensuring-equal-opportunities-and-inclusion-in-veszprem-county-2\\\/\",\"url\":\"https:\\\/\\\/egyuttfejlodunk.hu\\\/en\\\/ensuring-equal-opportunities-and-inclusion-in-veszprem-county-2\\\/\",\"name\":\"Ensuring equal opportunities and inclusion in Veszpr\u00e9m County - Egy\u00fctt fejl\u0151d\u00fcnk\",\"isPartOf\":{\"@id\":\"https:\\\/\\\/egyuttfejlodunk.hu\\\/#website\"},\"primaryImageOfPage\":{\"@id\":\"https:\\\/\\\/egyuttfejlodunk.hu\\\/en\\\/ensuring-equal-opportunities-and-inclusion-in-veszprem-county-2\\\/#primaryimage\"},\"image\":{\"@id\":\"https:\\\/\\\/egyuttfejlodunk.hu\\\/en\\\/ensuring-equal-opportunities-and-inclusion-in-veszprem-county-2\\\/#primaryimage\"},\"thumbnailUrl\":\"https:\\\/\\\/egyuttfejlodunk.hu\\\/wp-content\\\/uploads\\\/2025\\\/04\\\/Barczi_Okoskocka_5-1.jpg\",\"datePublished\":\"2025-04-23T12:30:48+00:00\",\"breadcrumb\":{\"@id\":\"https:\\\/\\\/egyuttfejlodunk.hu\\\/en\\\/ensuring-equal-opportunities-and-inclusion-in-veszprem-county-2\\\/#breadcrumb\"},\"inLanguage\":\"hu\",\"potentialAction\":[{\"@type\":\"ReadAction\",\"target\":[\"https:\\\/\\\/egyuttfejlodunk.hu\\\/en\\\/ensuring-equal-opportunities-and-inclusion-in-veszprem-county-2\\\/\"]}]},{\"@type\":\"ImageObject\",\"inLanguage\":\"hu\",\"@id\":\"https:\\\/\\\/egyuttfejlodunk.hu\\\/en\\\/ensuring-equal-opportunities-and-inclusion-in-veszprem-county-2\\\/#primaryimage\",\"url\":\"https:\\\/\\\/egyuttfejlodunk.hu\\\/wp-content\\\/uploads\\\/2025\\\/04\\\/Barczi_Okoskocka_5-1.jpg\",\"contentUrl\":\"https:\\\/\\\/egyuttfejlodunk.hu\\\/wp-content\\\/uploads\\\/2025\\\/04\\\/Barczi_Okoskocka_5-1.jpg\",\"width\":1296,\"height\":534},{\"@type\":\"BreadcrumbList\",\"@id\":\"https:\\\/\\\/egyuttfejlodunk.hu\\\/en\\\/ensuring-equal-opportunities-and-inclusion-in-veszprem-county-2\\\/#breadcrumb\",\"itemListElement\":[{\"@type\":\"ListItem\",\"position\":1,\"name\":\"Home\",\"item\":\"https:\\\/\\\/egyuttfejlodunk.hu\\\/\"},{\"@type\":\"ListItem\",\"position\":2,\"name\":\"Ensuring equal opportunities and inclusion in Veszpr\u00e9m County\"}]},{\"@type\":\"WebSite\",\"@id\":\"https:\\\/\\\/egyuttfejlodunk.hu\\\/#website\",\"url\":\"https:\\\/\\\/egyuttfejlodunk.hu\\\/\",\"name\":\"Egy\u00fctt fejl\u0151d\u00fcnk\",\"description\":\"\",\"publisher\":{\"@id\":\"https:\\\/\\\/egyuttfejlodunk.hu\\\/#organization\"},\"potentialAction\":[{\"@type\":\"SearchAction\",\"target\":{\"@type\":\"EntryPoint\",\"urlTemplate\":\"https:\\\/\\\/egyuttfejlodunk.hu\\\/?s={search_term_string}\"},\"query-input\":{\"@type\":\"PropertyValueSpecification\",\"valueRequired\":true,\"valueName\":\"search_term_string\"}}],\"inLanguage\":\"hu\"},{\"@type\":\"Organization\",\"@id\":\"https:\\\/\\\/egyuttfejlodunk.hu\\\/#organization\",\"name\":\"Egy\u00fctt fejl\u0151d\u00fcnk\",\"url\":\"https:\\\/\\\/egyuttfejlodunk.hu\\\/\",\"logo\":{\"@type\":\"ImageObject\",\"inLanguage\":\"hu\",\"@id\":\"https:\\\/\\\/egyuttfejlodunk.hu\\\/#\\\/schema\\\/logo\\\/image\\\/\",\"url\":\"https:\\\/\\\/egyuttfejlodunk.hu\\\/wp-content\\\/uploads\\\/2026\\\/04\\\/ujlogo.jpg\",\"contentUrl\":\"https:\\\/\\\/egyuttfejlodunk.hu\\\/wp-content\\\/uploads\\\/2026\\\/04\\\/ujlogo.jpg\",\"width\":350,\"height\":110,\"caption\":\"Egy\u00fctt fejl\u0151d\u00fcnk\"},\"image\":{\"@id\":\"https:\\\/\\\/egyuttfejlodunk.hu\\\/#\\\/schema\\\/logo\\\/image\\\/\"}},{\"@type\":\"Person\",\"@id\":\"https:\\\/\\\/egyuttfejlodunk.hu\\\/#\\\/schema\\\/person\\\/74d5e3661b874eed1958599cd4ca7bbd\",\"name\":\"B\u00e1cskai Gabriella\"}]}<\/script>\n<!-- \/ Yoast SEO Premium plugin. -->","yoast_head_json":{"title":"Ensuring equal opportunities and inclusion in Veszpr\u00e9m County - Egy\u00fctt fejl\u0151d\u00fcnk","robots":{"index":"noindex","follow":"follow","max-snippet":"max-snippet:-1","max-image-preview":"max-image-preview:large","max-video-preview":"max-video-preview:-1"},"og_locale":"hu_HU","og_type":"article","og_title":"Ensuring equal opportunities and inclusion in Veszpr\u00e9m County","og_description":"One of the most specific groups of children with special educational needs consists of those who are severely and multiply disabled. For them, creating an inclusive educational environment is of paramount importance in public education. To support this goal, the Educational District Centre of Veszpr\u00e9m implemented a comprehensive professional development program with co-financing from the European Union. The project aimed to enhance the professional development of institutions providing care for these children, strengthen social acceptance,...","og_url":"https:\/\/egyuttfejlodunk.hu\/en\/ensuring-equal-opportunities-and-inclusion-in-veszprem-county-2\/","og_site_name":"Egy\u00fctt fejl\u0151d\u00fcnk","article_published_time":"2025-04-23T12:30:48+00:00","og_image":[{"width":1296,"height":534,"url":"https:\/\/egyuttfejlodunk.hu\/wp-content\/uploads\/2025\/04\/Barczi_Okoskocka_5-1.jpg","type":"image\/jpeg"}],"author":"B\u00e1cskai Gabriella","twitter_card":"summary_large_image","twitter_misc":{"Szerz\u0151:":"B\u00e1cskai Gabriella","Becs\u00fclt olvas\u00e1si id\u0151":"2 perc"},"schema":{"@context":"https:\/\/schema.org","@graph":[{"@type":"Article","@id":"https:\/\/egyuttfejlodunk.hu\/en\/ensuring-equal-opportunities-and-inclusion-in-veszprem-county-2\/#article","isPartOf":{"@id":"https:\/\/egyuttfejlodunk.hu\/en\/ensuring-equal-opportunities-and-inclusion-in-veszprem-county-2\/"},"author":{"name":"B\u00e1cskai Gabriella","@id":"https:\/\/egyuttfejlodunk.hu\/#\/schema\/person\/74d5e3661b874eed1958599cd4ca7bbd"},"headline":"Ensuring equal opportunities and inclusion in Veszpr\u00e9m County","datePublished":"2025-04-23T12:30:48+00:00","mainEntityOfPage":{"@id":"https:\/\/egyuttfejlodunk.hu\/en\/ensuring-equal-opportunities-and-inclusion-in-veszprem-county-2\/"},"wordCount":451,"publisher":{"@id":"https:\/\/egyuttfejlodunk.hu\/#organization"},"image":{"@id":"https:\/\/egyuttfejlodunk.hu\/en\/ensuring-equal-opportunities-and-inclusion-in-veszprem-county-2\/#primaryimage"},"thumbnailUrl":"https:\/\/egyuttfejlodunk.hu\/wp-content\/uploads\/2025\/04\/Barczi_Okoskocka_5-1.jpg","articleSection":["EFOP"],"inLanguage":"hu"},{"@type":"WebPage","@id":"https:\/\/egyuttfejlodunk.hu\/en\/ensuring-equal-opportunities-and-inclusion-in-veszprem-county-2\/","url":"https:\/\/egyuttfejlodunk.hu\/en\/ensuring-equal-opportunities-and-inclusion-in-veszprem-county-2\/","name":"Ensuring equal opportunities and inclusion in Veszpr\u00e9m County - Egy\u00fctt fejl\u0151d\u00fcnk","isPartOf":{"@id":"https:\/\/egyuttfejlodunk.hu\/#website"},"primaryImageOfPage":{"@id":"https:\/\/egyuttfejlodunk.hu\/en\/ensuring-equal-opportunities-and-inclusion-in-veszprem-county-2\/#primaryimage"},"image":{"@id":"https:\/\/egyuttfejlodunk.hu\/en\/ensuring-equal-opportunities-and-inclusion-in-veszprem-county-2\/#primaryimage"},"thumbnailUrl":"https:\/\/egyuttfejlodunk.hu\/wp-content\/uploads\/2025\/04\/Barczi_Okoskocka_5-1.jpg","datePublished":"2025-04-23T12:30:48+00:00","breadcrumb":{"@id":"https:\/\/egyuttfejlodunk.hu\/en\/ensuring-equal-opportunities-and-inclusion-in-veszprem-county-2\/#breadcrumb"},"inLanguage":"hu","potentialAction":[{"@type":"ReadAction","target":["https:\/\/egyuttfejlodunk.hu\/en\/ensuring-equal-opportunities-and-inclusion-in-veszprem-county-2\/"]}]},{"@type":"ImageObject","inLanguage":"hu","@id":"https:\/\/egyuttfejlodunk.hu\/en\/ensuring-equal-opportunities-and-inclusion-in-veszprem-county-2\/#primaryimage","url":"https:\/\/egyuttfejlodunk.hu\/wp-content\/uploads\/2025\/04\/Barczi_Okoskocka_5-1.jpg","contentUrl":"https:\/\/egyuttfejlodunk.hu\/wp-content\/uploads\/2025\/04\/Barczi_Okoskocka_5-1.jpg","width":1296,"height":534},{"@type":"BreadcrumbList","@id":"https:\/\/egyuttfejlodunk.hu\/en\/ensuring-equal-opportunities-and-inclusion-in-veszprem-county-2\/#breadcrumb","itemListElement":[{"@type":"ListItem","position":1,"name":"Home","item":"https:\/\/egyuttfejlodunk.hu\/"},{"@type":"ListItem","position":2,"name":"Ensuring equal opportunities and inclusion in Veszpr\u00e9m County"}]},{"@type":"WebSite","@id":"https:\/\/egyuttfejlodunk.hu\/#website","url":"https:\/\/egyuttfejlodunk.hu\/","name":"Egy\u00fctt fejl\u0151d\u00fcnk","description":"","publisher":{"@id":"https:\/\/egyuttfejlodunk.hu\/#organization"},"potentialAction":[{"@type":"SearchAction","target":{"@type":"EntryPoint","urlTemplate":"https:\/\/egyuttfejlodunk.hu\/?s={search_term_string}"},"query-input":{"@type":"PropertyValueSpecification","valueRequired":true,"valueName":"search_term_string"}}],"inLanguage":"hu"},{"@type":"Organization","@id":"https:\/\/egyuttfejlodunk.hu\/#organization","name":"Egy\u00fctt fejl\u0151d\u00fcnk","url":"https:\/\/egyuttfejlodunk.hu\/","logo":{"@type":"ImageObject","inLanguage":"hu","@id":"https:\/\/egyuttfejlodunk.hu\/#\/schema\/logo\/image\/","url":"https:\/\/egyuttfejlodunk.hu\/wp-content\/uploads\/2026\/04\/ujlogo.jpg","contentUrl":"https:\/\/egyuttfejlodunk.hu\/wp-content\/uploads\/2026\/04\/ujlogo.jpg","width":350,"height":110,"caption":"Egy\u00fctt fejl\u0151d\u00fcnk"},"image":{"@id":"https:\/\/egyuttfejlodunk.hu\/#\/schema\/logo\/image\/"}},{"@type":"Person","@id":"https:\/\/egyuttfejlodunk.hu\/#\/schema\/person\/74d5e3661b874eed1958599cd4ca7bbd","name":"B\u00e1cskai Gabriella"}]}},"_links":{"self":[{"href":"https:\/\/egyuttfejlodunk.hu\/wp-json\/wp\/v2\/posts\/7951","targetHints":{"allow":["GET"]}}],"collection":[{"href":"https:\/\/egyuttfejlodunk.hu\/wp-json\/wp\/v2\/posts"}],"about":[{"href":"https:\/\/egyuttfejlodunk.hu\/wp-json\/wp\/v2\/types\/post"}],"author":[{"embeddable":true,"href":"https:\/\/egyuttfejlodunk.hu\/wp-json\/wp\/v2\/users\/17"}],"replies":[{"embeddable":true,"href":"https:\/\/egyuttfejlodunk.hu\/wp-json\/wp\/v2\/comments?post=7951"}],"version-history":[{"count":1,"href":"https:\/\/egyuttfejlodunk.hu\/wp-json\/wp\/v2\/posts\/7951\/revisions"}],"predecessor-version":[{"id":7952,"href":"https:\/\/egyuttfejlodunk.hu\/wp-json\/wp\/v2\/posts\/7951\/revisions\/7952"}],"wp:featuredmedia":[{"embeddable":true,"href":"https:\/\/egyuttfejlodunk.hu\/wp-json\/wp\/v2\/media\/7912"}],"wp:attachment":[{"href":"https:\/\/egyuttfejlodunk.hu\/wp-json\/wp\/v2\/media?parent=7951"}],"wp:term":[{"taxonomy":"category","embeddable":true,"href":"https:\/\/egyuttfejlodunk.hu\/wp-json\/wp\/v2\/categories?post=7951"},{"taxonomy":"post_tag","embeddable":true,"href":"https:\/\/egyuttfejlodunk.hu\/wp-json\/wp\/v2\/tags?post=7951"},{"taxonomy":"megye","embeddable":true,"href":"https:\/\/egyuttfejlodunk.hu\/wp-json\/wp\/v2\/megye?post=7951"}],"curies":[{"name":"wp","href":"https:\/\/api.w.org\/{rel}","templated":true}]}}