{"id":8025,"date":"2025-05-13T17:11:40","date_gmt":"2025-05-13T15:11:40","guid":{"rendered":"https:\/\/teszt.s152.mediacenter.hu\/egyuttfejlodunk\/?p=8025"},"modified":"2025-05-15T10:13:26","modified_gmt":"2025-05-15T08:13:26","slug":"employment-forum-in-pest-county","status":"publish","type":"post","link":"https:\/\/egyuttfejlodunk.hu\/en\/employment-forum-in-pest-county\/","title":{"rendered":"Employment forum in Pest County"},"content":{"rendered":"<p><strong>The Government Office of Pest County organized an employment forum as part of the Pillar Project, with the participation of employers, businesses, civil organizations, and institutions.<\/strong><\/p>\n<p>One of the goals of the Operations of Strategic Importance (OSI) for the 2021\u20132027 programming period\u2014referred to in the Hungarian development policy as Pillars\u2014is to increase the visibility of EU funding, widely showcasing the results achieved to the public. The Economic Development and Innovation Operational Programme Plus includes two key pillars: the Youth Guarantee Plus, and the Expansion and Development of Labour Supply\u2014both implemented nationwide.<\/p>\n<p>The Youth Guarantee Plus targets young people aged 15\u201329 who are not in education, employment, or training (NEET), helping them gain employment, work experience, and marketable skills. The program is supported by approximately HUF 102 billion in EU funding.<\/p>\n<p>The Expansion and Development of Labour Supply project uses HUF 150 billion to support job seekers and inactive individuals over the age of 30, with a special focus on disadvantaged groups, their potential employers, and individuals transitioning out of public employment. The integration of these target groups into the open labor market is promoted through a series of interconnected services and support measures.<\/p>\n<p>The Government Office emphasised that it provides assistance and information to businesses not only in the field of labour and human resources but across the broadest possible range of support opportunities. In addition to the Economic Development and Innovation Operational Programme Plus Pillar projects, the Digital Renewal Operational Programme Plus also provides development opportunities, particularly aimed at enhancing the competitiveness of small and medium-sized enterprises (SMEs).<\/p>\n<p>The forum also featured presentations on current taxation issues and labor inspections, which are important from the perspective of everyday business operations.<\/p>\n<p>The primary objective of labour market programmes is to promote the employment of job seekers and inactive individuals, enabling as many people as possible to contribute to both their own well-being and the prosperity of their communities through meaningful work.<\/p>\n","protected":false},"excerpt":{"rendered":"<p>The Government Office of Pest County organized an employment forum as part of the Pillar Project, with the participation of employers, businesses, civil organizations, and institutions. One of the goals of the Operations of Strategic Importance (OSI) for the 2021\u20132027 programming period\u2014referred to in the Hungarian development policy as Pillars\u2014is to increase the visibility of EU funding, widely showcasing the results achieved to the public. The Economic Development and Innovation Operational Programme Plus includes two&#8230;<\/p>\n","protected":false},"author":17,"featured_media":8018,"comment_status":"closed","ping_status":"closed","sticky":false,"template":"","format":"standard","meta":{"_acf_changed":false,"ngg_post_thumbnail":0,"footnotes":""},"categories":[799],"tags":[],"megye":[],"class_list":["post-8025","post","type-post","status-publish","format-standard","has-post-thumbnail","hentry","category-szechenyi-plusz-osi-en"],"acf":[],"yoast_head":"<!-- This site is optimized with the Yoast SEO Premium plugin v28.4 (Yoast SEO v28.4) - https:\/\/yoast.com\/product\/yoast-seo-premium-wordpress\/ -->\n<title>Employment forum in Pest County - Egy\u00fctt fejl\u0151d\u00fcnk<\/title>\n<meta name=\"robots\" content=\"noindex, follow, max-snippet:-1, max-image-preview:large, max-video-preview:-1\" \/>\n<meta property=\"og:locale\" content=\"hu_HU\" \/>\n<meta property=\"og:type\" content=\"article\" \/>\n<meta property=\"og:title\" content=\"Employment forum in Pest County\" \/>\n<meta property=\"og:description\" content=\"The Government Office of Pest County organized an employment forum as part of the Pillar Project, with the participation of employers, businesses, civil organizations, and institutions. One of the goals of the Operations of Strategic Importance (OSI) for the 2021\u20132027 programming period\u2014referred to in the Hungarian development policy as Pillars\u2014is to increase the visibility of EU funding, widely showcasing the results achieved to the public. The Economic Development and Innovation Operational Programme Plus includes two...\" \/>\n<meta property=\"og:url\" content=\"https:\/\/egyuttfejlodunk.hu\/en\/employment-forum-in-pest-county\/\" \/>\n<meta property=\"og:site_name\" content=\"Egy\u00fctt fejl\u0151d\u00fcnk\" \/>\n<meta property=\"article:published_time\" content=\"2025-05-13T15:11:40+00:00\" \/>\n<meta property=\"article:modified_time\" content=\"2025-05-15T08:13:26+00:00\" \/>\n<meta property=\"og:image\" content=\"https:\/\/egyuttfejlodunk.hu\/wp-content\/uploads\/2025\/05\/pexels-olly-3760069-1.jpg\" \/>\n\t<meta property=\"og:image:width\" content=\"1920\" \/>\n\t<meta property=\"og:image:height\" content=\"1027\" \/>\n\t<meta property=\"og:image:type\" content=\"image\/jpeg\" \/>\n<meta name=\"author\" content=\"B\u00e1cskai Gabriella\" \/>\n<meta name=\"twitter:card\" content=\"summary_large_image\" \/>\n<meta name=\"twitter:label1\" content=\"Szerz\u0151:\" \/>\n\t<meta name=\"twitter:data1\" content=\"B\u00e1cskai Gabriella\" \/>\n\t<meta name=\"twitter:label2\" content=\"Becs\u00fclt olvas\u00e1si id\u0151\" \/>\n\t<meta name=\"twitter:data2\" content=\"2 perc\" \/>\n<script type=\"application\/ld+json\" class=\"yoast-schema-graph\">{\"@context\":\"https:\\\/\\\/schema.org\",\"@graph\":[{\"@type\":\"Article\",\"@id\":\"https:\\\/\\\/egyuttfejlodunk.hu\\\/en\\\/employment-forum-in-pest-county\\\/#article\",\"isPartOf\":{\"@id\":\"https:\\\/\\\/egyuttfejlodunk.hu\\\/en\\\/employment-forum-in-pest-county\\\/\"},\"author\":{\"name\":\"B\u00e1cskai Gabriella\",\"@id\":\"https:\\\/\\\/egyuttfejlodunk.hu\\\/#\\\/schema\\\/person\\\/74d5e3661b874eed1958599cd4ca7bbd\"},\"headline\":\"Employment forum in Pest County\",\"datePublished\":\"2025-05-13T15:11:40+00:00\",\"dateModified\":\"2025-05-15T08:13:26+00:00\",\"mainEntityOfPage\":{\"@id\":\"https:\\\/\\\/egyuttfejlodunk.hu\\\/en\\\/employment-forum-in-pest-county\\\/\"},\"wordCount\":324,\"publisher\":{\"@id\":\"https:\\\/\\\/egyuttfejlodunk.hu\\\/#organization\"},\"image\":{\"@id\":\"https:\\\/\\\/egyuttfejlodunk.hu\\\/en\\\/employment-forum-in-pest-county\\\/#primaryimage\"},\"thumbnailUrl\":\"https:\\\/\\\/egyuttfejlodunk.hu\\\/wp-content\\\/uploads\\\/2025\\\/05\\\/pexels-olly-3760069-1.jpg\",\"articleSection\":[\"Sz\u00e9chenyi plusz osi\"],\"inLanguage\":\"hu\"},{\"@type\":\"WebPage\",\"@id\":\"https:\\\/\\\/egyuttfejlodunk.hu\\\/en\\\/employment-forum-in-pest-county\\\/\",\"url\":\"https:\\\/\\\/egyuttfejlodunk.hu\\\/en\\\/employment-forum-in-pest-county\\\/\",\"name\":\"Employment forum in Pest County - Egy\u00fctt fejl\u0151d\u00fcnk\",\"isPartOf\":{\"@id\":\"https:\\\/\\\/egyuttfejlodunk.hu\\\/#website\"},\"primaryImageOfPage\":{\"@id\":\"https:\\\/\\\/egyuttfejlodunk.hu\\\/en\\\/employment-forum-in-pest-county\\\/#primaryimage\"},\"image\":{\"@id\":\"https:\\\/\\\/egyuttfejlodunk.hu\\\/en\\\/employment-forum-in-pest-county\\\/#primaryimage\"},\"thumbnailUrl\":\"https:\\\/\\\/egyuttfejlodunk.hu\\\/wp-content\\\/uploads\\\/2025\\\/05\\\/pexels-olly-3760069-1.jpg\",\"datePublished\":\"2025-05-13T15:11:40+00:00\",\"dateModified\":\"2025-05-15T08:13:26+00:00\",\"breadcrumb\":{\"@id\":\"https:\\\/\\\/egyuttfejlodunk.hu\\\/en\\\/employment-forum-in-pest-county\\\/#breadcrumb\"},\"inLanguage\":\"hu\",\"potentialAction\":[{\"@type\":\"ReadAction\",\"target\":[\"https:\\\/\\\/egyuttfejlodunk.hu\\\/en\\\/employment-forum-in-pest-county\\\/\"]}]},{\"@type\":\"ImageObject\",\"inLanguage\":\"hu\",\"@id\":\"https:\\\/\\\/egyuttfejlodunk.hu\\\/en\\\/employment-forum-in-pest-county\\\/#primaryimage\",\"url\":\"https:\\\/\\\/egyuttfejlodunk.hu\\\/wp-content\\\/uploads\\\/2025\\\/05\\\/pexels-olly-3760069-1.jpg\",\"contentUrl\":\"https:\\\/\\\/egyuttfejlodunk.hu\\\/wp-content\\\/uploads\\\/2025\\\/05\\\/pexels-olly-3760069-1.jpg\",\"width\":1920,\"height\":1027},{\"@type\":\"BreadcrumbList\",\"@id\":\"https:\\\/\\\/egyuttfejlodunk.hu\\\/en\\\/employment-forum-in-pest-county\\\/#breadcrumb\",\"itemListElement\":[{\"@type\":\"ListItem\",\"position\":1,\"name\":\"Home\",\"item\":\"https:\\\/\\\/egyuttfejlodunk.hu\\\/\"},{\"@type\":\"ListItem\",\"position\":2,\"name\":\"Employment forum in Pest County\"}]},{\"@type\":\"WebSite\",\"@id\":\"https:\\\/\\\/egyuttfejlodunk.hu\\\/#website\",\"url\":\"https:\\\/\\\/egyuttfejlodunk.hu\\\/\",\"name\":\"Egy\u00fctt fejl\u0151d\u00fcnk\",\"description\":\"\",\"publisher\":{\"@id\":\"https:\\\/\\\/egyuttfejlodunk.hu\\\/#organization\"},\"potentialAction\":[{\"@type\":\"SearchAction\",\"target\":{\"@type\":\"EntryPoint\",\"urlTemplate\":\"https:\\\/\\\/egyuttfejlodunk.hu\\\/?s={search_term_string}\"},\"query-input\":{\"@type\":\"PropertyValueSpecification\",\"valueRequired\":true,\"valueName\":\"search_term_string\"}}],\"inLanguage\":\"hu\"},{\"@type\":\"Organization\",\"@id\":\"https:\\\/\\\/egyuttfejlodunk.hu\\\/#organization\",\"name\":\"Egy\u00fctt fejl\u0151d\u00fcnk\",\"url\":\"https:\\\/\\\/egyuttfejlodunk.hu\\\/\",\"logo\":{\"@type\":\"ImageObject\",\"inLanguage\":\"hu\",\"@id\":\"https:\\\/\\\/egyuttfejlodunk.hu\\\/#\\\/schema\\\/logo\\\/image\\\/\",\"url\":\"https:\\\/\\\/egyuttfejlodunk.hu\\\/wp-content\\\/uploads\\\/2026\\\/04\\\/ujlogo.jpg\",\"contentUrl\":\"https:\\\/\\\/egyuttfejlodunk.hu\\\/wp-content\\\/uploads\\\/2026\\\/04\\\/ujlogo.jpg\",\"width\":350,\"height\":110,\"caption\":\"Egy\u00fctt fejl\u0151d\u00fcnk\"},\"image\":{\"@id\":\"https:\\\/\\\/egyuttfejlodunk.hu\\\/#\\\/schema\\\/logo\\\/image\\\/\"}},{\"@type\":\"Person\",\"@id\":\"https:\\\/\\\/egyuttfejlodunk.hu\\\/#\\\/schema\\\/person\\\/74d5e3661b874eed1958599cd4ca7bbd\",\"name\":\"B\u00e1cskai Gabriella\"}]}<\/script>\n<!-- \/ Yoast SEO Premium plugin. -->","yoast_head_json":{"title":"Employment forum in Pest County - Egy\u00fctt fejl\u0151d\u00fcnk","robots":{"index":"noindex","follow":"follow","max-snippet":"max-snippet:-1","max-image-preview":"max-image-preview:large","max-video-preview":"max-video-preview:-1"},"og_locale":"hu_HU","og_type":"article","og_title":"Employment forum in Pest County","og_description":"The Government Office of Pest County organized an employment forum as part of the Pillar Project, with the participation of employers, businesses, civil organizations, and institutions. One of the goals of the Operations of Strategic Importance (OSI) for the 2021\u20132027 programming period\u2014referred to in the Hungarian development policy as Pillars\u2014is to increase the visibility of EU funding, widely showcasing the results achieved to the public. The Economic Development and Innovation Operational Programme Plus includes two...","og_url":"https:\/\/egyuttfejlodunk.hu\/en\/employment-forum-in-pest-county\/","og_site_name":"Egy\u00fctt fejl\u0151d\u00fcnk","article_published_time":"2025-05-13T15:11:40+00:00","article_modified_time":"2025-05-15T08:13:26+00:00","og_image":[{"width":1920,"height":1027,"url":"https:\/\/egyuttfejlodunk.hu\/wp-content\/uploads\/2025\/05\/pexels-olly-3760069-1.jpg","type":"image\/jpeg"}],"author":"B\u00e1cskai Gabriella","twitter_card":"summary_large_image","twitter_misc":{"Szerz\u0151:":"B\u00e1cskai Gabriella","Becs\u00fclt olvas\u00e1si id\u0151":"2 perc"},"schema":{"@context":"https:\/\/schema.org","@graph":[{"@type":"Article","@id":"https:\/\/egyuttfejlodunk.hu\/en\/employment-forum-in-pest-county\/#article","isPartOf":{"@id":"https:\/\/egyuttfejlodunk.hu\/en\/employment-forum-in-pest-county\/"},"author":{"name":"B\u00e1cskai Gabriella","@id":"https:\/\/egyuttfejlodunk.hu\/#\/schema\/person\/74d5e3661b874eed1958599cd4ca7bbd"},"headline":"Employment forum in Pest County","datePublished":"2025-05-13T15:11:40+00:00","dateModified":"2025-05-15T08:13:26+00:00","mainEntityOfPage":{"@id":"https:\/\/egyuttfejlodunk.hu\/en\/employment-forum-in-pest-county\/"},"wordCount":324,"publisher":{"@id":"https:\/\/egyuttfejlodunk.hu\/#organization"},"image":{"@id":"https:\/\/egyuttfejlodunk.hu\/en\/employment-forum-in-pest-county\/#primaryimage"},"thumbnailUrl":"https:\/\/egyuttfejlodunk.hu\/wp-content\/uploads\/2025\/05\/pexels-olly-3760069-1.jpg","articleSection":["Sz\u00e9chenyi plusz osi"],"inLanguage":"hu"},{"@type":"WebPage","@id":"https:\/\/egyuttfejlodunk.hu\/en\/employment-forum-in-pest-county\/","url":"https:\/\/egyuttfejlodunk.hu\/en\/employment-forum-in-pest-county\/","name":"Employment forum in Pest County - Egy\u00fctt fejl\u0151d\u00fcnk","isPartOf":{"@id":"https:\/\/egyuttfejlodunk.hu\/#website"},"primaryImageOfPage":{"@id":"https:\/\/egyuttfejlodunk.hu\/en\/employment-forum-in-pest-county\/#primaryimage"},"image":{"@id":"https:\/\/egyuttfejlodunk.hu\/en\/employment-forum-in-pest-county\/#primaryimage"},"thumbnailUrl":"https:\/\/egyuttfejlodunk.hu\/wp-content\/uploads\/2025\/05\/pexels-olly-3760069-1.jpg","datePublished":"2025-05-13T15:11:40+00:00","dateModified":"2025-05-15T08:13:26+00:00","breadcrumb":{"@id":"https:\/\/egyuttfejlodunk.hu\/en\/employment-forum-in-pest-county\/#breadcrumb"},"inLanguage":"hu","potentialAction":[{"@type":"ReadAction","target":["https:\/\/egyuttfejlodunk.hu\/en\/employment-forum-in-pest-county\/"]}]},{"@type":"ImageObject","inLanguage":"hu","@id":"https:\/\/egyuttfejlodunk.hu\/en\/employment-forum-in-pest-county\/#primaryimage","url":"https:\/\/egyuttfejlodunk.hu\/wp-content\/uploads\/2025\/05\/pexels-olly-3760069-1.jpg","contentUrl":"https:\/\/egyuttfejlodunk.hu\/wp-content\/uploads\/2025\/05\/pexels-olly-3760069-1.jpg","width":1920,"height":1027},{"@type":"BreadcrumbList","@id":"https:\/\/egyuttfejlodunk.hu\/en\/employment-forum-in-pest-county\/#breadcrumb","itemListElement":[{"@type":"ListItem","position":1,"name":"Home","item":"https:\/\/egyuttfejlodunk.hu\/"},{"@type":"ListItem","position":2,"name":"Employment forum in Pest County"}]},{"@type":"WebSite","@id":"https:\/\/egyuttfejlodunk.hu\/#website","url":"https:\/\/egyuttfejlodunk.hu\/","name":"Egy\u00fctt fejl\u0151d\u00fcnk","description":"","publisher":{"@id":"https:\/\/egyuttfejlodunk.hu\/#organization"},"potentialAction":[{"@type":"SearchAction","target":{"@type":"EntryPoint","urlTemplate":"https:\/\/egyuttfejlodunk.hu\/?s={search_term_string}"},"query-input":{"@type":"PropertyValueSpecification","valueRequired":true,"valueName":"search_term_string"}}],"inLanguage":"hu"},{"@type":"Organization","@id":"https:\/\/egyuttfejlodunk.hu\/#organization","name":"Egy\u00fctt fejl\u0151d\u00fcnk","url":"https:\/\/egyuttfejlodunk.hu\/","logo":{"@type":"ImageObject","inLanguage":"hu","@id":"https:\/\/egyuttfejlodunk.hu\/#\/schema\/logo\/image\/","url":"https:\/\/egyuttfejlodunk.hu\/wp-content\/uploads\/2026\/04\/ujlogo.jpg","contentUrl":"https:\/\/egyuttfejlodunk.hu\/wp-content\/uploads\/2026\/04\/ujlogo.jpg","width":350,"height":110,"caption":"Egy\u00fctt fejl\u0151d\u00fcnk"},"image":{"@id":"https:\/\/egyuttfejlodunk.hu\/#\/schema\/logo\/image\/"}},{"@type":"Person","@id":"https:\/\/egyuttfejlodunk.hu\/#\/schema\/person\/74d5e3661b874eed1958599cd4ca7bbd","name":"B\u00e1cskai Gabriella"}]}},"_links":{"self":[{"href":"https:\/\/egyuttfejlodunk.hu\/wp-json\/wp\/v2\/posts\/8025","targetHints":{"allow":["GET"]}}],"collection":[{"href":"https:\/\/egyuttfejlodunk.hu\/wp-json\/wp\/v2\/posts"}],"about":[{"href":"https:\/\/egyuttfejlodunk.hu\/wp-json\/wp\/v2\/types\/post"}],"author":[{"embeddable":true,"href":"https:\/\/egyuttfejlodunk.hu\/wp-json\/wp\/v2\/users\/17"}],"replies":[{"embeddable":true,"href":"https:\/\/egyuttfejlodunk.hu\/wp-json\/wp\/v2\/comments?post=8025"}],"version-history":[{"count":1,"href":"https:\/\/egyuttfejlodunk.hu\/wp-json\/wp\/v2\/posts\/8025\/revisions"}],"predecessor-version":[{"id":8026,"href":"https:\/\/egyuttfejlodunk.hu\/wp-json\/wp\/v2\/posts\/8025\/revisions\/8026"}],"wp:featuredmedia":[{"embeddable":true,"href":"https:\/\/egyuttfejlodunk.hu\/wp-json\/wp\/v2\/media\/8018"}],"wp:attachment":[{"href":"https:\/\/egyuttfejlodunk.hu\/wp-json\/wp\/v2\/media?parent=8025"}],"wp:term":[{"taxonomy":"category","embeddable":true,"href":"https:\/\/egyuttfejlodunk.hu\/wp-json\/wp\/v2\/categories?post=8025"},{"taxonomy":"post_tag","embeddable":true,"href":"https:\/\/egyuttfejlodunk.hu\/wp-json\/wp\/v2\/tags?post=8025"},{"taxonomy":"megye","embeddable":true,"href":"https:\/\/egyuttfejlodunk.hu\/wp-json\/wp\/v2\/megye?post=8025"}],"curies":[{"name":"wp","href":"https:\/\/api.w.org\/{rel}","templated":true}]}}