{"id":8055,"date":"2025-05-22T18:16:30","date_gmt":"2025-05-22T16:16:30","guid":{"rendered":"https:\/\/teszt.s152.mediacenter.hu\/egyuttfejlodunk\/?p=8055"},"modified":"2025-05-23T14:18:02","modified_gmt":"2025-05-23T12:18:02","slug":"nearly-huf-two-billion-will-be-allocated-to-the-szolnok-microregion","status":"publish","type":"post","link":"https:\/\/egyuttfejlodunk.hu\/en\/nearly-huf-two-billion-will-be-allocated-to-the-szolnok-microregion\/","title":{"rendered":"Nearly HUF two billion will be allocated to the Szolnok Microregion"},"content":{"rendered":"<p><strong>With the support of the Territorial and Settlement Development Operational Programme Plus (TSDOP Plus) and the Hungarian state, significant infrastructural developments are underway in the Szolnok Microregion. These include the construction of roads, the establishment of an industrial park, and the expansion of sports facilities.<\/strong><\/p>\n<p>In K\u0151telek, approximately HUF 265 million will be allocated to the development of an industrial area, which is expected to stimulate the local economy. In Tiszajen\u0151, HUF 330 million will be invested in the renewal of the community space, which will enhance the social and cultural infrastructure of the town. In R\u00e1k\u00f3czi\u00fajfalu, HUF 180 million will be used for the renovation of inner-town roads, while in Besenysz\u00f6g, the expansion of the general school\u2019s gymnasium will commence, backed by a HUF 500 million support.<\/p>\n<p>Szolnok, which was first mentioned in historical records in 1075, will receive approximately HUF 300 million in connection with its 950th anniversary celebrations. The support will be used for local cultural and community development programs. Furthermore, the city had previously advanced funding for the Munk\u00e1csy Street medical office, and an additional HUF 380 million is now available to supplement this investment. Szolnok and the surrounding small towns operate in symbiosis, with both cities and villages playing key roles, thus providing an opportunity for all ideas to be realized.<\/p>\n<p>The regulatory framework for the 2021\u20132027 programming period introduced a new category for EU-wide programs, known as &#8222;operations of strategic importance&#8221; which are commonly referred to as Pillars. The purpose of the Pillars is to highlight key, emblematic initiatives and emphasize their contribution to cohesion policy, thus bringing the European Union and its programs closer to the citizens. Two significant actions under the TSDOP Plus program are Sustainable Urban Development and the Development of Public Education Infrastructure, within which the aforementioned projects will be implemented.<\/p>\n<p><em>(Photo: Szolnok official Facebook page)<\/em><\/p>\n","protected":false},"excerpt":{"rendered":"<p>With the support of the Territorial and Settlement Development Operational Programme Plus (TSDOP Plus) and the Hungarian state, significant infrastructural developments are underway in the Szolnok Microregion. These include the construction of roads, the establishment of an industrial park, and the expansion of sports facilities. In K\u0151telek, approximately HUF 265 million will be allocated to the development of an industrial area, which is expected to stimulate the local economy. In Tiszajen\u0151, HUF 330 million will&#8230;<\/p>\n","protected":false},"author":17,"featured_media":8032,"comment_status":"closed","ping_status":"closed","sticky":false,"template":"","format":"standard","meta":{"_acf_changed":false,"ngg_post_thumbnail":0,"footnotes":""},"categories":[799],"tags":[],"megye":[],"class_list":["post-8055","post","type-post","status-publish","format-standard","has-post-thumbnail","hentry","category-szechenyi-plusz-osi-en"],"acf":[],"yoast_head":"<!-- This site is optimized with the Yoast SEO Premium plugin v28.4 (Yoast SEO v28.4) - https:\/\/yoast.com\/product\/yoast-seo-premium-wordpress\/ -->\n<title>Nearly HUF two billion will be allocated to the Szolnok Microregion - Egy\u00fctt fejl\u0151d\u00fcnk<\/title>\n<meta name=\"robots\" content=\"noindex, follow, max-snippet:-1, max-image-preview:large, max-video-preview:-1\" \/>\n<meta property=\"og:locale\" content=\"hu_HU\" \/>\n<meta property=\"og:type\" content=\"article\" \/>\n<meta property=\"og:title\" content=\"Nearly HUF two billion will be allocated to the Szolnok Microregion\" \/>\n<meta property=\"og:description\" content=\"With the support of the Territorial and Settlement Development Operational Programme Plus (TSDOP Plus) and the Hungarian state, significant infrastructural developments are underway in the Szolnok Microregion. These include the construction of roads, the establishment of an industrial park, and the expansion of sports facilities. In K\u0151telek, approximately HUF 265 million will be allocated to the development of an industrial area, which is expected to stimulate the local economy. In Tiszajen\u0151, HUF 330 million will...\" \/>\n<meta property=\"og:url\" content=\"https:\/\/egyuttfejlodunk.hu\/en\/nearly-huf-two-billion-will-be-allocated-to-the-szolnok-microregion\/\" \/>\n<meta property=\"og:site_name\" content=\"Egy\u00fctt fejl\u0151d\u00fcnk\" \/>\n<meta property=\"article:published_time\" content=\"2025-05-22T16:16:30+00:00\" \/>\n<meta property=\"article:modified_time\" content=\"2025-05-23T12:18:02+00:00\" \/>\n<meta property=\"og:image\" content=\"https:\/\/egyuttfejlodunk.hu\/wp-content\/uploads\/2025\/05\/682aee282a95488fe68b3ef0.webp\" \/>\n\t<meta property=\"og:image:width\" content=\"960\" \/>\n\t<meta property=\"og:image:height\" content=\"718\" \/>\n\t<meta property=\"og:image:type\" content=\"image\/webp\" \/>\n<meta name=\"author\" content=\"B\u00e1cskai Gabriella\" \/>\n<meta name=\"twitter:card\" content=\"summary_large_image\" \/>\n<meta name=\"twitter:label1\" content=\"Szerz\u0151:\" \/>\n\t<meta name=\"twitter:data1\" content=\"B\u00e1cskai Gabriella\" \/>\n\t<meta name=\"twitter:label2\" content=\"Becs\u00fclt olvas\u00e1si id\u0151\" \/>\n\t<meta name=\"twitter:data2\" content=\"2 perc\" \/>\n<script type=\"application\/ld+json\" class=\"yoast-schema-graph\">{\"@context\":\"https:\\\/\\\/schema.org\",\"@graph\":[{\"@type\":\"Article\",\"@id\":\"https:\\\/\\\/egyuttfejlodunk.hu\\\/en\\\/nearly-huf-two-billion-will-be-allocated-to-the-szolnok-microregion\\\/#article\",\"isPartOf\":{\"@id\":\"https:\\\/\\\/egyuttfejlodunk.hu\\\/en\\\/nearly-huf-two-billion-will-be-allocated-to-the-szolnok-microregion\\\/\"},\"author\":{\"name\":\"B\u00e1cskai Gabriella\",\"@id\":\"https:\\\/\\\/egyuttfejlodunk.hu\\\/#\\\/schema\\\/person\\\/74d5e3661b874eed1958599cd4ca7bbd\"},\"headline\":\"Nearly HUF two billion will be allocated to the Szolnok Microregion\",\"datePublished\":\"2025-05-22T16:16:30+00:00\",\"dateModified\":\"2025-05-23T12:18:02+00:00\",\"mainEntityOfPage\":{\"@id\":\"https:\\\/\\\/egyuttfejlodunk.hu\\\/en\\\/nearly-huf-two-billion-will-be-allocated-to-the-szolnok-microregion\\\/\"},\"wordCount\":316,\"publisher\":{\"@id\":\"https:\\\/\\\/egyuttfejlodunk.hu\\\/#organization\"},\"image\":{\"@id\":\"https:\\\/\\\/egyuttfejlodunk.hu\\\/en\\\/nearly-huf-two-billion-will-be-allocated-to-the-szolnok-microregion\\\/#primaryimage\"},\"thumbnailUrl\":\"https:\\\/\\\/egyuttfejlodunk.hu\\\/wp-content\\\/uploads\\\/2025\\\/05\\\/682aee282a95488fe68b3ef0.webp\",\"articleSection\":[\"Sz\u00e9chenyi plusz osi\"],\"inLanguage\":\"hu\"},{\"@type\":\"WebPage\",\"@id\":\"https:\\\/\\\/egyuttfejlodunk.hu\\\/en\\\/nearly-huf-two-billion-will-be-allocated-to-the-szolnok-microregion\\\/\",\"url\":\"https:\\\/\\\/egyuttfejlodunk.hu\\\/en\\\/nearly-huf-two-billion-will-be-allocated-to-the-szolnok-microregion\\\/\",\"name\":\"Nearly HUF two billion will be allocated to the Szolnok Microregion - Egy\u00fctt fejl\u0151d\u00fcnk\",\"isPartOf\":{\"@id\":\"https:\\\/\\\/egyuttfejlodunk.hu\\\/#website\"},\"primaryImageOfPage\":{\"@id\":\"https:\\\/\\\/egyuttfejlodunk.hu\\\/en\\\/nearly-huf-two-billion-will-be-allocated-to-the-szolnok-microregion\\\/#primaryimage\"},\"image\":{\"@id\":\"https:\\\/\\\/egyuttfejlodunk.hu\\\/en\\\/nearly-huf-two-billion-will-be-allocated-to-the-szolnok-microregion\\\/#primaryimage\"},\"thumbnailUrl\":\"https:\\\/\\\/egyuttfejlodunk.hu\\\/wp-content\\\/uploads\\\/2025\\\/05\\\/682aee282a95488fe68b3ef0.webp\",\"datePublished\":\"2025-05-22T16:16:30+00:00\",\"dateModified\":\"2025-05-23T12:18:02+00:00\",\"breadcrumb\":{\"@id\":\"https:\\\/\\\/egyuttfejlodunk.hu\\\/en\\\/nearly-huf-two-billion-will-be-allocated-to-the-szolnok-microregion\\\/#breadcrumb\"},\"inLanguage\":\"hu\",\"potentialAction\":[{\"@type\":\"ReadAction\",\"target\":[\"https:\\\/\\\/egyuttfejlodunk.hu\\\/en\\\/nearly-huf-two-billion-will-be-allocated-to-the-szolnok-microregion\\\/\"]}]},{\"@type\":\"ImageObject\",\"inLanguage\":\"hu\",\"@id\":\"https:\\\/\\\/egyuttfejlodunk.hu\\\/en\\\/nearly-huf-two-billion-will-be-allocated-to-the-szolnok-microregion\\\/#primaryimage\",\"url\":\"https:\\\/\\\/egyuttfejlodunk.hu\\\/wp-content\\\/uploads\\\/2025\\\/05\\\/682aee282a95488fe68b3ef0.webp\",\"contentUrl\":\"https:\\\/\\\/egyuttfejlodunk.hu\\\/wp-content\\\/uploads\\\/2025\\\/05\\\/682aee282a95488fe68b3ef0.webp\",\"width\":960,\"height\":718},{\"@type\":\"BreadcrumbList\",\"@id\":\"https:\\\/\\\/egyuttfejlodunk.hu\\\/en\\\/nearly-huf-two-billion-will-be-allocated-to-the-szolnok-microregion\\\/#breadcrumb\",\"itemListElement\":[{\"@type\":\"ListItem\",\"position\":1,\"name\":\"Home\",\"item\":\"https:\\\/\\\/egyuttfejlodunk.hu\\\/\"},{\"@type\":\"ListItem\",\"position\":2,\"name\":\"Nearly HUF two billion will be allocated to the Szolnok Microregion\"}]},{\"@type\":\"WebSite\",\"@id\":\"https:\\\/\\\/egyuttfejlodunk.hu\\\/#website\",\"url\":\"https:\\\/\\\/egyuttfejlodunk.hu\\\/\",\"name\":\"Egy\u00fctt fejl\u0151d\u00fcnk\",\"description\":\"\",\"publisher\":{\"@id\":\"https:\\\/\\\/egyuttfejlodunk.hu\\\/#organization\"},\"potentialAction\":[{\"@type\":\"SearchAction\",\"target\":{\"@type\":\"EntryPoint\",\"urlTemplate\":\"https:\\\/\\\/egyuttfejlodunk.hu\\\/?s={search_term_string}\"},\"query-input\":{\"@type\":\"PropertyValueSpecification\",\"valueRequired\":true,\"valueName\":\"search_term_string\"}}],\"inLanguage\":\"hu\"},{\"@type\":\"Organization\",\"@id\":\"https:\\\/\\\/egyuttfejlodunk.hu\\\/#organization\",\"name\":\"Egy\u00fctt fejl\u0151d\u00fcnk\",\"url\":\"https:\\\/\\\/egyuttfejlodunk.hu\\\/\",\"logo\":{\"@type\":\"ImageObject\",\"inLanguage\":\"hu\",\"@id\":\"https:\\\/\\\/egyuttfejlodunk.hu\\\/#\\\/schema\\\/logo\\\/image\\\/\",\"url\":\"https:\\\/\\\/egyuttfejlodunk.hu\\\/wp-content\\\/uploads\\\/2026\\\/04\\\/ujlogo.jpg\",\"contentUrl\":\"https:\\\/\\\/egyuttfejlodunk.hu\\\/wp-content\\\/uploads\\\/2026\\\/04\\\/ujlogo.jpg\",\"width\":350,\"height\":110,\"caption\":\"Egy\u00fctt fejl\u0151d\u00fcnk\"},\"image\":{\"@id\":\"https:\\\/\\\/egyuttfejlodunk.hu\\\/#\\\/schema\\\/logo\\\/image\\\/\"}},{\"@type\":\"Person\",\"@id\":\"https:\\\/\\\/egyuttfejlodunk.hu\\\/#\\\/schema\\\/person\\\/74d5e3661b874eed1958599cd4ca7bbd\",\"name\":\"B\u00e1cskai Gabriella\"}]}<\/script>\n<!-- \/ Yoast SEO Premium plugin. -->","yoast_head_json":{"title":"Nearly HUF two billion will be allocated to the Szolnok Microregion - Egy\u00fctt fejl\u0151d\u00fcnk","robots":{"index":"noindex","follow":"follow","max-snippet":"max-snippet:-1","max-image-preview":"max-image-preview:large","max-video-preview":"max-video-preview:-1"},"og_locale":"hu_HU","og_type":"article","og_title":"Nearly HUF two billion will be allocated to the Szolnok Microregion","og_description":"With the support of the Territorial and Settlement Development Operational Programme Plus (TSDOP Plus) and the Hungarian state, significant infrastructural developments are underway in the Szolnok Microregion. These include the construction of roads, the establishment of an industrial park, and the expansion of sports facilities. In K\u0151telek, approximately HUF 265 million will be allocated to the development of an industrial area, which is expected to stimulate the local economy. In Tiszajen\u0151, HUF 330 million will...","og_url":"https:\/\/egyuttfejlodunk.hu\/en\/nearly-huf-two-billion-will-be-allocated-to-the-szolnok-microregion\/","og_site_name":"Egy\u00fctt fejl\u0151d\u00fcnk","article_published_time":"2025-05-22T16:16:30+00:00","article_modified_time":"2025-05-23T12:18:02+00:00","og_image":[{"width":960,"height":718,"url":"https:\/\/egyuttfejlodunk.hu\/wp-content\/uploads\/2025\/05\/682aee282a95488fe68b3ef0.webp","type":"image\/webp"}],"author":"B\u00e1cskai Gabriella","twitter_card":"summary_large_image","twitter_misc":{"Szerz\u0151:":"B\u00e1cskai Gabriella","Becs\u00fclt olvas\u00e1si id\u0151":"2 perc"},"schema":{"@context":"https:\/\/schema.org","@graph":[{"@type":"Article","@id":"https:\/\/egyuttfejlodunk.hu\/en\/nearly-huf-two-billion-will-be-allocated-to-the-szolnok-microregion\/#article","isPartOf":{"@id":"https:\/\/egyuttfejlodunk.hu\/en\/nearly-huf-two-billion-will-be-allocated-to-the-szolnok-microregion\/"},"author":{"name":"B\u00e1cskai Gabriella","@id":"https:\/\/egyuttfejlodunk.hu\/#\/schema\/person\/74d5e3661b874eed1958599cd4ca7bbd"},"headline":"Nearly HUF two billion will be allocated to the Szolnok Microregion","datePublished":"2025-05-22T16:16:30+00:00","dateModified":"2025-05-23T12:18:02+00:00","mainEntityOfPage":{"@id":"https:\/\/egyuttfejlodunk.hu\/en\/nearly-huf-two-billion-will-be-allocated-to-the-szolnok-microregion\/"},"wordCount":316,"publisher":{"@id":"https:\/\/egyuttfejlodunk.hu\/#organization"},"image":{"@id":"https:\/\/egyuttfejlodunk.hu\/en\/nearly-huf-two-billion-will-be-allocated-to-the-szolnok-microregion\/#primaryimage"},"thumbnailUrl":"https:\/\/egyuttfejlodunk.hu\/wp-content\/uploads\/2025\/05\/682aee282a95488fe68b3ef0.webp","articleSection":["Sz\u00e9chenyi plusz osi"],"inLanguage":"hu"},{"@type":"WebPage","@id":"https:\/\/egyuttfejlodunk.hu\/en\/nearly-huf-two-billion-will-be-allocated-to-the-szolnok-microregion\/","url":"https:\/\/egyuttfejlodunk.hu\/en\/nearly-huf-two-billion-will-be-allocated-to-the-szolnok-microregion\/","name":"Nearly HUF two billion will be allocated to the Szolnok Microregion - Egy\u00fctt fejl\u0151d\u00fcnk","isPartOf":{"@id":"https:\/\/egyuttfejlodunk.hu\/#website"},"primaryImageOfPage":{"@id":"https:\/\/egyuttfejlodunk.hu\/en\/nearly-huf-two-billion-will-be-allocated-to-the-szolnok-microregion\/#primaryimage"},"image":{"@id":"https:\/\/egyuttfejlodunk.hu\/en\/nearly-huf-two-billion-will-be-allocated-to-the-szolnok-microregion\/#primaryimage"},"thumbnailUrl":"https:\/\/egyuttfejlodunk.hu\/wp-content\/uploads\/2025\/05\/682aee282a95488fe68b3ef0.webp","datePublished":"2025-05-22T16:16:30+00:00","dateModified":"2025-05-23T12:18:02+00:00","breadcrumb":{"@id":"https:\/\/egyuttfejlodunk.hu\/en\/nearly-huf-two-billion-will-be-allocated-to-the-szolnok-microregion\/#breadcrumb"},"inLanguage":"hu","potentialAction":[{"@type":"ReadAction","target":["https:\/\/egyuttfejlodunk.hu\/en\/nearly-huf-two-billion-will-be-allocated-to-the-szolnok-microregion\/"]}]},{"@type":"ImageObject","inLanguage":"hu","@id":"https:\/\/egyuttfejlodunk.hu\/en\/nearly-huf-two-billion-will-be-allocated-to-the-szolnok-microregion\/#primaryimage","url":"https:\/\/egyuttfejlodunk.hu\/wp-content\/uploads\/2025\/05\/682aee282a95488fe68b3ef0.webp","contentUrl":"https:\/\/egyuttfejlodunk.hu\/wp-content\/uploads\/2025\/05\/682aee282a95488fe68b3ef0.webp","width":960,"height":718},{"@type":"BreadcrumbList","@id":"https:\/\/egyuttfejlodunk.hu\/en\/nearly-huf-two-billion-will-be-allocated-to-the-szolnok-microregion\/#breadcrumb","itemListElement":[{"@type":"ListItem","position":1,"name":"Home","item":"https:\/\/egyuttfejlodunk.hu\/"},{"@type":"ListItem","position":2,"name":"Nearly HUF two billion will be allocated to the Szolnok Microregion"}]},{"@type":"WebSite","@id":"https:\/\/egyuttfejlodunk.hu\/#website","url":"https:\/\/egyuttfejlodunk.hu\/","name":"Egy\u00fctt fejl\u0151d\u00fcnk","description":"","publisher":{"@id":"https:\/\/egyuttfejlodunk.hu\/#organization"},"potentialAction":[{"@type":"SearchAction","target":{"@type":"EntryPoint","urlTemplate":"https:\/\/egyuttfejlodunk.hu\/?s={search_term_string}"},"query-input":{"@type":"PropertyValueSpecification","valueRequired":true,"valueName":"search_term_string"}}],"inLanguage":"hu"},{"@type":"Organization","@id":"https:\/\/egyuttfejlodunk.hu\/#organization","name":"Egy\u00fctt fejl\u0151d\u00fcnk","url":"https:\/\/egyuttfejlodunk.hu\/","logo":{"@type":"ImageObject","inLanguage":"hu","@id":"https:\/\/egyuttfejlodunk.hu\/#\/schema\/logo\/image\/","url":"https:\/\/egyuttfejlodunk.hu\/wp-content\/uploads\/2026\/04\/ujlogo.jpg","contentUrl":"https:\/\/egyuttfejlodunk.hu\/wp-content\/uploads\/2026\/04\/ujlogo.jpg","width":350,"height":110,"caption":"Egy\u00fctt fejl\u0151d\u00fcnk"},"image":{"@id":"https:\/\/egyuttfejlodunk.hu\/#\/schema\/logo\/image\/"}},{"@type":"Person","@id":"https:\/\/egyuttfejlodunk.hu\/#\/schema\/person\/74d5e3661b874eed1958599cd4ca7bbd","name":"B\u00e1cskai Gabriella"}]}},"_links":{"self":[{"href":"https:\/\/egyuttfejlodunk.hu\/wp-json\/wp\/v2\/posts\/8055","targetHints":{"allow":["GET"]}}],"collection":[{"href":"https:\/\/egyuttfejlodunk.hu\/wp-json\/wp\/v2\/posts"}],"about":[{"href":"https:\/\/egyuttfejlodunk.hu\/wp-json\/wp\/v2\/types\/post"}],"author":[{"embeddable":true,"href":"https:\/\/egyuttfejlodunk.hu\/wp-json\/wp\/v2\/users\/17"}],"replies":[{"embeddable":true,"href":"https:\/\/egyuttfejlodunk.hu\/wp-json\/wp\/v2\/comments?post=8055"}],"version-history":[{"count":1,"href":"https:\/\/egyuttfejlodunk.hu\/wp-json\/wp\/v2\/posts\/8055\/revisions"}],"predecessor-version":[{"id":8056,"href":"https:\/\/egyuttfejlodunk.hu\/wp-json\/wp\/v2\/posts\/8055\/revisions\/8056"}],"wp:featuredmedia":[{"embeddable":true,"href":"https:\/\/egyuttfejlodunk.hu\/wp-json\/wp\/v2\/media\/8032"}],"wp:attachment":[{"href":"https:\/\/egyuttfejlodunk.hu\/wp-json\/wp\/v2\/media?parent=8055"}],"wp:term":[{"taxonomy":"category","embeddable":true,"href":"https:\/\/egyuttfejlodunk.hu\/wp-json\/wp\/v2\/categories?post=8055"},{"taxonomy":"post_tag","embeddable":true,"href":"https:\/\/egyuttfejlodunk.hu\/wp-json\/wp\/v2\/tags?post=8055"},{"taxonomy":"megye","embeddable":true,"href":"https:\/\/egyuttfejlodunk.hu\/wp-json\/wp\/v2\/megye?post=8055"}],"curies":[{"name":"wp","href":"https:\/\/api.w.org\/{rel}","templated":true}]}}