{"id":8101,"date":"2025-06-04T10:09:38","date_gmt":"2025-06-04T08:09:38","guid":{"rendered":"https:\/\/teszt.s152.mediacenter.hu\/egyuttfejlodunk\/?p=8101"},"modified":"2026-08-31T16:26:45","modified_gmt":"2026-08-31T14:26:45","slug":"zene-hagyomany-es-kozossegepites-igy-szol-a-nemzetkozi-verkli-fesztival-keszthelyen","status":"publish","type":"post","link":"https:\/\/egyuttfejlodunk.hu\/zene-hagyomany-es-kozossegepites-igy-szol-a-nemzetkozi-verkli-fesztival-keszthelyen\/","title":{"rendered":"Zene, hagyom\u00e1ny \u00e9s k\u00f6z\u00f6ss\u00e9g\u00e9p\u00edt\u00e9s: \u00edgy sz\u00f3l a Nemzetk\u00f6zi Verkli Fesztiv\u00e1l Keszthelyen"},"content":{"rendered":"<p><strong>A Balaton partj\u00e1n fekv\u0151 Keszthely \u00e9vr\u0151l \u00e9vre egy k\u00fcl\u00f6nleges zenei esem\u00e9nynek ad otthont: a Keszthelyi Nemzetk\u00f6zi Verkli Fesztiv\u00e1lnak. Az orsz\u00e1gban egyed\u00fcl\u00e1ll\u00f3 kultur\u00e1lis rendezv\u00e9nyt 2013 \u00f3ta szervezi a Keszthelyi Turisztikai Egyes\u00fclet azzal a c\u00e9llal, hogy \u00e9rt\u00e9ket k\u00f6zvet\u00edtsen, hagyom\u00e1nyokat \u0151rizzen \u00e9s k\u00f6z\u00f6ss\u00e9get \u00e9p\u00edtsen. A program szerves r\u00e9sze a v\u00e1ros kultur\u00e1lis \u00e9let\u00e9nek, \u00e9s fontos eleme annak a helyi identit\u00e1snak, amelyet az itt \u00e9l\u0151k \u00e9s a visszat\u00e9r\u0151 l\u00e1togat\u00f3k egyar\u00e1nt nagy becsben tartanak.<\/strong><\/p>\n<p>A fesztiv\u00e1l minden \u00e9vben ny\u00e1ron t\u00f6lti meg \u00e9lettel a keszthelyi belv\u00e1rost. A forgat\u00f3s zeneg\u00e9pek, a verklik hangja nemcsak a r\u00e9gi id\u0151k hangulat\u00e1t id\u00e9zik meg, hanem egy\u00fattal hidat is k\u00e9peznek a m\u00falt \u00e9rt\u00e9kei \u00e9s a jelen \u00e9lm\u00e9nyei k\u00f6z\u00f6tt. A program k\u00e9t napon kereszt\u00fcl k\u00edn\u00e1l sz\u00f3rakoz\u00e1st a helyieknek, az idel\u00e1togat\u00f3 turist\u00e1knak \u00e9s a nosztalgikus hangulatot kedvel\u0151 zenerajong\u00f3knak. A rendezv\u00e9nyt k\u00fcl\u00f6nleges atmoszf\u00e9r\u00e1ja miatt bar\u00e1ti t\u00e1rsas\u00e1gok \u00e9s civil k\u00f6z\u00f6ss\u00e9gek is el\u0151szeretettel l\u00e1togatj\u00e1k.<\/p>\n<p>A fesztiv\u00e1l \u00f6tletgazd\u00e1i \u00e9vr\u0151l \u00e9vre \u00fajra mozg\u00e1sba hozz\u00e1k nemzetk\u00f6zi kapcsolatrendszer\u00fcket. A verklisek Sv\u00e1jcb\u00f3l, N\u00e9metorsz\u00e1gb\u00f3l, Ausztri\u00e1b\u00f3l, Hollandi\u00e1b\u00f3l, Franciaorsz\u00e1gb\u00f3l, Lengyelorsz\u00e1gb\u00f3l, Szlov\u00e9ni\u00e1b\u00f3l, Szlov\u00e1ki\u00e1b\u00f3l \u00e9s term\u00e9szetesen Magyarorsz\u00e1gr\u00f3l \u00e9rkeznek, hogy egy\u00fctt alkossanak maradand\u00f3 zenei \u00e9lm\u00e9nyt a keszthelyi k\u00f6z\u00f6ns\u00e9g sz\u00e1m\u00e1ra.<\/p>\n<p>A IX. \u00e9s X. Nemzetk\u00f6zi Verkli Fesztiv\u00e1l programk\u00edn\u00e1lata uni\u00f3s forr\u00e1s bevon\u00e1s\u00e1val tudott b\u0151v\u00fclni. A Ter\u00fclet- \u00e9s Telep\u00fcl\u00e9sfejleszt\u00e9si Operat\u00edv Program t\u00e1mogat\u00e1s\u00e1nak seg\u00edts\u00e9g\u00e9vel saj\u00e1tos elemek \u00e9p\u00fcltek be az addig hagyom\u00e1nyos programba. \u00daj c\u00e9lk\u00f6z\u00f6ns\u00e9gk\u00e9nt sz\u00f3l\u00edtott\u00e1k meg a kisgyermekes csal\u00e1dokat, akik sz\u00e1m\u00e1ra vonz\u00f3, \u00e9rdekes programokat szerveztek. A verklisek mellett egy budapesti zenekar is fell\u00e9pett, akik ismert \u00e9s k\u00f6zkedvelt zenedarabokkal kapcsol\u00f3dtak be a zeneg\u00e9pek dallamaiba. A szervez\u0151k t\u00f6rekedtek arra is, hogy a megl\u00e9v\u0151 \u00e9rt\u00e9keket meg\u0151rizz\u00e9k, de k\u00f6zben innovat\u00edv elemekkel friss\u00edts\u00e9k az esem\u00e9nyt \u2013 ezzel is el\u0151seg\u00edtve, hogy a fesztiv\u00e1l \u00e9vr\u0151l \u00e9vre meg tudjon \u00fajulni, mik\u00f6zben meg\u0151rzi saj\u00e1tos karakter\u00e9t.<\/p>\nngg_shortcode_0_placeholder\n<p>A program a TOP-7.1.1-16-H-ESZA-2020-01954 projekt keret\u00e9ben, eur\u00f3pai uni\u00f3s forr\u00e1s bevon\u00e1s\u00e1val val\u00f3sult meg.<\/p>\n<p>Tov\u00e1bbi r\u00e9szletek a t\u00e1mogatott projekt keres\u0151ben:<a class=\"tovabb\" href=\"https:\/\/www.palyazat.gov.hu\/eredmenyek\/tamogatott-projektek\/2557380201\" target=\"_blank\" rel=\"noopener\">Tov\u00e1bb<\/a><\/p>\n","protected":false},"excerpt":{"rendered":"<p>A Balaton partj\u00e1n fekv\u0151 Keszthely \u00e9vr\u0151l \u00e9vre egy k\u00fcl\u00f6nleges zenei esem\u00e9nynek ad otthont: a Keszthelyi Nemzetk\u00f6zi Verkli Fesztiv\u00e1lnak. Az orsz\u00e1gban egyed\u00fcl\u00e1ll\u00f3 kultur\u00e1lis rendezv\u00e9nyt 2013 \u00f3ta szervezi a Keszthelyi Turisztikai Egyes\u00fclet azzal a c\u00e9llal, hogy \u00e9rt\u00e9ket k\u00f6zvet\u00edtsen, hagyom\u00e1nyokat \u0151rizzen \u00e9s k\u00f6z\u00f6ss\u00e9get \u00e9p\u00edtsen. A program szerves r\u00e9sze a v\u00e1ros kultur\u00e1lis \u00e9let\u00e9nek, \u00e9s fontos eleme annak a helyi identit\u00e1snak, amelyet az itt \u00e9l\u0151k \u00e9s a visszat\u00e9r\u0151 l\u00e1togat\u00f3k egyar\u00e1nt nagy becsben tartanak. A fesztiv\u00e1l minden \u00e9vben ny\u00e1ron t\u00f6lti meg&#8230;<\/p>\n","protected":false},"author":17,"featured_media":8118,"comment_status":"closed","ping_status":"closed","sticky":false,"template":"","format":"gallery","meta":{"_acf_changed":false,"ngg_post_thumbnail":0,"footnotes":""},"categories":[173],"tags":[457,298],"megye":[1134],"class_list":["post-8101","post","type-post","status-publish","format-gallery","has-post-thumbnail","hentry","category-top-hu","tag-kozossegepito-beruhazas","tag-turizmus-hu","post_format-post-format-gallery","megye-zala-megye"],"acf":[],"yoast_head":"<!-- This site is optimized with the Yoast SEO Premium plugin v28.4 (Yoast SEO v28.4) - https:\/\/yoast.com\/product\/yoast-seo-premium-wordpress\/ -->\n<title>Zene, hagyom\u00e1ny \u00e9s k\u00f6z\u00f6ss\u00e9g\u00e9p\u00edt\u00e9s: \u00edgy sz\u00f3l a Nemzetk\u00f6zi Verkli Fesztiv\u00e1l Keszthelyen - Egy\u00fctt fejl\u0151d\u00fcnk<\/title>\n<meta name=\"robots\" content=\"noindex, follow, max-snippet:-1, max-image-preview:large, max-video-preview:-1\" \/>\n<meta property=\"og:locale\" content=\"hu_HU\" \/>\n<meta property=\"og:type\" content=\"article\" \/>\n<meta property=\"og:title\" content=\"Zene, hagyom\u00e1ny \u00e9s k\u00f6z\u00f6ss\u00e9g\u00e9p\u00edt\u00e9s: \u00edgy sz\u00f3l a Nemzetk\u00f6zi Verkli Fesztiv\u00e1l Keszthelyen\" \/>\n<meta property=\"og:description\" content=\"A Balaton partj\u00e1n fekv\u0151 Keszthely \u00e9vr\u0151l \u00e9vre egy k\u00fcl\u00f6nleges zenei esem\u00e9nynek ad otthont: a Keszthelyi Nemzetk\u00f6zi Verkli Fesztiv\u00e1lnak. Az orsz\u00e1gban egyed\u00fcl\u00e1ll\u00f3 kultur\u00e1lis rendezv\u00e9nyt 2013 \u00f3ta szervezi a Keszthelyi Turisztikai Egyes\u00fclet azzal a c\u00e9llal, hogy \u00e9rt\u00e9ket k\u00f6zvet\u00edtsen, hagyom\u00e1nyokat \u0151rizzen \u00e9s k\u00f6z\u00f6ss\u00e9get \u00e9p\u00edtsen. A program szerves r\u00e9sze a v\u00e1ros kultur\u00e1lis \u00e9let\u00e9nek, \u00e9s fontos eleme annak a helyi identit\u00e1snak, amelyet az itt \u00e9l\u0151k \u00e9s a visszat\u00e9r\u0151 l\u00e1togat\u00f3k egyar\u00e1nt nagy becsben tartanak. A fesztiv\u00e1l minden \u00e9vben ny\u00e1ron t\u00f6lti meg...\" \/>\n<meta property=\"og:url\" content=\"https:\/\/egyuttfejlodunk.hu\/zene-hagyomany-es-kozossegepites-igy-szol-a-nemzetkozi-verkli-fesztival-keszthelyen\/\" \/>\n<meta property=\"og:site_name\" content=\"Egy\u00fctt fejl\u0151d\u00fcnk\" \/>\n<meta property=\"article:published_time\" content=\"2025-06-04T08:09:38+00:00\" \/>\n<meta property=\"article:modified_time\" content=\"2026-08-31T14:26:45+00:00\" \/>\n<meta property=\"og:image\" content=\"https:\/\/egyuttfejlodunk.hu\/wp-content\/uploads\/2025\/06\/301860737_127773986663744_8876840342041087625_n-1.jpg\" \/>\n\t<meta property=\"og:image:width\" content=\"1920\" \/>\n\t<meta property=\"og:image:height\" content=\"953\" \/>\n\t<meta property=\"og:image:type\" content=\"image\/jpeg\" \/>\n<meta name=\"author\" content=\"B\u00e1cskai Gabriella\" \/>\n<meta name=\"twitter:card\" content=\"summary_large_image\" \/>\n<meta name=\"twitter:label1\" content=\"Szerz\u0151:\" \/>\n\t<meta name=\"twitter:data1\" content=\"B\u00e1cskai Gabriella\" \/>\n\t<meta name=\"twitter:label2\" content=\"Becs\u00fclt olvas\u00e1si id\u0151\" \/>\n\t<meta name=\"twitter:data2\" content=\"2 perc\" \/>\n<script type=\"application\/ld+json\" class=\"yoast-schema-graph\">{\"@context\":\"https:\\\/\\\/schema.org\",\"@graph\":[{\"@type\":\"Article\",\"@id\":\"https:\\\/\\\/egyuttfejlodunk.hu\\\/zene-hagyomany-es-kozossegepites-igy-szol-a-nemzetkozi-verkli-fesztival-keszthelyen\\\/#article\",\"isPartOf\":{\"@id\":\"https:\\\/\\\/egyuttfejlodunk.hu\\\/zene-hagyomany-es-kozossegepites-igy-szol-a-nemzetkozi-verkli-fesztival-keszthelyen\\\/\"},\"author\":{\"name\":\"B\u00e1cskai Gabriella\",\"@id\":\"https:\\\/\\\/egyuttfejlodunk.hu\\\/#\\\/schema\\\/person\\\/74d5e3661b874eed1958599cd4ca7bbd\"},\"headline\":\"Zene, hagyom\u00e1ny \u00e9s k\u00f6z\u00f6ss\u00e9g\u00e9p\u00edt\u00e9s: \u00edgy sz\u00f3l a Nemzetk\u00f6zi Verkli Fesztiv\u00e1l Keszthelyen\",\"datePublished\":\"2025-06-04T08:09:38+00:00\",\"dateModified\":\"2026-08-31T14:26:45+00:00\",\"mainEntityOfPage\":{\"@id\":\"https:\\\/\\\/egyuttfejlodunk.hu\\\/zene-hagyomany-es-kozossegepites-igy-szol-a-nemzetkozi-verkli-fesztival-keszthelyen\\\/\"},\"wordCount\":490,\"publisher\":{\"@id\":\"https:\\\/\\\/egyuttfejlodunk.hu\\\/#organization\"},\"image\":{\"@id\":\"https:\\\/\\\/egyuttfejlodunk.hu\\\/zene-hagyomany-es-kozossegepites-igy-szol-a-nemzetkozi-verkli-fesztival-keszthelyen\\\/#primaryimage\"},\"thumbnailUrl\":\"https:\\\/\\\/egyuttfejlodunk.hu\\\/wp-content\\\/uploads\\\/2025\\\/06\\\/301860737_127773986663744_8876840342041087625_n-1.jpg\",\"keywords\":[\"k\u00f6z\u00f6ss\u00e9g\u00e9p\u00edt\u0151 beruh\u00e1z\u00e1s\",\"Turizmus\"],\"articleSection\":[\"Top\"],\"inLanguage\":\"hu\"},{\"@type\":\"WebPage\",\"@id\":\"https:\\\/\\\/egyuttfejlodunk.hu\\\/zene-hagyomany-es-kozossegepites-igy-szol-a-nemzetkozi-verkli-fesztival-keszthelyen\\\/\",\"url\":\"https:\\\/\\\/egyuttfejlodunk.hu\\\/zene-hagyomany-es-kozossegepites-igy-szol-a-nemzetkozi-verkli-fesztival-keszthelyen\\\/\",\"name\":\"Zene, hagyom\u00e1ny \u00e9s k\u00f6z\u00f6ss\u00e9g\u00e9p\u00edt\u00e9s: \u00edgy sz\u00f3l a Nemzetk\u00f6zi Verkli Fesztiv\u00e1l Keszthelyen - Egy\u00fctt fejl\u0151d\u00fcnk\",\"isPartOf\":{\"@id\":\"https:\\\/\\\/egyuttfejlodunk.hu\\\/#website\"},\"primaryImageOfPage\":{\"@id\":\"https:\\\/\\\/egyuttfejlodunk.hu\\\/zene-hagyomany-es-kozossegepites-igy-szol-a-nemzetkozi-verkli-fesztival-keszthelyen\\\/#primaryimage\"},\"image\":{\"@id\":\"https:\\\/\\\/egyuttfejlodunk.hu\\\/zene-hagyomany-es-kozossegepites-igy-szol-a-nemzetkozi-verkli-fesztival-keszthelyen\\\/#primaryimage\"},\"thumbnailUrl\":\"https:\\\/\\\/egyuttfejlodunk.hu\\\/wp-content\\\/uploads\\\/2025\\\/06\\\/301860737_127773986663744_8876840342041087625_n-1.jpg\",\"datePublished\":\"2025-06-04T08:09:38+00:00\",\"dateModified\":\"2026-08-31T14:26:45+00:00\",\"breadcrumb\":{\"@id\":\"https:\\\/\\\/egyuttfejlodunk.hu\\\/zene-hagyomany-es-kozossegepites-igy-szol-a-nemzetkozi-verkli-fesztival-keszthelyen\\\/#breadcrumb\"},\"inLanguage\":\"hu\",\"potentialAction\":[{\"@type\":\"ReadAction\",\"target\":[\"https:\\\/\\\/egyuttfejlodunk.hu\\\/zene-hagyomany-es-kozossegepites-igy-szol-a-nemzetkozi-verkli-fesztival-keszthelyen\\\/\"]}]},{\"@type\":\"ImageObject\",\"inLanguage\":\"hu\",\"@id\":\"https:\\\/\\\/egyuttfejlodunk.hu\\\/zene-hagyomany-es-kozossegepites-igy-szol-a-nemzetkozi-verkli-fesztival-keszthelyen\\\/#primaryimage\",\"url\":\"https:\\\/\\\/egyuttfejlodunk.hu\\\/wp-content\\\/uploads\\\/2025\\\/06\\\/301860737_127773986663744_8876840342041087625_n-1.jpg\",\"contentUrl\":\"https:\\\/\\\/egyuttfejlodunk.hu\\\/wp-content\\\/uploads\\\/2025\\\/06\\\/301860737_127773986663744_8876840342041087625_n-1.jpg\",\"width\":1920,\"height\":953},{\"@type\":\"BreadcrumbList\",\"@id\":\"https:\\\/\\\/egyuttfejlodunk.hu\\\/zene-hagyomany-es-kozossegepites-igy-szol-a-nemzetkozi-verkli-fesztival-keszthelyen\\\/#breadcrumb\",\"itemListElement\":[{\"@type\":\"ListItem\",\"position\":1,\"name\":\"Home\",\"item\":\"https:\\\/\\\/egyuttfejlodunk.hu\\\/\"},{\"@type\":\"ListItem\",\"position\":2,\"name\":\"Zene, hagyom\u00e1ny \u00e9s k\u00f6z\u00f6ss\u00e9g\u00e9p\u00edt\u00e9s: \u00edgy sz\u00f3l a Nemzetk\u00f6zi Verkli Fesztiv\u00e1l Keszthelyen\"}]},{\"@type\":\"WebSite\",\"@id\":\"https:\\\/\\\/egyuttfejlodunk.hu\\\/#website\",\"url\":\"https:\\\/\\\/egyuttfejlodunk.hu\\\/\",\"name\":\"Egy\u00fctt fejl\u0151d\u00fcnk\",\"description\":\"\",\"publisher\":{\"@id\":\"https:\\\/\\\/egyuttfejlodunk.hu\\\/#organization\"},\"potentialAction\":[{\"@type\":\"SearchAction\",\"target\":{\"@type\":\"EntryPoint\",\"urlTemplate\":\"https:\\\/\\\/egyuttfejlodunk.hu\\\/?s={search_term_string}\"},\"query-input\":{\"@type\":\"PropertyValueSpecification\",\"valueRequired\":true,\"valueName\":\"search_term_string\"}}],\"inLanguage\":\"hu\"},{\"@type\":\"Organization\",\"@id\":\"https:\\\/\\\/egyuttfejlodunk.hu\\\/#organization\",\"name\":\"Egy\u00fctt fejl\u0151d\u00fcnk\",\"url\":\"https:\\\/\\\/egyuttfejlodunk.hu\\\/\",\"logo\":{\"@type\":\"ImageObject\",\"inLanguage\":\"hu\",\"@id\":\"https:\\\/\\\/egyuttfejlodunk.hu\\\/#\\\/schema\\\/logo\\\/image\\\/\",\"url\":\"https:\\\/\\\/egyuttfejlodunk.hu\\\/wp-content\\\/uploads\\\/2026\\\/04\\\/ujlogo.jpg\",\"contentUrl\":\"https:\\\/\\\/egyuttfejlodunk.hu\\\/wp-content\\\/uploads\\\/2026\\\/04\\\/ujlogo.jpg\",\"width\":350,\"height\":110,\"caption\":\"Egy\u00fctt fejl\u0151d\u00fcnk\"},\"image\":{\"@id\":\"https:\\\/\\\/egyuttfejlodunk.hu\\\/#\\\/schema\\\/logo\\\/image\\\/\"}},{\"@type\":\"Person\",\"@id\":\"https:\\\/\\\/egyuttfejlodunk.hu\\\/#\\\/schema\\\/person\\\/74d5e3661b874eed1958599cd4ca7bbd\",\"name\":\"B\u00e1cskai Gabriella\"}]}<\/script>\n<!-- \/ Yoast SEO Premium plugin. -->","yoast_head_json":{"title":"Zene, hagyom\u00e1ny \u00e9s k\u00f6z\u00f6ss\u00e9g\u00e9p\u00edt\u00e9s: \u00edgy sz\u00f3l a Nemzetk\u00f6zi Verkli Fesztiv\u00e1l Keszthelyen - Egy\u00fctt fejl\u0151d\u00fcnk","robots":{"index":"noindex","follow":"follow","max-snippet":"max-snippet:-1","max-image-preview":"max-image-preview:large","max-video-preview":"max-video-preview:-1"},"og_locale":"hu_HU","og_type":"article","og_title":"Zene, hagyom\u00e1ny \u00e9s k\u00f6z\u00f6ss\u00e9g\u00e9p\u00edt\u00e9s: \u00edgy sz\u00f3l a Nemzetk\u00f6zi Verkli Fesztiv\u00e1l Keszthelyen","og_description":"A Balaton partj\u00e1n fekv\u0151 Keszthely \u00e9vr\u0151l \u00e9vre egy k\u00fcl\u00f6nleges zenei esem\u00e9nynek ad otthont: a Keszthelyi Nemzetk\u00f6zi Verkli Fesztiv\u00e1lnak. Az orsz\u00e1gban egyed\u00fcl\u00e1ll\u00f3 kultur\u00e1lis rendezv\u00e9nyt 2013 \u00f3ta szervezi a Keszthelyi Turisztikai Egyes\u00fclet azzal a c\u00e9llal, hogy \u00e9rt\u00e9ket k\u00f6zvet\u00edtsen, hagyom\u00e1nyokat \u0151rizzen \u00e9s k\u00f6z\u00f6ss\u00e9get \u00e9p\u00edtsen. A program szerves r\u00e9sze a v\u00e1ros kultur\u00e1lis \u00e9let\u00e9nek, \u00e9s fontos eleme annak a helyi identit\u00e1snak, amelyet az itt \u00e9l\u0151k \u00e9s a visszat\u00e9r\u0151 l\u00e1togat\u00f3k egyar\u00e1nt nagy becsben tartanak. A fesztiv\u00e1l minden \u00e9vben ny\u00e1ron t\u00f6lti meg...","og_url":"https:\/\/egyuttfejlodunk.hu\/zene-hagyomany-es-kozossegepites-igy-szol-a-nemzetkozi-verkli-fesztival-keszthelyen\/","og_site_name":"Egy\u00fctt fejl\u0151d\u00fcnk","article_published_time":"2025-06-04T08:09:38+00:00","article_modified_time":"2026-08-31T14:26:45+00:00","og_image":[{"width":1920,"height":953,"url":"https:\/\/egyuttfejlodunk.hu\/wp-content\/uploads\/2025\/06\/301860737_127773986663744_8876840342041087625_n-1.jpg","type":"image\/jpeg"}],"author":"B\u00e1cskai Gabriella","twitter_card":"summary_large_image","twitter_misc":{"Szerz\u0151:":"B\u00e1cskai Gabriella","Becs\u00fclt olvas\u00e1si id\u0151":"2 perc"},"schema":{"@context":"https:\/\/schema.org","@graph":[{"@type":"Article","@id":"https:\/\/egyuttfejlodunk.hu\/zene-hagyomany-es-kozossegepites-igy-szol-a-nemzetkozi-verkli-fesztival-keszthelyen\/#article","isPartOf":{"@id":"https:\/\/egyuttfejlodunk.hu\/zene-hagyomany-es-kozossegepites-igy-szol-a-nemzetkozi-verkli-fesztival-keszthelyen\/"},"author":{"name":"B\u00e1cskai Gabriella","@id":"https:\/\/egyuttfejlodunk.hu\/#\/schema\/person\/74d5e3661b874eed1958599cd4ca7bbd"},"headline":"Zene, hagyom\u00e1ny \u00e9s k\u00f6z\u00f6ss\u00e9g\u00e9p\u00edt\u00e9s: \u00edgy sz\u00f3l a Nemzetk\u00f6zi Verkli Fesztiv\u00e1l Keszthelyen","datePublished":"2025-06-04T08:09:38+00:00","dateModified":"2026-08-31T14:26:45+00:00","mainEntityOfPage":{"@id":"https:\/\/egyuttfejlodunk.hu\/zene-hagyomany-es-kozossegepites-igy-szol-a-nemzetkozi-verkli-fesztival-keszthelyen\/"},"wordCount":490,"publisher":{"@id":"https:\/\/egyuttfejlodunk.hu\/#organization"},"image":{"@id":"https:\/\/egyuttfejlodunk.hu\/zene-hagyomany-es-kozossegepites-igy-szol-a-nemzetkozi-verkli-fesztival-keszthelyen\/#primaryimage"},"thumbnailUrl":"https:\/\/egyuttfejlodunk.hu\/wp-content\/uploads\/2025\/06\/301860737_127773986663744_8876840342041087625_n-1.jpg","keywords":["k\u00f6z\u00f6ss\u00e9g\u00e9p\u00edt\u0151 beruh\u00e1z\u00e1s","Turizmus"],"articleSection":["Top"],"inLanguage":"hu"},{"@type":"WebPage","@id":"https:\/\/egyuttfejlodunk.hu\/zene-hagyomany-es-kozossegepites-igy-szol-a-nemzetkozi-verkli-fesztival-keszthelyen\/","url":"https:\/\/egyuttfejlodunk.hu\/zene-hagyomany-es-kozossegepites-igy-szol-a-nemzetkozi-verkli-fesztival-keszthelyen\/","name":"Zene, hagyom\u00e1ny \u00e9s k\u00f6z\u00f6ss\u00e9g\u00e9p\u00edt\u00e9s: \u00edgy sz\u00f3l a Nemzetk\u00f6zi Verkli Fesztiv\u00e1l Keszthelyen - Egy\u00fctt fejl\u0151d\u00fcnk","isPartOf":{"@id":"https:\/\/egyuttfejlodunk.hu\/#website"},"primaryImageOfPage":{"@id":"https:\/\/egyuttfejlodunk.hu\/zene-hagyomany-es-kozossegepites-igy-szol-a-nemzetkozi-verkli-fesztival-keszthelyen\/#primaryimage"},"image":{"@id":"https:\/\/egyuttfejlodunk.hu\/zene-hagyomany-es-kozossegepites-igy-szol-a-nemzetkozi-verkli-fesztival-keszthelyen\/#primaryimage"},"thumbnailUrl":"https:\/\/egyuttfejlodunk.hu\/wp-content\/uploads\/2025\/06\/301860737_127773986663744_8876840342041087625_n-1.jpg","datePublished":"2025-06-04T08:09:38+00:00","dateModified":"2026-08-31T14:26:45+00:00","breadcrumb":{"@id":"https:\/\/egyuttfejlodunk.hu\/zene-hagyomany-es-kozossegepites-igy-szol-a-nemzetkozi-verkli-fesztival-keszthelyen\/#breadcrumb"},"inLanguage":"hu","potentialAction":[{"@type":"ReadAction","target":["https:\/\/egyuttfejlodunk.hu\/zene-hagyomany-es-kozossegepites-igy-szol-a-nemzetkozi-verkli-fesztival-keszthelyen\/"]}]},{"@type":"ImageObject","inLanguage":"hu","@id":"https:\/\/egyuttfejlodunk.hu\/zene-hagyomany-es-kozossegepites-igy-szol-a-nemzetkozi-verkli-fesztival-keszthelyen\/#primaryimage","url":"https:\/\/egyuttfejlodunk.hu\/wp-content\/uploads\/2025\/06\/301860737_127773986663744_8876840342041087625_n-1.jpg","contentUrl":"https:\/\/egyuttfejlodunk.hu\/wp-content\/uploads\/2025\/06\/301860737_127773986663744_8876840342041087625_n-1.jpg","width":1920,"height":953},{"@type":"BreadcrumbList","@id":"https:\/\/egyuttfejlodunk.hu\/zene-hagyomany-es-kozossegepites-igy-szol-a-nemzetkozi-verkli-fesztival-keszthelyen\/#breadcrumb","itemListElement":[{"@type":"ListItem","position":1,"name":"Home","item":"https:\/\/egyuttfejlodunk.hu\/"},{"@type":"ListItem","position":2,"name":"Zene, hagyom\u00e1ny \u00e9s k\u00f6z\u00f6ss\u00e9g\u00e9p\u00edt\u00e9s: \u00edgy sz\u00f3l a Nemzetk\u00f6zi Verkli Fesztiv\u00e1l Keszthelyen"}]},{"@type":"WebSite","@id":"https:\/\/egyuttfejlodunk.hu\/#website","url":"https:\/\/egyuttfejlodunk.hu\/","name":"Egy\u00fctt fejl\u0151d\u00fcnk","description":"","publisher":{"@id":"https:\/\/egyuttfejlodunk.hu\/#organization"},"potentialAction":[{"@type":"SearchAction","target":{"@type":"EntryPoint","urlTemplate":"https:\/\/egyuttfejlodunk.hu\/?s={search_term_string}"},"query-input":{"@type":"PropertyValueSpecification","valueRequired":true,"valueName":"search_term_string"}}],"inLanguage":"hu"},{"@type":"Organization","@id":"https:\/\/egyuttfejlodunk.hu\/#organization","name":"Egy\u00fctt fejl\u0151d\u00fcnk","url":"https:\/\/egyuttfejlodunk.hu\/","logo":{"@type":"ImageObject","inLanguage":"hu","@id":"https:\/\/egyuttfejlodunk.hu\/#\/schema\/logo\/image\/","url":"https:\/\/egyuttfejlodunk.hu\/wp-content\/uploads\/2026\/04\/ujlogo.jpg","contentUrl":"https:\/\/egyuttfejlodunk.hu\/wp-content\/uploads\/2026\/04\/ujlogo.jpg","width":350,"height":110,"caption":"Egy\u00fctt fejl\u0151d\u00fcnk"},"image":{"@id":"https:\/\/egyuttfejlodunk.hu\/#\/schema\/logo\/image\/"}},{"@type":"Person","@id":"https:\/\/egyuttfejlodunk.hu\/#\/schema\/person\/74d5e3661b874eed1958599cd4ca7bbd","name":"B\u00e1cskai Gabriella"}]}},"_links":{"self":[{"href":"https:\/\/egyuttfejlodunk.hu\/wp-json\/wp\/v2\/posts\/8101","targetHints":{"allow":["GET"]}}],"collection":[{"href":"https:\/\/egyuttfejlodunk.hu\/wp-json\/wp\/v2\/posts"}],"about":[{"href":"https:\/\/egyuttfejlodunk.hu\/wp-json\/wp\/v2\/types\/post"}],"author":[{"embeddable":true,"href":"https:\/\/egyuttfejlodunk.hu\/wp-json\/wp\/v2\/users\/17"}],"replies":[{"embeddable":true,"href":"https:\/\/egyuttfejlodunk.hu\/wp-json\/wp\/v2\/comments?post=8101"}],"version-history":[{"count":2,"href":"https:\/\/egyuttfejlodunk.hu\/wp-json\/wp\/v2\/posts\/8101\/revisions"}],"predecessor-version":[{"id":8164,"href":"https:\/\/egyuttfejlodunk.hu\/wp-json\/wp\/v2\/posts\/8101\/revisions\/8164"}],"wp:featuredmedia":[{"embeddable":true,"href":"https:\/\/egyuttfejlodunk.hu\/wp-json\/wp\/v2\/media\/8118"}],"wp:attachment":[{"href":"https:\/\/egyuttfejlodunk.hu\/wp-json\/wp\/v2\/media?parent=8101"}],"wp:term":[{"taxonomy":"category","embeddable":true,"href":"https:\/\/egyuttfejlodunk.hu\/wp-json\/wp\/v2\/categories?post=8101"},{"taxonomy":"post_tag","embeddable":true,"href":"https:\/\/egyuttfejlodunk.hu\/wp-json\/wp\/v2\/tags?post=8101"},{"taxonomy":"megye","embeddable":true,"href":"https:\/\/egyuttfejlodunk.hu\/wp-json\/wp\/v2\/megye?post=8101"}],"curies":[{"name":"wp","href":"https:\/\/api.w.org\/{rel}","templated":true}]}}