{"id":8135,"date":"2025-06-03T17:50:16","date_gmt":"2025-06-03T15:50:16","guid":{"rendered":"https:\/\/teszt.s152.mediacenter.hu\/egyuttfejlodunk\/?p=8135"},"modified":"2025-06-06T09:52:40","modified_gmt":"2025-06-06T07:52:40","slug":"one-of-the-pillars-of-economic-development-and-innovation-operational-programme-plus-presented-at-the-industrial-days-trade-fair","status":"publish","type":"post","link":"https:\/\/egyuttfejlodunk.hu\/en\/one-of-the-pillars-of-economic-development-and-innovation-operational-programme-plus-presented-at-the-industrial-days-trade-fair\/","title":{"rendered":"One of the Pillars of Economic Development and Innovation Operational Programme Plus presented at the Industrial Days Trade Fair"},"content":{"rendered":"<p><strong>Hungary\u2019s largest industrial exhibition, Industrial Days 2025, was held in Budapest from May 13 to 16, 2025. Visitors had the opportunity to explore the latest technological innovations, corporate trends, and a diverse range of conference programs.<\/strong><\/p>\n<p>The four-day event attracted over ten thousand visitors, with the Hungarian Economic Development Agency (hereinafter referred to as \u201cthe agency\u201d) participating as an exhibitor. The agency\u2019s involvement was part of the priority project identified by code GINOP_PLUSZ-1.1.1-22-2022-00001, titled \u201cProvision of Targeted Business Development Services for Micro, Small, and Medium-sized Enterprises.\u201d This project aims to provide substantial support for the growth and competitiveness of domestic SMEs. It represents one of the key pillars of Economic Development and Innovation Operational Programme Plus and encompasses several important EU-level objectives within the operational program.<\/p>\n<p>The trade fair offered the agency a valuable opportunity to directly showcase its services and programs, foster new connections, and collect feedback on areas requiring development. Throughout the event, agency experts delivered presentations on a variety of relevant and timely topics, offering valuable insights especially for entrepreneurs and business stakeholders. The programs focused on forward-looking solutions such as the application of artificial intelligence in corporate environments and the integration of ESG principles (Environmental, Social, Governance) into everyday business practices. Several sessions sparked engaging discussions between visitors and agency specialists, further enriching the professional dialogue and fostering an interactive atmosphere.<\/p>\n<p>The event\u2019s success was significantly boosted by the participation of the agency\u2019s partners, who joined the exhibition at a shared booth. This enabled demonstration plants to showcase their products and services to interested visitors, thereby increasing the visibility and market presence of domestic businesses. Additionally, the National Development Center provided consultation sessions on current Economic Development and Innovation Operational Programme Plus calls for trade fair attendees.<\/p>\n<p>This collaboration not only enriched the program for visitors but also facilitated business networking, knowledge exchange, and the formation of potential future partnerships.<\/p>\n<p>At Industrial Days 2025, the agency\u2019s booth was awarded the \u201cMost Beautiful Booth\u201d prize by the professional jury, recognizing the most creative and high-quality exhibition display.<\/p>\n<p>The project \u201cProvision of Targeted Business Development Services for Micro, Small, and Medium-sized Enterprises\u201d is implemented under the Sz\u00e9chenyi Plan Plus program, supported by the European Union, with a total budget of HUF 8 billion and a planned completion date of December 31, 2027.<\/p>\n","protected":false},"excerpt":{"rendered":"<p>Hungary\u2019s largest industrial exhibition, Industrial Days 2025, was held in Budapest from May 13 to 16, 2025. Visitors had the opportunity to explore the latest technological innovations, corporate trends, and a diverse range of conference programs. The four-day event attracted over ten thousand visitors, with the Hungarian Economic Development Agency (hereinafter referred to as \u201cthe agency\u201d) participating as an exhibitor. The agency\u2019s involvement was part of the priority project identified by code GINOP_PLUSZ-1.1.1-22-2022-00001, titled \u201cProvision&#8230;<\/p>\n","protected":false},"author":17,"featured_media":8120,"comment_status":"closed","ping_status":"closed","sticky":false,"template":"","format":"standard","meta":{"_acf_changed":false,"ngg_post_thumbnail":0,"footnotes":""},"categories":[799],"tags":[],"megye":[],"class_list":["post-8135","post","type-post","status-publish","format-standard","has-post-thumbnail","hentry","category-szechenyi-plusz-osi-en"],"acf":[],"yoast_head":"<!-- This site is optimized with the Yoast SEO Premium plugin v28.4 (Yoast SEO v28.4) - https:\/\/yoast.com\/product\/yoast-seo-premium-wordpress\/ -->\n<title>One of the Pillars of Economic Development and Innovation Operational Programme Plus presented at the Industrial Days Trade Fair - Egy\u00fctt fejl\u0151d\u00fcnk<\/title>\n<meta name=\"robots\" content=\"noindex, follow, max-snippet:-1, max-image-preview:large, max-video-preview:-1\" \/>\n<meta property=\"og:locale\" content=\"hu_HU\" \/>\n<meta property=\"og:type\" content=\"article\" \/>\n<meta property=\"og:title\" content=\"One of the Pillars of Economic Development and Innovation Operational Programme Plus presented at the Industrial Days Trade Fair\" \/>\n<meta property=\"og:description\" content=\"Hungary\u2019s largest industrial exhibition, Industrial Days 2025, was held in Budapest from May 13 to 16, 2025. Visitors had the opportunity to explore the latest technological innovations, corporate trends, and a diverse range of conference programs. The four-day event attracted over ten thousand visitors, with the Hungarian Economic Development Agency (hereinafter referred to as \u201cthe agency\u201d) participating as an exhibitor. The agency\u2019s involvement was part of the priority project identified by code GINOP_PLUSZ-1.1.1-22-2022-00001, titled \u201cProvision...\" \/>\n<meta property=\"og:url\" content=\"https:\/\/egyuttfejlodunk.hu\/en\/one-of-the-pillars-of-economic-development-and-innovation-operational-programme-plus-presented-at-the-industrial-days-trade-fair\/\" \/>\n<meta property=\"og:site_name\" content=\"Egy\u00fctt fejl\u0151d\u00fcnk\" \/>\n<meta property=\"article:published_time\" content=\"2025-06-03T15:50:16+00:00\" \/>\n<meta property=\"article:modified_time\" content=\"2025-06-06T07:52:40+00:00\" \/>\n<meta property=\"og:image\" content=\"https:\/\/egyuttfejlodunk.hu\/wp-content\/uploads\/2025\/06\/6839825a709550ebc8e27c97.webp\" \/>\n\t<meta property=\"og:image:width\" content=\"1200\" \/>\n\t<meta property=\"og:image:height\" content=\"800\" \/>\n\t<meta property=\"og:image:type\" content=\"image\/webp\" \/>\n<meta name=\"author\" content=\"B\u00e1cskai Gabriella\" \/>\n<meta name=\"twitter:card\" content=\"summary_large_image\" \/>\n<meta name=\"twitter:label1\" content=\"Szerz\u0151:\" \/>\n\t<meta name=\"twitter:data1\" content=\"B\u00e1cskai Gabriella\" \/>\n\t<meta name=\"twitter:label2\" content=\"Becs\u00fclt olvas\u00e1si id\u0151\" \/>\n\t<meta name=\"twitter:data2\" content=\"2 perc\" \/>\n<script type=\"application\/ld+json\" class=\"yoast-schema-graph\">{\"@context\":\"https:\\\/\\\/schema.org\",\"@graph\":[{\"@type\":\"Article\",\"@id\":\"https:\\\/\\\/egyuttfejlodunk.hu\\\/en\\\/one-of-the-pillars-of-economic-development-and-innovation-operational-programme-plus-presented-at-the-industrial-days-trade-fair\\\/#article\",\"isPartOf\":{\"@id\":\"https:\\\/\\\/egyuttfejlodunk.hu\\\/en\\\/one-of-the-pillars-of-economic-development-and-innovation-operational-programme-plus-presented-at-the-industrial-days-trade-fair\\\/\"},\"author\":{\"name\":\"B\u00e1cskai Gabriella\",\"@id\":\"https:\\\/\\\/egyuttfejlodunk.hu\\\/#\\\/schema\\\/person\\\/74d5e3661b874eed1958599cd4ca7bbd\"},\"headline\":\"One of the Pillars of Economic Development and Innovation Operational Programme Plus presented at the Industrial Days Trade Fair\",\"datePublished\":\"2025-06-03T15:50:16+00:00\",\"dateModified\":\"2025-06-06T07:52:40+00:00\",\"mainEntityOfPage\":{\"@id\":\"https:\\\/\\\/egyuttfejlodunk.hu\\\/en\\\/one-of-the-pillars-of-economic-development-and-innovation-operational-programme-plus-presented-at-the-industrial-days-trade-fair\\\/\"},\"wordCount\":405,\"publisher\":{\"@id\":\"https:\\\/\\\/egyuttfejlodunk.hu\\\/#organization\"},\"image\":{\"@id\":\"https:\\\/\\\/egyuttfejlodunk.hu\\\/en\\\/one-of-the-pillars-of-economic-development-and-innovation-operational-programme-plus-presented-at-the-industrial-days-trade-fair\\\/#primaryimage\"},\"thumbnailUrl\":\"https:\\\/\\\/egyuttfejlodunk.hu\\\/wp-content\\\/uploads\\\/2025\\\/06\\\/6839825a709550ebc8e27c97.webp\",\"articleSection\":[\"Sz\u00e9chenyi plusz osi\"],\"inLanguage\":\"hu\"},{\"@type\":\"WebPage\",\"@id\":\"https:\\\/\\\/egyuttfejlodunk.hu\\\/en\\\/one-of-the-pillars-of-economic-development-and-innovation-operational-programme-plus-presented-at-the-industrial-days-trade-fair\\\/\",\"url\":\"https:\\\/\\\/egyuttfejlodunk.hu\\\/en\\\/one-of-the-pillars-of-economic-development-and-innovation-operational-programme-plus-presented-at-the-industrial-days-trade-fair\\\/\",\"name\":\"One of the Pillars of Economic Development and Innovation Operational Programme Plus presented at the Industrial Days Trade Fair - Egy\u00fctt fejl\u0151d\u00fcnk\",\"isPartOf\":{\"@id\":\"https:\\\/\\\/egyuttfejlodunk.hu\\\/#website\"},\"primaryImageOfPage\":{\"@id\":\"https:\\\/\\\/egyuttfejlodunk.hu\\\/en\\\/one-of-the-pillars-of-economic-development-and-innovation-operational-programme-plus-presented-at-the-industrial-days-trade-fair\\\/#primaryimage\"},\"image\":{\"@id\":\"https:\\\/\\\/egyuttfejlodunk.hu\\\/en\\\/one-of-the-pillars-of-economic-development-and-innovation-operational-programme-plus-presented-at-the-industrial-days-trade-fair\\\/#primaryimage\"},\"thumbnailUrl\":\"https:\\\/\\\/egyuttfejlodunk.hu\\\/wp-content\\\/uploads\\\/2025\\\/06\\\/6839825a709550ebc8e27c97.webp\",\"datePublished\":\"2025-06-03T15:50:16+00:00\",\"dateModified\":\"2025-06-06T07:52:40+00:00\",\"breadcrumb\":{\"@id\":\"https:\\\/\\\/egyuttfejlodunk.hu\\\/en\\\/one-of-the-pillars-of-economic-development-and-innovation-operational-programme-plus-presented-at-the-industrial-days-trade-fair\\\/#breadcrumb\"},\"inLanguage\":\"hu\",\"potentialAction\":[{\"@type\":\"ReadAction\",\"target\":[\"https:\\\/\\\/egyuttfejlodunk.hu\\\/en\\\/one-of-the-pillars-of-economic-development-and-innovation-operational-programme-plus-presented-at-the-industrial-days-trade-fair\\\/\"]}]},{\"@type\":\"ImageObject\",\"inLanguage\":\"hu\",\"@id\":\"https:\\\/\\\/egyuttfejlodunk.hu\\\/en\\\/one-of-the-pillars-of-economic-development-and-innovation-operational-programme-plus-presented-at-the-industrial-days-trade-fair\\\/#primaryimage\",\"url\":\"https:\\\/\\\/egyuttfejlodunk.hu\\\/wp-content\\\/uploads\\\/2025\\\/06\\\/6839825a709550ebc8e27c97.webp\",\"contentUrl\":\"https:\\\/\\\/egyuttfejlodunk.hu\\\/wp-content\\\/uploads\\\/2025\\\/06\\\/6839825a709550ebc8e27c97.webp\",\"width\":1200,\"height\":800},{\"@type\":\"BreadcrumbList\",\"@id\":\"https:\\\/\\\/egyuttfejlodunk.hu\\\/en\\\/one-of-the-pillars-of-economic-development-and-innovation-operational-programme-plus-presented-at-the-industrial-days-trade-fair\\\/#breadcrumb\",\"itemListElement\":[{\"@type\":\"ListItem\",\"position\":1,\"name\":\"Home\",\"item\":\"https:\\\/\\\/egyuttfejlodunk.hu\\\/\"},{\"@type\":\"ListItem\",\"position\":2,\"name\":\"One of the Pillars of Economic Development and Innovation Operational Programme Plus presented at the Industrial Days Trade Fair\"}]},{\"@type\":\"WebSite\",\"@id\":\"https:\\\/\\\/egyuttfejlodunk.hu\\\/#website\",\"url\":\"https:\\\/\\\/egyuttfejlodunk.hu\\\/\",\"name\":\"Egy\u00fctt fejl\u0151d\u00fcnk\",\"description\":\"\",\"publisher\":{\"@id\":\"https:\\\/\\\/egyuttfejlodunk.hu\\\/#organization\"},\"potentialAction\":[{\"@type\":\"SearchAction\",\"target\":{\"@type\":\"EntryPoint\",\"urlTemplate\":\"https:\\\/\\\/egyuttfejlodunk.hu\\\/?s={search_term_string}\"},\"query-input\":{\"@type\":\"PropertyValueSpecification\",\"valueRequired\":true,\"valueName\":\"search_term_string\"}}],\"inLanguage\":\"hu\"},{\"@type\":\"Organization\",\"@id\":\"https:\\\/\\\/egyuttfejlodunk.hu\\\/#organization\",\"name\":\"Egy\u00fctt fejl\u0151d\u00fcnk\",\"url\":\"https:\\\/\\\/egyuttfejlodunk.hu\\\/\",\"logo\":{\"@type\":\"ImageObject\",\"inLanguage\":\"hu\",\"@id\":\"https:\\\/\\\/egyuttfejlodunk.hu\\\/#\\\/schema\\\/logo\\\/image\\\/\",\"url\":\"https:\\\/\\\/egyuttfejlodunk.hu\\\/wp-content\\\/uploads\\\/2026\\\/04\\\/ujlogo.jpg\",\"contentUrl\":\"https:\\\/\\\/egyuttfejlodunk.hu\\\/wp-content\\\/uploads\\\/2026\\\/04\\\/ujlogo.jpg\",\"width\":350,\"height\":110,\"caption\":\"Egy\u00fctt fejl\u0151d\u00fcnk\"},\"image\":{\"@id\":\"https:\\\/\\\/egyuttfejlodunk.hu\\\/#\\\/schema\\\/logo\\\/image\\\/\"}},{\"@type\":\"Person\",\"@id\":\"https:\\\/\\\/egyuttfejlodunk.hu\\\/#\\\/schema\\\/person\\\/74d5e3661b874eed1958599cd4ca7bbd\",\"name\":\"B\u00e1cskai Gabriella\"}]}<\/script>\n<!-- \/ Yoast SEO Premium plugin. -->","yoast_head_json":{"title":"One of the Pillars of Economic Development and Innovation Operational Programme Plus presented at the Industrial Days Trade Fair - Egy\u00fctt fejl\u0151d\u00fcnk","robots":{"index":"noindex","follow":"follow","max-snippet":"max-snippet:-1","max-image-preview":"max-image-preview:large","max-video-preview":"max-video-preview:-1"},"og_locale":"hu_HU","og_type":"article","og_title":"One of the Pillars of Economic Development and Innovation Operational Programme Plus presented at the Industrial Days Trade Fair","og_description":"Hungary\u2019s largest industrial exhibition, Industrial Days 2025, was held in Budapest from May 13 to 16, 2025. Visitors had the opportunity to explore the latest technological innovations, corporate trends, and a diverse range of conference programs. The four-day event attracted over ten thousand visitors, with the Hungarian Economic Development Agency (hereinafter referred to as \u201cthe agency\u201d) participating as an exhibitor. The agency\u2019s involvement was part of the priority project identified by code GINOP_PLUSZ-1.1.1-22-2022-00001, titled \u201cProvision...","og_url":"https:\/\/egyuttfejlodunk.hu\/en\/one-of-the-pillars-of-economic-development-and-innovation-operational-programme-plus-presented-at-the-industrial-days-trade-fair\/","og_site_name":"Egy\u00fctt fejl\u0151d\u00fcnk","article_published_time":"2025-06-03T15:50:16+00:00","article_modified_time":"2025-06-06T07:52:40+00:00","og_image":[{"width":1200,"height":800,"url":"https:\/\/egyuttfejlodunk.hu\/wp-content\/uploads\/2025\/06\/6839825a709550ebc8e27c97.webp","type":"image\/webp"}],"author":"B\u00e1cskai Gabriella","twitter_card":"summary_large_image","twitter_misc":{"Szerz\u0151:":"B\u00e1cskai Gabriella","Becs\u00fclt olvas\u00e1si id\u0151":"2 perc"},"schema":{"@context":"https:\/\/schema.org","@graph":[{"@type":"Article","@id":"https:\/\/egyuttfejlodunk.hu\/en\/one-of-the-pillars-of-economic-development-and-innovation-operational-programme-plus-presented-at-the-industrial-days-trade-fair\/#article","isPartOf":{"@id":"https:\/\/egyuttfejlodunk.hu\/en\/one-of-the-pillars-of-economic-development-and-innovation-operational-programme-plus-presented-at-the-industrial-days-trade-fair\/"},"author":{"name":"B\u00e1cskai Gabriella","@id":"https:\/\/egyuttfejlodunk.hu\/#\/schema\/person\/74d5e3661b874eed1958599cd4ca7bbd"},"headline":"One of the Pillars of Economic Development and Innovation Operational Programme Plus presented at the Industrial Days Trade Fair","datePublished":"2025-06-03T15:50:16+00:00","dateModified":"2025-06-06T07:52:40+00:00","mainEntityOfPage":{"@id":"https:\/\/egyuttfejlodunk.hu\/en\/one-of-the-pillars-of-economic-development-and-innovation-operational-programme-plus-presented-at-the-industrial-days-trade-fair\/"},"wordCount":405,"publisher":{"@id":"https:\/\/egyuttfejlodunk.hu\/#organization"},"image":{"@id":"https:\/\/egyuttfejlodunk.hu\/en\/one-of-the-pillars-of-economic-development-and-innovation-operational-programme-plus-presented-at-the-industrial-days-trade-fair\/#primaryimage"},"thumbnailUrl":"https:\/\/egyuttfejlodunk.hu\/wp-content\/uploads\/2025\/06\/6839825a709550ebc8e27c97.webp","articleSection":["Sz\u00e9chenyi plusz osi"],"inLanguage":"hu"},{"@type":"WebPage","@id":"https:\/\/egyuttfejlodunk.hu\/en\/one-of-the-pillars-of-economic-development-and-innovation-operational-programme-plus-presented-at-the-industrial-days-trade-fair\/","url":"https:\/\/egyuttfejlodunk.hu\/en\/one-of-the-pillars-of-economic-development-and-innovation-operational-programme-plus-presented-at-the-industrial-days-trade-fair\/","name":"One of the Pillars of Economic Development and Innovation Operational Programme Plus presented at the Industrial Days Trade Fair - Egy\u00fctt fejl\u0151d\u00fcnk","isPartOf":{"@id":"https:\/\/egyuttfejlodunk.hu\/#website"},"primaryImageOfPage":{"@id":"https:\/\/egyuttfejlodunk.hu\/en\/one-of-the-pillars-of-economic-development-and-innovation-operational-programme-plus-presented-at-the-industrial-days-trade-fair\/#primaryimage"},"image":{"@id":"https:\/\/egyuttfejlodunk.hu\/en\/one-of-the-pillars-of-economic-development-and-innovation-operational-programme-plus-presented-at-the-industrial-days-trade-fair\/#primaryimage"},"thumbnailUrl":"https:\/\/egyuttfejlodunk.hu\/wp-content\/uploads\/2025\/06\/6839825a709550ebc8e27c97.webp","datePublished":"2025-06-03T15:50:16+00:00","dateModified":"2025-06-06T07:52:40+00:00","breadcrumb":{"@id":"https:\/\/egyuttfejlodunk.hu\/en\/one-of-the-pillars-of-economic-development-and-innovation-operational-programme-plus-presented-at-the-industrial-days-trade-fair\/#breadcrumb"},"inLanguage":"hu","potentialAction":[{"@type":"ReadAction","target":["https:\/\/egyuttfejlodunk.hu\/en\/one-of-the-pillars-of-economic-development-and-innovation-operational-programme-plus-presented-at-the-industrial-days-trade-fair\/"]}]},{"@type":"ImageObject","inLanguage":"hu","@id":"https:\/\/egyuttfejlodunk.hu\/en\/one-of-the-pillars-of-economic-development-and-innovation-operational-programme-plus-presented-at-the-industrial-days-trade-fair\/#primaryimage","url":"https:\/\/egyuttfejlodunk.hu\/wp-content\/uploads\/2025\/06\/6839825a709550ebc8e27c97.webp","contentUrl":"https:\/\/egyuttfejlodunk.hu\/wp-content\/uploads\/2025\/06\/6839825a709550ebc8e27c97.webp","width":1200,"height":800},{"@type":"BreadcrumbList","@id":"https:\/\/egyuttfejlodunk.hu\/en\/one-of-the-pillars-of-economic-development-and-innovation-operational-programme-plus-presented-at-the-industrial-days-trade-fair\/#breadcrumb","itemListElement":[{"@type":"ListItem","position":1,"name":"Home","item":"https:\/\/egyuttfejlodunk.hu\/"},{"@type":"ListItem","position":2,"name":"One of the Pillars of Economic Development and Innovation Operational Programme Plus presented at the Industrial Days Trade Fair"}]},{"@type":"WebSite","@id":"https:\/\/egyuttfejlodunk.hu\/#website","url":"https:\/\/egyuttfejlodunk.hu\/","name":"Egy\u00fctt fejl\u0151d\u00fcnk","description":"","publisher":{"@id":"https:\/\/egyuttfejlodunk.hu\/#organization"},"potentialAction":[{"@type":"SearchAction","target":{"@type":"EntryPoint","urlTemplate":"https:\/\/egyuttfejlodunk.hu\/?s={search_term_string}"},"query-input":{"@type":"PropertyValueSpecification","valueRequired":true,"valueName":"search_term_string"}}],"inLanguage":"hu"},{"@type":"Organization","@id":"https:\/\/egyuttfejlodunk.hu\/#organization","name":"Egy\u00fctt fejl\u0151d\u00fcnk","url":"https:\/\/egyuttfejlodunk.hu\/","logo":{"@type":"ImageObject","inLanguage":"hu","@id":"https:\/\/egyuttfejlodunk.hu\/#\/schema\/logo\/image\/","url":"https:\/\/egyuttfejlodunk.hu\/wp-content\/uploads\/2026\/04\/ujlogo.jpg","contentUrl":"https:\/\/egyuttfejlodunk.hu\/wp-content\/uploads\/2026\/04\/ujlogo.jpg","width":350,"height":110,"caption":"Egy\u00fctt fejl\u0151d\u00fcnk"},"image":{"@id":"https:\/\/egyuttfejlodunk.hu\/#\/schema\/logo\/image\/"}},{"@type":"Person","@id":"https:\/\/egyuttfejlodunk.hu\/#\/schema\/person\/74d5e3661b874eed1958599cd4ca7bbd","name":"B\u00e1cskai Gabriella"}]}},"_links":{"self":[{"href":"https:\/\/egyuttfejlodunk.hu\/wp-json\/wp\/v2\/posts\/8135","targetHints":{"allow":["GET"]}}],"collection":[{"href":"https:\/\/egyuttfejlodunk.hu\/wp-json\/wp\/v2\/posts"}],"about":[{"href":"https:\/\/egyuttfejlodunk.hu\/wp-json\/wp\/v2\/types\/post"}],"author":[{"embeddable":true,"href":"https:\/\/egyuttfejlodunk.hu\/wp-json\/wp\/v2\/users\/17"}],"replies":[{"embeddable":true,"href":"https:\/\/egyuttfejlodunk.hu\/wp-json\/wp\/v2\/comments?post=8135"}],"version-history":[{"count":1,"href":"https:\/\/egyuttfejlodunk.hu\/wp-json\/wp\/v2\/posts\/8135\/revisions"}],"predecessor-version":[{"id":8136,"href":"https:\/\/egyuttfejlodunk.hu\/wp-json\/wp\/v2\/posts\/8135\/revisions\/8136"}],"wp:featuredmedia":[{"embeddable":true,"href":"https:\/\/egyuttfejlodunk.hu\/wp-json\/wp\/v2\/media\/8120"}],"wp:attachment":[{"href":"https:\/\/egyuttfejlodunk.hu\/wp-json\/wp\/v2\/media?parent=8135"}],"wp:term":[{"taxonomy":"category","embeddable":true,"href":"https:\/\/egyuttfejlodunk.hu\/wp-json\/wp\/v2\/categories?post=8135"},{"taxonomy":"post_tag","embeddable":true,"href":"https:\/\/egyuttfejlodunk.hu\/wp-json\/wp\/v2\/tags?post=8135"},{"taxonomy":"megye","embeddable":true,"href":"https:\/\/egyuttfejlodunk.hu\/wp-json\/wp\/v2\/megye?post=8135"}],"curies":[{"name":"wp","href":"https:\/\/api.w.org\/{rel}","templated":true}]}}