{"id":8165,"date":"2025-06-11T10:44:24","date_gmt":"2025-06-11T08:44:24","guid":{"rendered":"https:\/\/teszt.s152.mediacenter.hu\/egyuttfejlodunk\/?p=8165"},"modified":"2026-08-31T16:23:59","modified_gmt":"2026-08-31T14:23:59","slug":"idegrendszer-2-0-kihivasok-a-modern-vilagban","status":"publish","type":"post","link":"https:\/\/egyuttfejlodunk.hu\/?p=8165","title":{"rendered":"Idegrendszer 2.0: kih\u00edv\u00e1sok a modern vil\u00e1gban"},"content":{"rendered":"<p><strong>Az E\u00f6tv\u00f6s Lor\u00e1nd Tudom\u00e1nyegyetemen az Eur\u00f3pai Uni\u00f3 t\u00e1mogat\u00e1s\u00e1val egy olyan kiemelked\u0151 kutat\u00e1s val\u00f3sult meg, amely a legfejlettebb idegtudom\u00e1nyi, pszichol\u00f3giai \u00e9s genetikai m\u00f3dszerekkel vizsg\u00e1lta a 21. sz\u00e1zad egyik leg\u00f6sszetettebb kih\u00edv\u00e1s\u00e1t: az emberi agy alkalmazkod\u00e1s\u00e1t a folyamatos inform\u00e1ci\u00f3\u00e1radathoz \u00e9s a civiliz\u00e1ci\u00f3s zavarokhoz. <\/strong><\/p>\n<p>A digit\u00e1lis impulzusokkal teli \u00e9let\u00fcnk \u2013 e-mailek, \u00e9rtes\u00edt\u00e9sek, h\u00edrek, k\u00e9pek, zajok \u2013 a kutat\u00f3k szerint olyan ingermennyis\u00e9get jelentenek, amely kor\u00e1bban elk\u00e9pzelhetetlen lett volna. Ez a \u201et\u00falkapcsolt\u201d vil\u00e1g nem hagyja \u00e9rintetlen\u00fcl idegrendszer\u00fcnket. A projekt szakemberei arra kerest\u00e9k a v\u00e1laszt, hogyan szab\u00e1lyozz\u00e1k g\u00e9njeink az alkalmazkod\u00e1st ehhez az \u00fajfajta val\u00f3s\u00e1ghoz, mik\u00e9nt j\u00e1rul hozz\u00e1 a stressz a testi-lelki probl\u00e9m\u00e1k \u2013 p\u00e9ld\u00e1ul a depresszi\u00f3 vagy az elh\u00edz\u00e1s \u2013 kialakul\u00e1s\u00e1hoz, \u00e9s hogyan szelekt\u00e1l idegrendszer\u00fcnk a r\u00e1nk z\u00fadul\u00f3 inform\u00e1ci\u00f3\u00e1radatb\u00f3l.<\/p>\n<p>A kutat\u00e1sok genetikai, pszichofiziol\u00f3giai, neurobiol\u00f3giai \u00e9s pszichol\u00f3giai megk\u00f6zel\u00edt\u00e9sek r\u00e9v\u00e9n pr\u00f3b\u00e1ltak v\u00e1laszokat tal\u00e1lni arra, mik\u00e9nt alakulhatnak ki viselked\u00e9si zavarok, szorong\u00e1sos \u00e1llapotok vagy \u00e9pp f\u00fcgg\u0151s\u00e9gek, \u00e9s milyen megel\u0151z\u00e9si lehet\u0151s\u00e9gek \u00e1llnak rendelkez\u00e9s\u00fcnkre. Vizsg\u00e1lt\u00e1k azt is, hogyan befoly\u00e1solja \u00e9letm\u00f3dunk, t\u00e1rsadalmi k\u00f6rnyezet\u00fcnk \u00e9s fizikai aktivit\u00e1sunk az agym\u0171k\u00f6d\u00e9st, valamint hogyan illeszkedik a numerikus megismer\u00e9s a t\u00f6bbi kognit\u00edv, nyelvi \u00e9s eml\u00e9kezeti rendszerbe.<\/p>\n<p>A projekt eredm\u00e9nyei nemcsak tudom\u00e1nyos szempontb\u00f3l bizonyultak jelent\u0151snek, hanem hozz\u00e1j\u00e1rultak egy korszer\u0171, nemzetk\u00f6zileg is versenyk\u00e9pes kutat\u00f3i k\u00f6zeg kialak\u00edt\u00e1s\u00e1hoz. Az eredm\u00e9nyek be\u00e9p\u00fcltek a mester- \u00e9s doktori k\u00e9pz\u00e9sekbe, \u00e9s a kezdem\u00e9nyez\u00e9s \u00faj munkahelyek l\u00e9trej\u00f6tt\u00e9hez is hozz\u00e1j\u00e1rult.<\/p>\n<p>A kutat\u00e1s seg\u00edtett felt\u00e1rni, hogyan reag\u00e1l idegrendszer\u00fcnk a civiliz\u00e1ci\u00f3s nyom\u00e1sra, \u00e9s milyen strat\u00e9gi\u00e1k seg\u00edthetnek ennek kezel\u00e9s\u00e9ben. Az el\u00e9rt eredm\u00e9nyek nemcsak a tudom\u00e1nyt gazdag\u00edtj\u00e1k, hanem a t\u00e1rsadalom ment\u00e1lis eg\u00e9szs\u00e9g\u00e9t is szolg\u00e1lj\u00e1k.<\/p>\n<p>A program a VEKOP-2.3.3-15-2017-00023 projekt keret\u00e9ben, eur\u00f3pai uni\u00f3s forr\u00e1s bevon\u00e1s\u00e1val val\u00f3sult meg.<\/p>\n<p>Tov\u00e1bbi r\u00e9szletek a t\u00e1mogatott projekt keres\u0151ben:&nbsp;<a class=\"tovabb\" href=\"https:\/\/www.palyazat.gov.hu\/eredmenyek\/tamogatott-projektek\/1175530201\" target=\"_blank\" rel=\"noopener\">Tov\u00e1bb<\/a><\/p>\n","protected":false},"excerpt":{"rendered":"<p>Az E\u00f6tv\u00f6s Lor\u00e1nd Tudom\u00e1nyegyetemen az Eur\u00f3pai Uni\u00f3 t\u00e1mogat\u00e1s\u00e1val egy olyan kiemelked\u0151 kutat\u00e1s val\u00f3sult meg, amely a legfejlettebb idegtudom\u00e1nyi, pszichol\u00f3giai \u00e9s genetikai m\u00f3dszerekkel vizsg\u00e1lta a 21. sz\u00e1zad egyik leg\u00f6sszetettebb kih\u00edv\u00e1s\u00e1t: az emberi agy alkalmazkod\u00e1s\u00e1t a folyamatos inform\u00e1ci\u00f3\u00e1radathoz \u00e9s a civiliz\u00e1ci\u00f3s zavarokhoz. A digit\u00e1lis impulzusokkal teli \u00e9let\u00fcnk \u2013 e-mailek, \u00e9rtes\u00edt\u00e9sek, h\u00edrek, k\u00e9pek, zajok \u2013 a kutat\u00f3k szerint olyan ingermennyis\u00e9get jelentenek, amely kor\u00e1bban elk\u00e9pzelhetetlen lett volna. Ez a \u201et\u00falkapcsolt\u201d vil\u00e1g nem hagyja \u00e9rintetlen\u00fcl idegrendszer\u00fcnket. A projekt szakemberei arra&#8230;<\/p>\n","protected":false},"author":17,"featured_media":8171,"comment_status":"closed","ping_status":"closed","sticky":false,"template":"","format":"standard","meta":{"_acf_changed":false,"ngg_post_thumbnail":0,"footnotes":""},"categories":[176],"tags":[302,725],"megye":[1121],"class_list":["post-8165","post","type-post","status-publish","format-standard","has-post-thumbnail","hentry","category-vekop-hu","tag-innovacio","tag-kutatas-fejlesztes","megye-magyarorszag"],"acf":[],"yoast_head":"<!-- This site is optimized with the Yoast SEO Premium plugin v28.4 (Yoast SEO v28.4) - https:\/\/yoast.com\/product\/yoast-seo-premium-wordpress\/ -->\n<title>Idegrendszer 2.0: kih\u00edv\u00e1sok a modern vil\u00e1gban - Egy\u00fctt fejl\u0151d\u00fcnk<\/title>\n<meta name=\"robots\" content=\"noindex, follow, max-snippet:-1, max-image-preview:large, max-video-preview:-1\" \/>\n<meta property=\"og:locale\" content=\"hu_HU\" \/>\n<meta property=\"og:type\" content=\"article\" \/>\n<meta property=\"og:title\" content=\"Idegrendszer 2.0: kih\u00edv\u00e1sok a modern vil\u00e1gban\" \/>\n<meta property=\"og:description\" content=\"Az E\u00f6tv\u00f6s Lor\u00e1nd Tudom\u00e1nyegyetemen az Eur\u00f3pai Uni\u00f3 t\u00e1mogat\u00e1s\u00e1val egy olyan kiemelked\u0151 kutat\u00e1s val\u00f3sult meg, amely a legfejlettebb idegtudom\u00e1nyi, pszichol\u00f3giai \u00e9s genetikai m\u00f3dszerekkel vizsg\u00e1lta a 21. sz\u00e1zad egyik leg\u00f6sszetettebb kih\u00edv\u00e1s\u00e1t: az emberi agy alkalmazkod\u00e1s\u00e1t a folyamatos inform\u00e1ci\u00f3\u00e1radathoz \u00e9s a civiliz\u00e1ci\u00f3s zavarokhoz. A digit\u00e1lis impulzusokkal teli \u00e9let\u00fcnk \u2013 e-mailek, \u00e9rtes\u00edt\u00e9sek, h\u00edrek, k\u00e9pek, zajok \u2013 a kutat\u00f3k szerint olyan ingermennyis\u00e9get jelentenek, amely kor\u00e1bban elk\u00e9pzelhetetlen lett volna. Ez a \u201et\u00falkapcsolt\u201d vil\u00e1g nem hagyja \u00e9rintetlen\u00fcl idegrendszer\u00fcnket. A projekt szakemberei arra...\" \/>\n<meta property=\"og:url\" content=\"https:\/\/egyuttfejlodunk.hu\/?p=8165\" \/>\n<meta property=\"og:site_name\" content=\"Egy\u00fctt fejl\u0151d\u00fcnk\" \/>\n<meta property=\"article:published_time\" content=\"2025-06-11T08:44:24+00:00\" \/>\n<meta property=\"article:modified_time\" content=\"2026-08-31T14:23:59+00:00\" \/>\n<meta property=\"og:image\" content=\"https:\/\/egyuttfejlodunk.hu\/wp-content\/uploads\/2025\/06\/pexels-googledeepmind-17483868-1-1.jpg\" \/>\n\t<meta property=\"og:image:width\" content=\"1920\" \/>\n\t<meta property=\"og:image:height\" content=\"951\" \/>\n\t<meta property=\"og:image:type\" content=\"image\/jpeg\" \/>\n<meta name=\"author\" content=\"B\u00e1cskai Gabriella\" \/>\n<meta name=\"twitter:card\" content=\"summary_large_image\" \/>\n<meta name=\"twitter:label1\" content=\"Szerz\u0151:\" \/>\n\t<meta name=\"twitter:data1\" content=\"B\u00e1cskai Gabriella\" \/>\n\t<meta name=\"twitter:label2\" content=\"Becs\u00fclt olvas\u00e1si id\u0151\" \/>\n\t<meta name=\"twitter:data2\" content=\"2 perc\" \/>\n<script type=\"application\/ld+json\" class=\"yoast-schema-graph\">{\"@context\":\"https:\\\/\\\/schema.org\",\"@graph\":[{\"@type\":\"Article\",\"@id\":\"https:\\\/\\\/egyuttfejlodunk.hu\\\/?p=8165#article\",\"isPartOf\":{\"@id\":\"https:\\\/\\\/egyuttfejlodunk.hu\\\/?p=8165\"},\"author\":{\"name\":\"B\u00e1cskai Gabriella\",\"@id\":\"https:\\\/\\\/egyuttfejlodunk.hu\\\/#\\\/schema\\\/person\\\/74d5e3661b874eed1958599cd4ca7bbd\"},\"headline\":\"Idegrendszer 2.0: kih\u00edv\u00e1sok a modern vil\u00e1gban\",\"datePublished\":\"2025-06-11T08:44:24+00:00\",\"dateModified\":\"2026-08-31T14:23:59+00:00\",\"mainEntityOfPage\":{\"@id\":\"https:\\\/\\\/egyuttfejlodunk.hu\\\/?p=8165\"},\"wordCount\":423,\"publisher\":{\"@id\":\"https:\\\/\\\/egyuttfejlodunk.hu\\\/#organization\"},\"image\":{\"@id\":\"https:\\\/\\\/egyuttfejlodunk.hu\\\/?p=8165#primaryimage\"},\"thumbnailUrl\":\"https:\\\/\\\/egyuttfejlodunk.hu\\\/wp-content\\\/uploads\\\/2025\\\/06\\\/pexels-googledeepmind-17483868-1-1.jpg\",\"keywords\":[\"innov\u00e1ci\u00f3\",\"kutat\u00e1s-fejleszt\u00e9s\"],\"articleSection\":[\"Vekop\"],\"inLanguage\":\"hu\"},{\"@type\":\"WebPage\",\"@id\":\"https:\\\/\\\/egyuttfejlodunk.hu\\\/?p=8165\",\"url\":\"https:\\\/\\\/egyuttfejlodunk.hu\\\/?p=8165\",\"name\":\"Idegrendszer 2.0: kih\u00edv\u00e1sok a modern vil\u00e1gban - Egy\u00fctt fejl\u0151d\u00fcnk\",\"isPartOf\":{\"@id\":\"https:\\\/\\\/egyuttfejlodunk.hu\\\/#website\"},\"primaryImageOfPage\":{\"@id\":\"https:\\\/\\\/egyuttfejlodunk.hu\\\/?p=8165#primaryimage\"},\"image\":{\"@id\":\"https:\\\/\\\/egyuttfejlodunk.hu\\\/?p=8165#primaryimage\"},\"thumbnailUrl\":\"https:\\\/\\\/egyuttfejlodunk.hu\\\/wp-content\\\/uploads\\\/2025\\\/06\\\/pexels-googledeepmind-17483868-1-1.jpg\",\"datePublished\":\"2025-06-11T08:44:24+00:00\",\"dateModified\":\"2026-08-31T14:23:59+00:00\",\"breadcrumb\":{\"@id\":\"https:\\\/\\\/egyuttfejlodunk.hu\\\/?p=8165#breadcrumb\"},\"inLanguage\":\"hu\",\"potentialAction\":[{\"@type\":\"ReadAction\",\"target\":[\"https:\\\/\\\/egyuttfejlodunk.hu\\\/?p=8165\"]}]},{\"@type\":\"ImageObject\",\"inLanguage\":\"hu\",\"@id\":\"https:\\\/\\\/egyuttfejlodunk.hu\\\/?p=8165#primaryimage\",\"url\":\"https:\\\/\\\/egyuttfejlodunk.hu\\\/wp-content\\\/uploads\\\/2025\\\/06\\\/pexels-googledeepmind-17483868-1-1.jpg\",\"contentUrl\":\"https:\\\/\\\/egyuttfejlodunk.hu\\\/wp-content\\\/uploads\\\/2025\\\/06\\\/pexels-googledeepmind-17483868-1-1.jpg\",\"width\":1920,\"height\":951},{\"@type\":\"BreadcrumbList\",\"@id\":\"https:\\\/\\\/egyuttfejlodunk.hu\\\/?p=8165#breadcrumb\",\"itemListElement\":[{\"@type\":\"ListItem\",\"position\":1,\"name\":\"Home\",\"item\":\"https:\\\/\\\/egyuttfejlodunk.hu\\\/\"},{\"@type\":\"ListItem\",\"position\":2,\"name\":\"Idegrendszer 2.0: kih\u00edv\u00e1sok a modern vil\u00e1gban\"}]},{\"@type\":\"WebSite\",\"@id\":\"https:\\\/\\\/egyuttfejlodunk.hu\\\/#website\",\"url\":\"https:\\\/\\\/egyuttfejlodunk.hu\\\/\",\"name\":\"Egy\u00fctt fejl\u0151d\u00fcnk\",\"description\":\"\",\"publisher\":{\"@id\":\"https:\\\/\\\/egyuttfejlodunk.hu\\\/#organization\"},\"potentialAction\":[{\"@type\":\"SearchAction\",\"target\":{\"@type\":\"EntryPoint\",\"urlTemplate\":\"https:\\\/\\\/egyuttfejlodunk.hu\\\/?s={search_term_string}\"},\"query-input\":{\"@type\":\"PropertyValueSpecification\",\"valueRequired\":true,\"valueName\":\"search_term_string\"}}],\"inLanguage\":\"hu\"},{\"@type\":\"Organization\",\"@id\":\"https:\\\/\\\/egyuttfejlodunk.hu\\\/#organization\",\"name\":\"Egy\u00fctt fejl\u0151d\u00fcnk\",\"url\":\"https:\\\/\\\/egyuttfejlodunk.hu\\\/\",\"logo\":{\"@type\":\"ImageObject\",\"inLanguage\":\"hu\",\"@id\":\"https:\\\/\\\/egyuttfejlodunk.hu\\\/#\\\/schema\\\/logo\\\/image\\\/\",\"url\":\"https:\\\/\\\/egyuttfejlodunk.hu\\\/wp-content\\\/uploads\\\/2026\\\/04\\\/ujlogo.jpg\",\"contentUrl\":\"https:\\\/\\\/egyuttfejlodunk.hu\\\/wp-content\\\/uploads\\\/2026\\\/04\\\/ujlogo.jpg\",\"width\":350,\"height\":110,\"caption\":\"Egy\u00fctt fejl\u0151d\u00fcnk\"},\"image\":{\"@id\":\"https:\\\/\\\/egyuttfejlodunk.hu\\\/#\\\/schema\\\/logo\\\/image\\\/\"}},{\"@type\":\"Person\",\"@id\":\"https:\\\/\\\/egyuttfejlodunk.hu\\\/#\\\/schema\\\/person\\\/74d5e3661b874eed1958599cd4ca7bbd\",\"name\":\"B\u00e1cskai Gabriella\"}]}<\/script>\n<!-- \/ Yoast SEO Premium plugin. -->","yoast_head_json":{"title":"Idegrendszer 2.0: kih\u00edv\u00e1sok a modern vil\u00e1gban - Egy\u00fctt fejl\u0151d\u00fcnk","robots":{"index":"noindex","follow":"follow","max-snippet":"max-snippet:-1","max-image-preview":"max-image-preview:large","max-video-preview":"max-video-preview:-1"},"og_locale":"hu_HU","og_type":"article","og_title":"Idegrendszer 2.0: kih\u00edv\u00e1sok a modern vil\u00e1gban","og_description":"Az E\u00f6tv\u00f6s Lor\u00e1nd Tudom\u00e1nyegyetemen az Eur\u00f3pai Uni\u00f3 t\u00e1mogat\u00e1s\u00e1val egy olyan kiemelked\u0151 kutat\u00e1s val\u00f3sult meg, amely a legfejlettebb idegtudom\u00e1nyi, pszichol\u00f3giai \u00e9s genetikai m\u00f3dszerekkel vizsg\u00e1lta a 21. sz\u00e1zad egyik leg\u00f6sszetettebb kih\u00edv\u00e1s\u00e1t: az emberi agy alkalmazkod\u00e1s\u00e1t a folyamatos inform\u00e1ci\u00f3\u00e1radathoz \u00e9s a civiliz\u00e1ci\u00f3s zavarokhoz. A digit\u00e1lis impulzusokkal teli \u00e9let\u00fcnk \u2013 e-mailek, \u00e9rtes\u00edt\u00e9sek, h\u00edrek, k\u00e9pek, zajok \u2013 a kutat\u00f3k szerint olyan ingermennyis\u00e9get jelentenek, amely kor\u00e1bban elk\u00e9pzelhetetlen lett volna. Ez a \u201et\u00falkapcsolt\u201d vil\u00e1g nem hagyja \u00e9rintetlen\u00fcl idegrendszer\u00fcnket. A projekt szakemberei arra...","og_url":"https:\/\/egyuttfejlodunk.hu\/?p=8165","og_site_name":"Egy\u00fctt fejl\u0151d\u00fcnk","article_published_time":"2025-06-11T08:44:24+00:00","article_modified_time":"2026-08-31T14:23:59+00:00","og_image":[{"width":1920,"height":951,"url":"https:\/\/egyuttfejlodunk.hu\/wp-content\/uploads\/2025\/06\/pexels-googledeepmind-17483868-1-1.jpg","type":"image\/jpeg"}],"author":"B\u00e1cskai Gabriella","twitter_card":"summary_large_image","twitter_misc":{"Szerz\u0151:":"B\u00e1cskai Gabriella","Becs\u00fclt olvas\u00e1si id\u0151":"2 perc"},"schema":{"@context":"https:\/\/schema.org","@graph":[{"@type":"Article","@id":"https:\/\/egyuttfejlodunk.hu\/?p=8165#article","isPartOf":{"@id":"https:\/\/egyuttfejlodunk.hu\/?p=8165"},"author":{"name":"B\u00e1cskai Gabriella","@id":"https:\/\/egyuttfejlodunk.hu\/#\/schema\/person\/74d5e3661b874eed1958599cd4ca7bbd"},"headline":"Idegrendszer 2.0: kih\u00edv\u00e1sok a modern vil\u00e1gban","datePublished":"2025-06-11T08:44:24+00:00","dateModified":"2026-08-31T14:23:59+00:00","mainEntityOfPage":{"@id":"https:\/\/egyuttfejlodunk.hu\/?p=8165"},"wordCount":423,"publisher":{"@id":"https:\/\/egyuttfejlodunk.hu\/#organization"},"image":{"@id":"https:\/\/egyuttfejlodunk.hu\/?p=8165#primaryimage"},"thumbnailUrl":"https:\/\/egyuttfejlodunk.hu\/wp-content\/uploads\/2025\/06\/pexels-googledeepmind-17483868-1-1.jpg","keywords":["innov\u00e1ci\u00f3","kutat\u00e1s-fejleszt\u00e9s"],"articleSection":["Vekop"],"inLanguage":"hu"},{"@type":"WebPage","@id":"https:\/\/egyuttfejlodunk.hu\/?p=8165","url":"https:\/\/egyuttfejlodunk.hu\/?p=8165","name":"Idegrendszer 2.0: kih\u00edv\u00e1sok a modern vil\u00e1gban - Egy\u00fctt fejl\u0151d\u00fcnk","isPartOf":{"@id":"https:\/\/egyuttfejlodunk.hu\/#website"},"primaryImageOfPage":{"@id":"https:\/\/egyuttfejlodunk.hu\/?p=8165#primaryimage"},"image":{"@id":"https:\/\/egyuttfejlodunk.hu\/?p=8165#primaryimage"},"thumbnailUrl":"https:\/\/egyuttfejlodunk.hu\/wp-content\/uploads\/2025\/06\/pexels-googledeepmind-17483868-1-1.jpg","datePublished":"2025-06-11T08:44:24+00:00","dateModified":"2026-08-31T14:23:59+00:00","breadcrumb":{"@id":"https:\/\/egyuttfejlodunk.hu\/?p=8165#breadcrumb"},"inLanguage":"hu","potentialAction":[{"@type":"ReadAction","target":["https:\/\/egyuttfejlodunk.hu\/?p=8165"]}]},{"@type":"ImageObject","inLanguage":"hu","@id":"https:\/\/egyuttfejlodunk.hu\/?p=8165#primaryimage","url":"https:\/\/egyuttfejlodunk.hu\/wp-content\/uploads\/2025\/06\/pexels-googledeepmind-17483868-1-1.jpg","contentUrl":"https:\/\/egyuttfejlodunk.hu\/wp-content\/uploads\/2025\/06\/pexels-googledeepmind-17483868-1-1.jpg","width":1920,"height":951},{"@type":"BreadcrumbList","@id":"https:\/\/egyuttfejlodunk.hu\/?p=8165#breadcrumb","itemListElement":[{"@type":"ListItem","position":1,"name":"Home","item":"https:\/\/egyuttfejlodunk.hu\/"},{"@type":"ListItem","position":2,"name":"Idegrendszer 2.0: kih\u00edv\u00e1sok a modern vil\u00e1gban"}]},{"@type":"WebSite","@id":"https:\/\/egyuttfejlodunk.hu\/#website","url":"https:\/\/egyuttfejlodunk.hu\/","name":"Egy\u00fctt fejl\u0151d\u00fcnk","description":"","publisher":{"@id":"https:\/\/egyuttfejlodunk.hu\/#organization"},"potentialAction":[{"@type":"SearchAction","target":{"@type":"EntryPoint","urlTemplate":"https:\/\/egyuttfejlodunk.hu\/?s={search_term_string}"},"query-input":{"@type":"PropertyValueSpecification","valueRequired":true,"valueName":"search_term_string"}}],"inLanguage":"hu"},{"@type":"Organization","@id":"https:\/\/egyuttfejlodunk.hu\/#organization","name":"Egy\u00fctt fejl\u0151d\u00fcnk","url":"https:\/\/egyuttfejlodunk.hu\/","logo":{"@type":"ImageObject","inLanguage":"hu","@id":"https:\/\/egyuttfejlodunk.hu\/#\/schema\/logo\/image\/","url":"https:\/\/egyuttfejlodunk.hu\/wp-content\/uploads\/2026\/04\/ujlogo.jpg","contentUrl":"https:\/\/egyuttfejlodunk.hu\/wp-content\/uploads\/2026\/04\/ujlogo.jpg","width":350,"height":110,"caption":"Egy\u00fctt fejl\u0151d\u00fcnk"},"image":{"@id":"https:\/\/egyuttfejlodunk.hu\/#\/schema\/logo\/image\/"}},{"@type":"Person","@id":"https:\/\/egyuttfejlodunk.hu\/#\/schema\/person\/74d5e3661b874eed1958599cd4ca7bbd","name":"B\u00e1cskai Gabriella"}]}},"_links":{"self":[{"href":"https:\/\/egyuttfejlodunk.hu\/index.php?rest_route=\/wp\/v2\/posts\/8165","targetHints":{"allow":["GET"]}}],"collection":[{"href":"https:\/\/egyuttfejlodunk.hu\/index.php?rest_route=\/wp\/v2\/posts"}],"about":[{"href":"https:\/\/egyuttfejlodunk.hu\/index.php?rest_route=\/wp\/v2\/types\/post"}],"author":[{"embeddable":true,"href":"https:\/\/egyuttfejlodunk.hu\/index.php?rest_route=\/wp\/v2\/users\/17"}],"replies":[{"embeddable":true,"href":"https:\/\/egyuttfejlodunk.hu\/index.php?rest_route=%2Fwp%2Fv2%2Fcomments&post=8165"}],"version-history":[{"count":2,"href":"https:\/\/egyuttfejlodunk.hu\/index.php?rest_route=\/wp\/v2\/posts\/8165\/revisions"}],"predecessor-version":[{"id":8175,"href":"https:\/\/egyuttfejlodunk.hu\/index.php?rest_route=\/wp\/v2\/posts\/8165\/revisions\/8175"}],"wp:featuredmedia":[{"embeddable":true,"href":"https:\/\/egyuttfejlodunk.hu\/index.php?rest_route=\/wp\/v2\/media\/8171"}],"wp:attachment":[{"href":"https:\/\/egyuttfejlodunk.hu\/index.php?rest_route=%2Fwp%2Fv2%2Fmedia&parent=8165"}],"wp:term":[{"taxonomy":"category","embeddable":true,"href":"https:\/\/egyuttfejlodunk.hu\/index.php?rest_route=%2Fwp%2Fv2%2Fcategories&post=8165"},{"taxonomy":"post_tag","embeddable":true,"href":"https:\/\/egyuttfejlodunk.hu\/index.php?rest_route=%2Fwp%2Fv2%2Ftags&post=8165"},{"taxonomy":"megye","embeddable":true,"href":"https:\/\/egyuttfejlodunk.hu\/index.php?rest_route=%2Fwp%2Fv2%2Fmegye&post=8165"}],"curies":[{"name":"wp","href":"https:\/\/api.w.org\/{rel}","templated":true}]}}