{"id":8191,"date":"2025-06-12T10:51:30","date_gmt":"2025-06-12T08:51:30","guid":{"rendered":"https:\/\/teszt.s152.mediacenter.hu\/egyuttfejlodunk\/?p=8191"},"modified":"2025-06-12T10:53:26","modified_gmt":"2025-06-12T08:53:26","slug":"we-believe-these-communities-can-be-revitalized-emerging-communities-project-launch-event","status":"publish","type":"post","link":"https:\/\/egyuttfejlodunk.hu\/en\/we-believe-these-communities-can-be-revitalized-emerging-communities-project-launch-event\/","title":{"rendered":"We believe these communities can be revitalized \u2013 emerging communities project launch event"},"content":{"rendered":"<p><strong>On May 20, 2025, the village of Ny\u00edrpilis hosted the opening event of the Presence in Emerging Communities (ESF+) project, marking a new milestone in the Emerging Communities (Fete) program, which was launched in 2019. Co-financed by the European Union and Hungary, the project&#8217;s aim is to support social inclusion in 300 disadvantaged settlements by 2029.<\/strong><\/p>\n<p>The Fete program is implemented using both domestic and EU funds. The driving force behind the program is a network of local Presence Points, built on physical presence, the creation of opportunities, and mutual trust. These are coordinated by the Hungarian Charity Service of the Order of Malta in cooperation with 28 church and charitable organizations. Instead of applying standardized, one-size-fits-all solutions, the Presence Points offer meaningful, tailored support based on local social assessments\u2014for example, through initiatives such as community solar power plants or telemedicine service systems.<\/p>\n<p>Zolt\u00e1n Gyenes, Lead Economic Expert of the European Commission, emphasized that the European Union actively contributes to the operation of Hungarian programs, including Fete. This project is a good example of the effective use of EU funds, improving the lives of many.<\/p>\n<p>The integration process launched in 2019 has already produced visible results. The aim of the opportunity-creating system is to support those in need from birth through to employment. A major step forward is that certain elements of the Fete program\u2014such as the study halls (tanoda)\u2014have now become basic services. Education plays a key role in helping children break out of the cycle of poverty and build a secure future based on their own knowledge.<\/p>\n<p>The Presence program was launched two decades ago. Building trust and maintaining constant presence are the most important tools in supporting families. The continuity of the program is ensured by both domestic and EU funds\u2014because if it is interrupted, restarting it can often be more difficult than launching it in the first place. Education is the main pathway to breaking out. The aim is to ensure that an increasing number of children gain access to secondary schools that offer graduation certificates, equipping them to become self-reliant adults.<\/p>\n<p>Participants got a glimpse into various local program elements: there was a music rehearsal, mobile playground, dog therapy session, and a Freestyle FC performance. They also learned about early childhood development efforts, preventive work, and had the chance to visit mobile medical and veterinary buses.<\/p>\n<p>The project is aptly named Pillar\u2014it is one of the flagship initiatives of the EU development period 2021\u20132027, delivering visible results and tangible changes in everyday life.<\/p>\n<p>June 2025 will see the Fete project\u2019s musical program culminate in public Symphony concerts in Ny\u00edrvasv\u00e1ri, Cs\u00f6k\u00f6ly, and Erk\u2014highlighting the powerful link between cultural engagement, community presence, and social inclusion.<\/p>\nngg_shortcode_0_placeholder\n","protected":false},"excerpt":{"rendered":"<p>On May 20, 2025, the village of Ny\u00edrpilis hosted the opening event of the Presence in Emerging Communities (ESF+) project, marking a new milestone in the Emerging Communities (Fete) program, which was launched in 2019. Co-financed by the European Union and Hungary, the project&#8217;s aim is to support social inclusion in 300 disadvantaged settlements by 2029. The Fete program is implemented using both domestic and EU funds. The driving force behind the program is a&#8230;<\/p>\n","protected":false},"author":17,"featured_media":8180,"comment_status":"closed","ping_status":"closed","sticky":false,"template":"","format":"image","meta":{"_acf_changed":false,"ngg_post_thumbnail":0,"footnotes":""},"categories":[799],"tags":[],"megye":[],"class_list":["post-8191","post","type-post","status-publish","format-image","has-post-thumbnail","hentry","category-szechenyi-plusz-osi-en","post_format-post-format-image"],"acf":[],"yoast_head":"<!-- This site is optimized with the Yoast SEO Premium plugin v28.4 (Yoast SEO v28.4) - https:\/\/yoast.com\/product\/yoast-seo-premium-wordpress\/ -->\n<title>We believe these communities can be revitalized \u2013 emerging communities project launch event - Egy\u00fctt fejl\u0151d\u00fcnk<\/title>\n<meta name=\"robots\" content=\"noindex, follow, max-snippet:-1, max-image-preview:large, max-video-preview:-1\" \/>\n<meta property=\"og:locale\" content=\"hu_HU\" \/>\n<meta property=\"og:type\" content=\"article\" \/>\n<meta property=\"og:title\" content=\"We believe these communities can be revitalized \u2013 emerging communities project launch event\" \/>\n<meta property=\"og:description\" content=\"On May 20, 2025, the village of Ny\u00edrpilis hosted the opening event of the Presence in Emerging Communities (ESF+) project, marking a new milestone in the Emerging Communities (Fete) program, which was launched in 2019. Co-financed by the European Union and Hungary, the project&#8217;s aim is to support social inclusion in 300 disadvantaged settlements by 2029. The Fete program is implemented using both domestic and EU funds. The driving force behind the program is a...\" \/>\n<meta property=\"og:url\" content=\"https:\/\/egyuttfejlodunk.hu\/en\/we-believe-these-communities-can-be-revitalized-emerging-communities-project-launch-event\/\" \/>\n<meta property=\"og:site_name\" content=\"Egy\u00fctt fejl\u0151d\u00fcnk\" \/>\n<meta property=\"article:published_time\" content=\"2025-06-12T08:51:30+00:00\" \/>\n<meta property=\"article:modified_time\" content=\"2025-06-12T08:53:26+00:00\" \/>\n<meta property=\"og:image\" content=\"https:\/\/egyuttfejlodunk.hu\/wp-content\/uploads\/2025\/06\/683ec0272a95488fe68bcc0b.jpg\" \/>\n\t<meta property=\"og:image:width\" content=\"1200\" \/>\n\t<meta property=\"og:image:height\" content=\"732\" \/>\n\t<meta property=\"og:image:type\" content=\"image\/jpeg\" \/>\n<meta name=\"author\" content=\"B\u00e1cskai Gabriella\" \/>\n<meta name=\"twitter:card\" content=\"summary_large_image\" \/>\n<meta name=\"twitter:label1\" content=\"Szerz\u0151:\" \/>\n\t<meta name=\"twitter:data1\" content=\"B\u00e1cskai Gabriella\" \/>\n\t<meta name=\"twitter:label2\" content=\"Becs\u00fclt olvas\u00e1si id\u0151\" \/>\n\t<meta name=\"twitter:data2\" content=\"2 perc\" \/>\n<script type=\"application\/ld+json\" class=\"yoast-schema-graph\">{\"@context\":\"https:\\\/\\\/schema.org\",\"@graph\":[{\"@type\":\"Article\",\"@id\":\"https:\\\/\\\/egyuttfejlodunk.hu\\\/en\\\/we-believe-these-communities-can-be-revitalized-emerging-communities-project-launch-event\\\/#article\",\"isPartOf\":{\"@id\":\"https:\\\/\\\/egyuttfejlodunk.hu\\\/en\\\/we-believe-these-communities-can-be-revitalized-emerging-communities-project-launch-event\\\/\"},\"author\":{\"name\":\"B\u00e1cskai Gabriella\",\"@id\":\"https:\\\/\\\/egyuttfejlodunk.hu\\\/#\\\/schema\\\/person\\\/74d5e3661b874eed1958599cd4ca7bbd\"},\"headline\":\"We believe these communities can be revitalized \u2013 emerging communities project launch event\",\"datePublished\":\"2025-06-12T08:51:30+00:00\",\"dateModified\":\"2025-06-12T08:53:26+00:00\",\"mainEntityOfPage\":{\"@id\":\"https:\\\/\\\/egyuttfejlodunk.hu\\\/en\\\/we-believe-these-communities-can-be-revitalized-emerging-communities-project-launch-event\\\/\"},\"wordCount\":473,\"publisher\":{\"@id\":\"https:\\\/\\\/egyuttfejlodunk.hu\\\/#organization\"},\"image\":{\"@id\":\"https:\\\/\\\/egyuttfejlodunk.hu\\\/en\\\/we-believe-these-communities-can-be-revitalized-emerging-communities-project-launch-event\\\/#primaryimage\"},\"thumbnailUrl\":\"https:\\\/\\\/egyuttfejlodunk.hu\\\/wp-content\\\/uploads\\\/2025\\\/06\\\/683ec0272a95488fe68bcc0b.jpg\",\"articleSection\":[\"Sz\u00e9chenyi plusz osi\"],\"inLanguage\":\"hu\"},{\"@type\":\"WebPage\",\"@id\":\"https:\\\/\\\/egyuttfejlodunk.hu\\\/en\\\/we-believe-these-communities-can-be-revitalized-emerging-communities-project-launch-event\\\/\",\"url\":\"https:\\\/\\\/egyuttfejlodunk.hu\\\/en\\\/we-believe-these-communities-can-be-revitalized-emerging-communities-project-launch-event\\\/\",\"name\":\"We believe these communities can be revitalized \u2013 emerging communities project launch event - Egy\u00fctt fejl\u0151d\u00fcnk\",\"isPartOf\":{\"@id\":\"https:\\\/\\\/egyuttfejlodunk.hu\\\/#website\"},\"primaryImageOfPage\":{\"@id\":\"https:\\\/\\\/egyuttfejlodunk.hu\\\/en\\\/we-believe-these-communities-can-be-revitalized-emerging-communities-project-launch-event\\\/#primaryimage\"},\"image\":{\"@id\":\"https:\\\/\\\/egyuttfejlodunk.hu\\\/en\\\/we-believe-these-communities-can-be-revitalized-emerging-communities-project-launch-event\\\/#primaryimage\"},\"thumbnailUrl\":\"https:\\\/\\\/egyuttfejlodunk.hu\\\/wp-content\\\/uploads\\\/2025\\\/06\\\/683ec0272a95488fe68bcc0b.jpg\",\"datePublished\":\"2025-06-12T08:51:30+00:00\",\"dateModified\":\"2025-06-12T08:53:26+00:00\",\"breadcrumb\":{\"@id\":\"https:\\\/\\\/egyuttfejlodunk.hu\\\/en\\\/we-believe-these-communities-can-be-revitalized-emerging-communities-project-launch-event\\\/#breadcrumb\"},\"inLanguage\":\"hu\",\"potentialAction\":[{\"@type\":\"ReadAction\",\"target\":[\"https:\\\/\\\/egyuttfejlodunk.hu\\\/en\\\/we-believe-these-communities-can-be-revitalized-emerging-communities-project-launch-event\\\/\"]}]},{\"@type\":\"ImageObject\",\"inLanguage\":\"hu\",\"@id\":\"https:\\\/\\\/egyuttfejlodunk.hu\\\/en\\\/we-believe-these-communities-can-be-revitalized-emerging-communities-project-launch-event\\\/#primaryimage\",\"url\":\"https:\\\/\\\/egyuttfejlodunk.hu\\\/wp-content\\\/uploads\\\/2025\\\/06\\\/683ec0272a95488fe68bcc0b.jpg\",\"contentUrl\":\"https:\\\/\\\/egyuttfejlodunk.hu\\\/wp-content\\\/uploads\\\/2025\\\/06\\\/683ec0272a95488fe68bcc0b.jpg\",\"width\":1200,\"height\":732},{\"@type\":\"BreadcrumbList\",\"@id\":\"https:\\\/\\\/egyuttfejlodunk.hu\\\/en\\\/we-believe-these-communities-can-be-revitalized-emerging-communities-project-launch-event\\\/#breadcrumb\",\"itemListElement\":[{\"@type\":\"ListItem\",\"position\":1,\"name\":\"Home\",\"item\":\"https:\\\/\\\/egyuttfejlodunk.hu\\\/\"},{\"@type\":\"ListItem\",\"position\":2,\"name\":\"We believe these communities can be revitalized \u2013 emerging communities project launch event\"}]},{\"@type\":\"WebSite\",\"@id\":\"https:\\\/\\\/egyuttfejlodunk.hu\\\/#website\",\"url\":\"https:\\\/\\\/egyuttfejlodunk.hu\\\/\",\"name\":\"Egy\u00fctt fejl\u0151d\u00fcnk\",\"description\":\"\",\"publisher\":{\"@id\":\"https:\\\/\\\/egyuttfejlodunk.hu\\\/#organization\"},\"potentialAction\":[{\"@type\":\"SearchAction\",\"target\":{\"@type\":\"EntryPoint\",\"urlTemplate\":\"https:\\\/\\\/egyuttfejlodunk.hu\\\/?s={search_term_string}\"},\"query-input\":{\"@type\":\"PropertyValueSpecification\",\"valueRequired\":true,\"valueName\":\"search_term_string\"}}],\"inLanguage\":\"hu\"},{\"@type\":\"Organization\",\"@id\":\"https:\\\/\\\/egyuttfejlodunk.hu\\\/#organization\",\"name\":\"Egy\u00fctt fejl\u0151d\u00fcnk\",\"url\":\"https:\\\/\\\/egyuttfejlodunk.hu\\\/\",\"logo\":{\"@type\":\"ImageObject\",\"inLanguage\":\"hu\",\"@id\":\"https:\\\/\\\/egyuttfejlodunk.hu\\\/#\\\/schema\\\/logo\\\/image\\\/\",\"url\":\"https:\\\/\\\/egyuttfejlodunk.hu\\\/wp-content\\\/uploads\\\/2026\\\/04\\\/ujlogo.jpg\",\"contentUrl\":\"https:\\\/\\\/egyuttfejlodunk.hu\\\/wp-content\\\/uploads\\\/2026\\\/04\\\/ujlogo.jpg\",\"width\":350,\"height\":110,\"caption\":\"Egy\u00fctt fejl\u0151d\u00fcnk\"},\"image\":{\"@id\":\"https:\\\/\\\/egyuttfejlodunk.hu\\\/#\\\/schema\\\/logo\\\/image\\\/\"}},{\"@type\":\"Person\",\"@id\":\"https:\\\/\\\/egyuttfejlodunk.hu\\\/#\\\/schema\\\/person\\\/74d5e3661b874eed1958599cd4ca7bbd\",\"name\":\"B\u00e1cskai Gabriella\"}]}<\/script>\n<!-- \/ Yoast SEO Premium plugin. -->","yoast_head_json":{"title":"We believe these communities can be revitalized \u2013 emerging communities project launch event - Egy\u00fctt fejl\u0151d\u00fcnk","robots":{"index":"noindex","follow":"follow","max-snippet":"max-snippet:-1","max-image-preview":"max-image-preview:large","max-video-preview":"max-video-preview:-1"},"og_locale":"hu_HU","og_type":"article","og_title":"We believe these communities can be revitalized \u2013 emerging communities project launch event","og_description":"On May 20, 2025, the village of Ny\u00edrpilis hosted the opening event of the Presence in Emerging Communities (ESF+) project, marking a new milestone in the Emerging Communities (Fete) program, which was launched in 2019. Co-financed by the European Union and Hungary, the project&#8217;s aim is to support social inclusion in 300 disadvantaged settlements by 2029. The Fete program is implemented using both domestic and EU funds. The driving force behind the program is a...","og_url":"https:\/\/egyuttfejlodunk.hu\/en\/we-believe-these-communities-can-be-revitalized-emerging-communities-project-launch-event\/","og_site_name":"Egy\u00fctt fejl\u0151d\u00fcnk","article_published_time":"2025-06-12T08:51:30+00:00","article_modified_time":"2025-06-12T08:53:26+00:00","og_image":[{"width":1200,"height":732,"url":"https:\/\/egyuttfejlodunk.hu\/wp-content\/uploads\/2025\/06\/683ec0272a95488fe68bcc0b.jpg","type":"image\/jpeg"}],"author":"B\u00e1cskai Gabriella","twitter_card":"summary_large_image","twitter_misc":{"Szerz\u0151:":"B\u00e1cskai Gabriella","Becs\u00fclt olvas\u00e1si id\u0151":"2 perc"},"schema":{"@context":"https:\/\/schema.org","@graph":[{"@type":"Article","@id":"https:\/\/egyuttfejlodunk.hu\/en\/we-believe-these-communities-can-be-revitalized-emerging-communities-project-launch-event\/#article","isPartOf":{"@id":"https:\/\/egyuttfejlodunk.hu\/en\/we-believe-these-communities-can-be-revitalized-emerging-communities-project-launch-event\/"},"author":{"name":"B\u00e1cskai Gabriella","@id":"https:\/\/egyuttfejlodunk.hu\/#\/schema\/person\/74d5e3661b874eed1958599cd4ca7bbd"},"headline":"We believe these communities can be revitalized \u2013 emerging communities project launch event","datePublished":"2025-06-12T08:51:30+00:00","dateModified":"2025-06-12T08:53:26+00:00","mainEntityOfPage":{"@id":"https:\/\/egyuttfejlodunk.hu\/en\/we-believe-these-communities-can-be-revitalized-emerging-communities-project-launch-event\/"},"wordCount":473,"publisher":{"@id":"https:\/\/egyuttfejlodunk.hu\/#organization"},"image":{"@id":"https:\/\/egyuttfejlodunk.hu\/en\/we-believe-these-communities-can-be-revitalized-emerging-communities-project-launch-event\/#primaryimage"},"thumbnailUrl":"https:\/\/egyuttfejlodunk.hu\/wp-content\/uploads\/2025\/06\/683ec0272a95488fe68bcc0b.jpg","articleSection":["Sz\u00e9chenyi plusz osi"],"inLanguage":"hu"},{"@type":"WebPage","@id":"https:\/\/egyuttfejlodunk.hu\/en\/we-believe-these-communities-can-be-revitalized-emerging-communities-project-launch-event\/","url":"https:\/\/egyuttfejlodunk.hu\/en\/we-believe-these-communities-can-be-revitalized-emerging-communities-project-launch-event\/","name":"We believe these communities can be revitalized \u2013 emerging communities project launch event - Egy\u00fctt fejl\u0151d\u00fcnk","isPartOf":{"@id":"https:\/\/egyuttfejlodunk.hu\/#website"},"primaryImageOfPage":{"@id":"https:\/\/egyuttfejlodunk.hu\/en\/we-believe-these-communities-can-be-revitalized-emerging-communities-project-launch-event\/#primaryimage"},"image":{"@id":"https:\/\/egyuttfejlodunk.hu\/en\/we-believe-these-communities-can-be-revitalized-emerging-communities-project-launch-event\/#primaryimage"},"thumbnailUrl":"https:\/\/egyuttfejlodunk.hu\/wp-content\/uploads\/2025\/06\/683ec0272a95488fe68bcc0b.jpg","datePublished":"2025-06-12T08:51:30+00:00","dateModified":"2025-06-12T08:53:26+00:00","breadcrumb":{"@id":"https:\/\/egyuttfejlodunk.hu\/en\/we-believe-these-communities-can-be-revitalized-emerging-communities-project-launch-event\/#breadcrumb"},"inLanguage":"hu","potentialAction":[{"@type":"ReadAction","target":["https:\/\/egyuttfejlodunk.hu\/en\/we-believe-these-communities-can-be-revitalized-emerging-communities-project-launch-event\/"]}]},{"@type":"ImageObject","inLanguage":"hu","@id":"https:\/\/egyuttfejlodunk.hu\/en\/we-believe-these-communities-can-be-revitalized-emerging-communities-project-launch-event\/#primaryimage","url":"https:\/\/egyuttfejlodunk.hu\/wp-content\/uploads\/2025\/06\/683ec0272a95488fe68bcc0b.jpg","contentUrl":"https:\/\/egyuttfejlodunk.hu\/wp-content\/uploads\/2025\/06\/683ec0272a95488fe68bcc0b.jpg","width":1200,"height":732},{"@type":"BreadcrumbList","@id":"https:\/\/egyuttfejlodunk.hu\/en\/we-believe-these-communities-can-be-revitalized-emerging-communities-project-launch-event\/#breadcrumb","itemListElement":[{"@type":"ListItem","position":1,"name":"Home","item":"https:\/\/egyuttfejlodunk.hu\/"},{"@type":"ListItem","position":2,"name":"We believe these communities can be revitalized \u2013 emerging communities project launch event"}]},{"@type":"WebSite","@id":"https:\/\/egyuttfejlodunk.hu\/#website","url":"https:\/\/egyuttfejlodunk.hu\/","name":"Egy\u00fctt fejl\u0151d\u00fcnk","description":"","publisher":{"@id":"https:\/\/egyuttfejlodunk.hu\/#organization"},"potentialAction":[{"@type":"SearchAction","target":{"@type":"EntryPoint","urlTemplate":"https:\/\/egyuttfejlodunk.hu\/?s={search_term_string}"},"query-input":{"@type":"PropertyValueSpecification","valueRequired":true,"valueName":"search_term_string"}}],"inLanguage":"hu"},{"@type":"Organization","@id":"https:\/\/egyuttfejlodunk.hu\/#organization","name":"Egy\u00fctt fejl\u0151d\u00fcnk","url":"https:\/\/egyuttfejlodunk.hu\/","logo":{"@type":"ImageObject","inLanguage":"hu","@id":"https:\/\/egyuttfejlodunk.hu\/#\/schema\/logo\/image\/","url":"https:\/\/egyuttfejlodunk.hu\/wp-content\/uploads\/2026\/04\/ujlogo.jpg","contentUrl":"https:\/\/egyuttfejlodunk.hu\/wp-content\/uploads\/2026\/04\/ujlogo.jpg","width":350,"height":110,"caption":"Egy\u00fctt fejl\u0151d\u00fcnk"},"image":{"@id":"https:\/\/egyuttfejlodunk.hu\/#\/schema\/logo\/image\/"}},{"@type":"Person","@id":"https:\/\/egyuttfejlodunk.hu\/#\/schema\/person\/74d5e3661b874eed1958599cd4ca7bbd","name":"B\u00e1cskai Gabriella"}]}},"_links":{"self":[{"href":"https:\/\/egyuttfejlodunk.hu\/wp-json\/wp\/v2\/posts\/8191","targetHints":{"allow":["GET"]}}],"collection":[{"href":"https:\/\/egyuttfejlodunk.hu\/wp-json\/wp\/v2\/posts"}],"about":[{"href":"https:\/\/egyuttfejlodunk.hu\/wp-json\/wp\/v2\/types\/post"}],"author":[{"embeddable":true,"href":"https:\/\/egyuttfejlodunk.hu\/wp-json\/wp\/v2\/users\/17"}],"replies":[{"embeddable":true,"href":"https:\/\/egyuttfejlodunk.hu\/wp-json\/wp\/v2\/comments?post=8191"}],"version-history":[{"count":1,"href":"https:\/\/egyuttfejlodunk.hu\/wp-json\/wp\/v2\/posts\/8191\/revisions"}],"predecessor-version":[{"id":8192,"href":"https:\/\/egyuttfejlodunk.hu\/wp-json\/wp\/v2\/posts\/8191\/revisions\/8192"}],"wp:featuredmedia":[{"embeddable":true,"href":"https:\/\/egyuttfejlodunk.hu\/wp-json\/wp\/v2\/media\/8180"}],"wp:attachment":[{"href":"https:\/\/egyuttfejlodunk.hu\/wp-json\/wp\/v2\/media?parent=8191"}],"wp:term":[{"taxonomy":"category","embeddable":true,"href":"https:\/\/egyuttfejlodunk.hu\/wp-json\/wp\/v2\/categories?post=8191"},{"taxonomy":"post_tag","embeddable":true,"href":"https:\/\/egyuttfejlodunk.hu\/wp-json\/wp\/v2\/tags?post=8191"},{"taxonomy":"megye","embeddable":true,"href":"https:\/\/egyuttfejlodunk.hu\/wp-json\/wp\/v2\/megye?post=8191"}],"curies":[{"name":"wp","href":"https:\/\/api.w.org\/{rel}","templated":true}]}}