{"id":8267,"date":"2025-06-27T10:34:06","date_gmt":"2025-06-27T08:34:06","guid":{"rendered":"https:\/\/teszt.s152.mediacenter.hu\/egyuttfejlodunk\/?p=8267"},"modified":"2026-08-31T15:32:38","modified_gmt":"2026-08-31T13:32:38","slug":"megovtak-a-szentendrei-vizbazist","status":"publish","type":"post","link":"https:\/\/egyuttfejlodunk.hu\/?p=8267","title":{"rendered":"Meg\u00f3vt\u00e1k a szentendrei v\u00edzb\u00e1zist"},"content":{"rendered":"<p><strong>Szentendr\u00e9n, a D\u00f3zsa Gy\u00f6rgy \u00fat ment\u00e9n fekv\u0151 volt szovjet laktanya ter\u00fclet\u00e9n hossz\u00fa ideje fenn\u00e1ll\u00f3 k\u00f6rnyezeti kock\u00e1zatot sz\u00e1moltak fel egy, az Orsz\u00e1gos V\u00edz\u00fcgyi F\u0151igazgat\u00f3s\u00e1g \u00e1ltal ir\u00e1ny\u00edtott, 5,5 milli\u00e1rd forintos, eur\u00f3pai uni\u00f3s t\u00e1mogat\u00e1ssal megval\u00f3sult projekt keret\u00e9ben. A beruh\u00e1z\u00e1s c\u00e9lja a r\u00e9gi\u00f3 egyik legfontosabb iv\u00f3v\u00edzb\u00e1zis\u00e1nak hossz\u00fa t\u00e1v\u00fa v\u00e9delme volt. A h\u00e1rom \u00e9ven \u00e1t tart\u00f3 projekt p\u00e9lda\u00e9rt\u00e9k\u0171 beavatkoz\u00e1st jelentett a kl\u00f3rozott sz\u00e9nhidrog\u00e9nekkel szennyezett ter\u00fcletek megtiszt\u00edt\u00e1s\u00e1ra.<\/strong><\/p>\n<p>A probl\u00e9m\u00e1ra, miszerint a szennyezett talajv\u00edz miatt vesz\u00e9lybe ker\u00fclt a v\u00edzb\u00e1zis, az ezredfordul\u00f3 t\u00e1j\u00e1n v\u00e9gzett diagnosztikai vizsg\u00e1latok h\u00edvt\u00e1k fel a figyelmet. Kimutatt\u00e1k, hogy a volt szovjet laktanya t\u00e9rs\u00e9g\u00e9ben a talajv\u00edz jelent\u0151s mennyis\u00e9gben tartalmazott kl\u00f3rozott sz\u00e9nhidrog\u00e9neket \u2013 f\u0151k\u00e9nt tetrakl\u00f3r-etil\u00e9nt (PCE) \u00e9s trikl\u00f3r-etil\u00e9nt (TCE), valamint azok boml\u00e1sterm\u00e9keit: dikl\u00f3r-etil\u00e9nt (DCE) \u00e9s vinil-kloridot (VC). A szennyez\u0151 anyagok a 3,6\u20134 milli\u00f3 k\u00f6bm\u00e9ter \u00e9ves kapacit\u00e1s\u00fa, mintegy 120 ezer ember v\u00edzell\u00e1t\u00e1s\u00e1t biztos\u00edt\u00f3 R\u00e9gi D\u00e9li V\u00edzb\u00e1zis k\u00fatjaiban is megjelentek, ez\u00e9rt azokat 1999-ben le kellett \u00e1ll\u00edtani.<\/p>\n<p>A Szentendrei-v\u00edzb\u00e1zis v\u00e9delm\u00e9t c\u00e9lz\u00f3 int\u00e9zked\u00e9sek m\u00e1r 2001-ben \u00e1llami felel\u0151ss\u00e9gv\u00e1llal\u00e1s mellett megkezd\u0151dtek, amikor a k\u00f6rnyezetv\u00e9delmi hat\u00f3s\u00e1g hat\u00e1rozatban rendelte el a beavatkoz\u00e1st. Indokolt volt a s\u00fcrg\u0151s k\u00e1rmentes\u00edt\u00e9s, mert a felm\u00e9r\u00e9sek \u00e9s kock\u00e1zatelemz\u00e9sek egy\u00e9rtelm\u0171v\u00e9 tett\u00e9k, hogy a szennyez\u00e9s nem csup\u00e1n a v\u00edzb\u00e1zist, hanem a Duna k\u00f6zels\u00e9ge miatt a t\u00e9rs\u00e9g term\u00e9szetes v\u00edzk\u00e9szlet\u00e9t is vesz\u00e9lyeztette. A mintegy 8 hekt\u00e1ros ter\u00fcleten jelentkez\u0151 szennyezetts\u00e9g r\u00e1ad\u00e1sul tov\u00e1bbterjedhetett volna, ez\u00e9rt komplex, c\u00e9lzott technol\u00f3giai megold\u00e1sokat kellett alkalmazni a k\u00e1rmentes\u00edt\u00e9s sor\u00e1n.<\/p>\n<p>A m\u0171szaki beavatkoz\u00e1s megtervez\u00e9se el\u0151tt alapos el\u0151k\u00e9sz\u00edt\u00e9s zajlott, amely mag\u00e1ban foglalta a talajv\u00edz \u00e1llapot\u00e1nak felm\u00e9r\u00e9s\u00e9t, szivatty\u00faz\u00e1si teszteket, laborat\u00f3riumi k\u00eds\u00e9rleteket \u00e9s a sz\u00fcks\u00e9ges enged\u00e9lyek beszerz\u00e9s\u00e9t. A kivitelez\u00e9s els\u0151 l\u00e9p\u00e9sek\u00e9nt injekt\u00e1l\u00f3 kutakat l\u00e9tes\u00edtettek a legink\u00e1bb szennyezett pontokon. Fokozott redukt\u00edv kl\u00f3rmentes\u00edt\u00e9s (EHC) technol\u00f3gi\u00e1t alkalmaztak, mely mikrobiol\u00f3giai lebont\u00e1ssal kombin\u00e1lt k\u00e9miai redukci\u00f3t jelentett. Az EHC anyag (mikroniz\u00e1lt vas \u00e9s szerves t\u00e1panyag) injekt\u00e1l\u00e1s\u00e1val el\u0151seg\u00edtett\u00e9k a kl\u00f3rozott szennyez\u0151d\u00e9sek lebont\u00e1s\u00e1t a talajv\u00edzben.<\/p>\n<p>Az injekt\u00e1l\u00e1s k\u00fcl\u00f6nf\u00e9le m\u00f3dszerekkel t\u00f6rt\u00e9nt, el\u0151f\u00far\u00e1s n\u00e9lk\u00fcli talajinjekt\u00e1l\u00e1ssal \u00e9s el\u0151re telep\u00edtett cs\u00e1pokon kereszt\u00fcl is. Az el\u0151bbi el\u0151nye, hogy viszonylag gyors, k\u00f6lts\u00e9ghat\u00e9kony, \u00e9s kev\u00e9sb\u00e9 bolygatja a k\u00f6rnyezetet. Az injekt\u00e1l\u00e1s m\u00e9lys\u00e9ge 10 \u00e9s 16 m\u00e9ter k\u00f6z\u00f6tt v\u00e1ltozott, alkalmazkodva a ter\u00fcleti geol\u00f3giai viszonyokhoz. Az injekt\u00e1l\u00e1si pontok \u00f6sszes\u00edtett hossza meghaladta a 11 kilom\u00e9tert. A folyamat sor\u00e1n kiemelt figyelmet ford\u00edtottak a monitoringra: 8 \u00faj CMT (multiszint\u0171) kutat l\u00e9tes\u00edtettek, \u00e9s a megl\u00e9v\u0151 kutakb\u00f3l is rendszeresen vettek v\u00edzmint\u00e1kat a beavatkoz\u00e1s hat\u00e9konys\u00e1g\u00e1nak ellen\u0151rz\u00e9s\u00e9re.<\/p>\n<p>A h\u00e1rom \u00e9ven \u00e1t tart\u00f3 projekttel jelent\u0151s eredm\u00e9nyeket \u00e9rtek el a v\u00edzb\u00e1zis v\u00e9delm\u00e9ben. Siker\u00fclt a megfelel\u0151 m\u00e9rt\u00e9kben cs\u00f6kkenteni a szennyez\u0151anyagok koncentr\u00e1ci\u00f3j\u00e1t a felsz\u00edn alatti vizekben, k\u00fcl\u00f6n\u00f6sen a boml\u00e1sterm\u00e9kek \u2013 DCE \u00e9s vinil-klorid \u2013 eset\u00e9ben. A monitoring vizsg\u00e1latok alapj\u00e1n a beavatkoz\u00e1s hat\u00e9konyan meg\u00e1ll\u00edtotta a szennyez\u00e9s tovaterjed\u00e9s\u00e9t, \u00e9s megsz\u00fcntette a v\u00edzb\u00e1zisra nehezed\u0151 k\u00f6rnyezeti terhel\u00e9st. A ter\u00fclet helyre\u00e1ll\u00edt\u00e1sa, a k\u00e1rmentes\u00edt\u00e9shez kapcsol\u00f3d\u00f3 l\u00e9tes\u00edtm\u00e9nyek elbont\u00e1sa \u00e9s az ut\u00f3monitoring terv enged\u00e9lyeztet\u00e9se szint\u00e9n megt\u00f6rt\u00e9nt.<\/p>\n<p>A projekt sikeresen p\u00e9ld\u00e1zta, hogyan lehet komplex \u00e9s vesz\u00e9lyes szennyez\u0151d\u00e9seket korszer\u0171, k\u00f6rnyezetk\u00edm\u00e9l\u0151 technol\u00f3gi\u00e1val kezelni. A Szentendrei D\u00e9li V\u00edzb\u00e1zis meg\u00f3v\u00e1sa mind a helyi lakoss\u00e1g v\u00edzell\u00e1t\u00e1s\u00e1nak biztons\u00e1g\u00e1t meger\u0151s\u00edtette, mind a Duna menti term\u00e9szetes v\u00edzk\u00e9szletek hossz\u00fa t\u00e1v\u00fa v\u00e9delm\u00e9hez is hozz\u00e1j\u00e1rult.<\/p>\n<p>A program a KEHOP-3.3.0-15-2021-00010 projekt keret\u00e9ben, eur\u00f3pai uni\u00f3s forr\u00e1s bevon\u00e1s\u00e1val val\u00f3sult meg.<\/p>\n<p>Tov\u00e1bbi r\u00e9szletek a t\u00e1mogatott projekt keres\u0151ben:<a class=\"tovabb\" href=\"https:\/\/www.palyazat.gov.hu\/eredmenyek\/tamogatott-projektek\/2563110201\" target=\"_blank\" rel=\"noopener\">Tov\u00e1bb<\/a><\/p>\n","protected":false},"excerpt":{"rendered":"<p>Szentendr\u00e9n, a D\u00f3zsa Gy\u00f6rgy \u00fat ment\u00e9n fekv\u0151 volt szovjet laktanya ter\u00fclet\u00e9n hossz\u00fa ideje fenn\u00e1ll\u00f3 k\u00f6rnyezeti kock\u00e1zatot sz\u00e1moltak fel egy, az Orsz\u00e1gos V\u00edz\u00fcgyi F\u0151igazgat\u00f3s\u00e1g \u00e1ltal ir\u00e1ny\u00edtott, 5,5 milli\u00e1rd forintos, eur\u00f3pai uni\u00f3s t\u00e1mogat\u00e1ssal megval\u00f3sult projekt keret\u00e9ben. A beruh\u00e1z\u00e1s c\u00e9lja a r\u00e9gi\u00f3 egyik legfontosabb iv\u00f3v\u00edzb\u00e1zis\u00e1nak hossz\u00fa t\u00e1v\u00fa v\u00e9delme volt. A h\u00e1rom \u00e9ven \u00e1t tart\u00f3 projekt p\u00e9lda\u00e9rt\u00e9k\u0171 beavatkoz\u00e1st jelentett a kl\u00f3rozott sz\u00e9nhidrog\u00e9nekkel szennyezett ter\u00fcletek megtiszt\u00edt\u00e1s\u00e1ra. A probl\u00e9m\u00e1ra, miszerint a szennyezett talajv\u00edz miatt vesz\u00e9lybe ker\u00fclt a v\u00edzb\u00e1zis, az ezredfordul\u00f3 t\u00e1j\u00e1n&#8230;<\/p>\n","protected":false},"author":17,"featured_media":8269,"comment_status":"closed","ping_status":"closed","sticky":false,"template":"","format":"standard","meta":{"_acf_changed":false,"ngg_post_thumbnail":0,"footnotes":""},"categories":[162],"tags":[190,455,306],"megye":[1201],"class_list":["post-8267","post","type-post","status-publish","format-standard","has-post-thumbnail","hentry","category-kehop-hu","tag-kornyezetvedelem-hu","tag-okologia","tag-vizgazdalkodas","megye-pest-varmegye"],"acf":[],"yoast_head":"<!-- This site is optimized with the Yoast SEO Premium plugin v28.4 (Yoast SEO v28.4) - https:\/\/yoast.com\/product\/yoast-seo-premium-wordpress\/ -->\n<title>Meg\u00f3vt\u00e1k a szentendrei v\u00edzb\u00e1zist - Egy\u00fctt fejl\u0151d\u00fcnk<\/title>\n<meta name=\"robots\" content=\"noindex, follow, max-snippet:-1, max-image-preview:large, max-video-preview:-1\" \/>\n<meta property=\"og:locale\" content=\"hu_HU\" \/>\n<meta property=\"og:type\" content=\"article\" \/>\n<meta property=\"og:title\" content=\"Meg\u00f3vt\u00e1k a szentendrei v\u00edzb\u00e1zist\" \/>\n<meta property=\"og:description\" content=\"Szentendr\u00e9n, a D\u00f3zsa Gy\u00f6rgy \u00fat ment\u00e9n fekv\u0151 volt szovjet laktanya ter\u00fclet\u00e9n hossz\u00fa ideje fenn\u00e1ll\u00f3 k\u00f6rnyezeti kock\u00e1zatot sz\u00e1moltak fel egy, az Orsz\u00e1gos V\u00edz\u00fcgyi F\u0151igazgat\u00f3s\u00e1g \u00e1ltal ir\u00e1ny\u00edtott, 5,5 milli\u00e1rd forintos, eur\u00f3pai uni\u00f3s t\u00e1mogat\u00e1ssal megval\u00f3sult projekt keret\u00e9ben. A beruh\u00e1z\u00e1s c\u00e9lja a r\u00e9gi\u00f3 egyik legfontosabb iv\u00f3v\u00edzb\u00e1zis\u00e1nak hossz\u00fa t\u00e1v\u00fa v\u00e9delme volt. A h\u00e1rom \u00e9ven \u00e1t tart\u00f3 projekt p\u00e9lda\u00e9rt\u00e9k\u0171 beavatkoz\u00e1st jelentett a kl\u00f3rozott sz\u00e9nhidrog\u00e9nekkel szennyezett ter\u00fcletek megtiszt\u00edt\u00e1s\u00e1ra. A probl\u00e9m\u00e1ra, miszerint a szennyezett talajv\u00edz miatt vesz\u00e9lybe ker\u00fclt a v\u00edzb\u00e1zis, az ezredfordul\u00f3 t\u00e1j\u00e1n...\" \/>\n<meta property=\"og:url\" content=\"https:\/\/egyuttfejlodunk.hu\/?p=8267\" \/>\n<meta property=\"og:site_name\" content=\"Egy\u00fctt fejl\u0151d\u00fcnk\" \/>\n<meta property=\"article:published_time\" content=\"2025-06-27T08:34:06+00:00\" \/>\n<meta property=\"article:modified_time\" content=\"2026-08-31T13:32:38+00:00\" \/>\n<meta property=\"og:image\" content=\"https:\/\/egyuttfejlodunk.hu\/wp-content\/uploads\/2025\/06\/pexels-pixabay-62307.jpg\" \/>\n\t<meta property=\"og:image:width\" content=\"1920\" \/>\n\t<meta property=\"og:image:height\" content=\"1440\" \/>\n\t<meta property=\"og:image:type\" content=\"image\/jpeg\" \/>\n<meta name=\"author\" content=\"B\u00e1cskai Gabriella\" \/>\n<meta name=\"twitter:card\" content=\"summary_large_image\" \/>\n<meta name=\"twitter:label1\" content=\"Szerz\u0151:\" \/>\n\t<meta name=\"twitter:data1\" content=\"B\u00e1cskai Gabriella\" \/>\n\t<meta name=\"twitter:label2\" content=\"Becs\u00fclt olvas\u00e1si id\u0151\" \/>\n\t<meta name=\"twitter:data2\" content=\"3 perc\" \/>\n<script type=\"application\/ld+json\" class=\"yoast-schema-graph\">{\"@context\":\"https:\\\/\\\/schema.org\",\"@graph\":[{\"@type\":\"Article\",\"@id\":\"https:\\\/\\\/egyuttfejlodunk.hu\\\/?p=8267#article\",\"isPartOf\":{\"@id\":\"https:\\\/\\\/egyuttfejlodunk.hu\\\/?p=8267\"},\"author\":{\"name\":\"B\u00e1cskai Gabriella\",\"@id\":\"https:\\\/\\\/egyuttfejlodunk.hu\\\/#\\\/schema\\\/person\\\/74d5e3661b874eed1958599cd4ca7bbd\"},\"headline\":\"Meg\u00f3vt\u00e1k a szentendrei v\u00edzb\u00e1zist\",\"datePublished\":\"2025-06-27T08:34:06+00:00\",\"dateModified\":\"2026-08-31T13:32:38+00:00\",\"mainEntityOfPage\":{\"@id\":\"https:\\\/\\\/egyuttfejlodunk.hu\\\/?p=8267\"},\"wordCount\":833,\"publisher\":{\"@id\":\"https:\\\/\\\/egyuttfejlodunk.hu\\\/#organization\"},\"image\":{\"@id\":\"https:\\\/\\\/egyuttfejlodunk.hu\\\/?p=8267#primaryimage\"},\"thumbnailUrl\":\"https:\\\/\\\/egyuttfejlodunk.hu\\\/wp-content\\\/uploads\\\/2025\\\/06\\\/pexels-pixabay-62307.jpg\",\"keywords\":[\"K\u00f6rnyezetv\u00e9delem\",\"\u00f6kol\u00f3gia\",\"v\u00edzgazd\u00e1lkod\u00e1s\"],\"articleSection\":[\"Kehop\"],\"inLanguage\":\"hu\"},{\"@type\":\"WebPage\",\"@id\":\"https:\\\/\\\/egyuttfejlodunk.hu\\\/?p=8267\",\"url\":\"https:\\\/\\\/egyuttfejlodunk.hu\\\/?p=8267\",\"name\":\"Meg\u00f3vt\u00e1k a szentendrei v\u00edzb\u00e1zist - Egy\u00fctt fejl\u0151d\u00fcnk\",\"isPartOf\":{\"@id\":\"https:\\\/\\\/egyuttfejlodunk.hu\\\/#website\"},\"primaryImageOfPage\":{\"@id\":\"https:\\\/\\\/egyuttfejlodunk.hu\\\/?p=8267#primaryimage\"},\"image\":{\"@id\":\"https:\\\/\\\/egyuttfejlodunk.hu\\\/?p=8267#primaryimage\"},\"thumbnailUrl\":\"https:\\\/\\\/egyuttfejlodunk.hu\\\/wp-content\\\/uploads\\\/2025\\\/06\\\/pexels-pixabay-62307.jpg\",\"datePublished\":\"2025-06-27T08:34:06+00:00\",\"dateModified\":\"2026-08-31T13:32:38+00:00\",\"breadcrumb\":{\"@id\":\"https:\\\/\\\/egyuttfejlodunk.hu\\\/?p=8267#breadcrumb\"},\"inLanguage\":\"hu\",\"potentialAction\":[{\"@type\":\"ReadAction\",\"target\":[\"https:\\\/\\\/egyuttfejlodunk.hu\\\/?p=8267\"]}]},{\"@type\":\"ImageObject\",\"inLanguage\":\"hu\",\"@id\":\"https:\\\/\\\/egyuttfejlodunk.hu\\\/?p=8267#primaryimage\",\"url\":\"https:\\\/\\\/egyuttfejlodunk.hu\\\/wp-content\\\/uploads\\\/2025\\\/06\\\/pexels-pixabay-62307.jpg\",\"contentUrl\":\"https:\\\/\\\/egyuttfejlodunk.hu\\\/wp-content\\\/uploads\\\/2025\\\/06\\\/pexels-pixabay-62307.jpg\",\"width\":1920,\"height\":1440},{\"@type\":\"BreadcrumbList\",\"@id\":\"https:\\\/\\\/egyuttfejlodunk.hu\\\/?p=8267#breadcrumb\",\"itemListElement\":[{\"@type\":\"ListItem\",\"position\":1,\"name\":\"Home\",\"item\":\"https:\\\/\\\/egyuttfejlodunk.hu\\\/\"},{\"@type\":\"ListItem\",\"position\":2,\"name\":\"Meg\u00f3vt\u00e1k a szentendrei v\u00edzb\u00e1zist\"}]},{\"@type\":\"WebSite\",\"@id\":\"https:\\\/\\\/egyuttfejlodunk.hu\\\/#website\",\"url\":\"https:\\\/\\\/egyuttfejlodunk.hu\\\/\",\"name\":\"Egy\u00fctt fejl\u0151d\u00fcnk\",\"description\":\"\",\"publisher\":{\"@id\":\"https:\\\/\\\/egyuttfejlodunk.hu\\\/#organization\"},\"potentialAction\":[{\"@type\":\"SearchAction\",\"target\":{\"@type\":\"EntryPoint\",\"urlTemplate\":\"https:\\\/\\\/egyuttfejlodunk.hu\\\/?s={search_term_string}\"},\"query-input\":{\"@type\":\"PropertyValueSpecification\",\"valueRequired\":true,\"valueName\":\"search_term_string\"}}],\"inLanguage\":\"hu\"},{\"@type\":\"Organization\",\"@id\":\"https:\\\/\\\/egyuttfejlodunk.hu\\\/#organization\",\"name\":\"Egy\u00fctt fejl\u0151d\u00fcnk\",\"url\":\"https:\\\/\\\/egyuttfejlodunk.hu\\\/\",\"logo\":{\"@type\":\"ImageObject\",\"inLanguage\":\"hu\",\"@id\":\"https:\\\/\\\/egyuttfejlodunk.hu\\\/#\\\/schema\\\/logo\\\/image\\\/\",\"url\":\"https:\\\/\\\/egyuttfejlodunk.hu\\\/wp-content\\\/uploads\\\/2026\\\/04\\\/ujlogo.jpg\",\"contentUrl\":\"https:\\\/\\\/egyuttfejlodunk.hu\\\/wp-content\\\/uploads\\\/2026\\\/04\\\/ujlogo.jpg\",\"width\":350,\"height\":110,\"caption\":\"Egy\u00fctt fejl\u0151d\u00fcnk\"},\"image\":{\"@id\":\"https:\\\/\\\/egyuttfejlodunk.hu\\\/#\\\/schema\\\/logo\\\/image\\\/\"}},{\"@type\":\"Person\",\"@id\":\"https:\\\/\\\/egyuttfejlodunk.hu\\\/#\\\/schema\\\/person\\\/74d5e3661b874eed1958599cd4ca7bbd\",\"name\":\"B\u00e1cskai Gabriella\"}]}<\/script>\n<!-- \/ Yoast SEO Premium plugin. -->","yoast_head_json":{"title":"Meg\u00f3vt\u00e1k a szentendrei v\u00edzb\u00e1zist - Egy\u00fctt fejl\u0151d\u00fcnk","robots":{"index":"noindex","follow":"follow","max-snippet":"max-snippet:-1","max-image-preview":"max-image-preview:large","max-video-preview":"max-video-preview:-1"},"og_locale":"hu_HU","og_type":"article","og_title":"Meg\u00f3vt\u00e1k a szentendrei v\u00edzb\u00e1zist","og_description":"Szentendr\u00e9n, a D\u00f3zsa Gy\u00f6rgy \u00fat ment\u00e9n fekv\u0151 volt szovjet laktanya ter\u00fclet\u00e9n hossz\u00fa ideje fenn\u00e1ll\u00f3 k\u00f6rnyezeti kock\u00e1zatot sz\u00e1moltak fel egy, az Orsz\u00e1gos V\u00edz\u00fcgyi F\u0151igazgat\u00f3s\u00e1g \u00e1ltal ir\u00e1ny\u00edtott, 5,5 milli\u00e1rd forintos, eur\u00f3pai uni\u00f3s t\u00e1mogat\u00e1ssal megval\u00f3sult projekt keret\u00e9ben. A beruh\u00e1z\u00e1s c\u00e9lja a r\u00e9gi\u00f3 egyik legfontosabb iv\u00f3v\u00edzb\u00e1zis\u00e1nak hossz\u00fa t\u00e1v\u00fa v\u00e9delme volt. A h\u00e1rom \u00e9ven \u00e1t tart\u00f3 projekt p\u00e9lda\u00e9rt\u00e9k\u0171 beavatkoz\u00e1st jelentett a kl\u00f3rozott sz\u00e9nhidrog\u00e9nekkel szennyezett ter\u00fcletek megtiszt\u00edt\u00e1s\u00e1ra. A probl\u00e9m\u00e1ra, miszerint a szennyezett talajv\u00edz miatt vesz\u00e9lybe ker\u00fclt a v\u00edzb\u00e1zis, az ezredfordul\u00f3 t\u00e1j\u00e1n...","og_url":"https:\/\/egyuttfejlodunk.hu\/?p=8267","og_site_name":"Egy\u00fctt fejl\u0151d\u00fcnk","article_published_time":"2025-06-27T08:34:06+00:00","article_modified_time":"2026-08-31T13:32:38+00:00","og_image":[{"width":1920,"height":1440,"url":"https:\/\/egyuttfejlodunk.hu\/wp-content\/uploads\/2025\/06\/pexels-pixabay-62307.jpg","type":"image\/jpeg"}],"author":"B\u00e1cskai Gabriella","twitter_card":"summary_large_image","twitter_misc":{"Szerz\u0151:":"B\u00e1cskai Gabriella","Becs\u00fclt olvas\u00e1si id\u0151":"3 perc"},"schema":{"@context":"https:\/\/schema.org","@graph":[{"@type":"Article","@id":"https:\/\/egyuttfejlodunk.hu\/?p=8267#article","isPartOf":{"@id":"https:\/\/egyuttfejlodunk.hu\/?p=8267"},"author":{"name":"B\u00e1cskai Gabriella","@id":"https:\/\/egyuttfejlodunk.hu\/#\/schema\/person\/74d5e3661b874eed1958599cd4ca7bbd"},"headline":"Meg\u00f3vt\u00e1k a szentendrei v\u00edzb\u00e1zist","datePublished":"2025-06-27T08:34:06+00:00","dateModified":"2026-08-31T13:32:38+00:00","mainEntityOfPage":{"@id":"https:\/\/egyuttfejlodunk.hu\/?p=8267"},"wordCount":833,"publisher":{"@id":"https:\/\/egyuttfejlodunk.hu\/#organization"},"image":{"@id":"https:\/\/egyuttfejlodunk.hu\/?p=8267#primaryimage"},"thumbnailUrl":"https:\/\/egyuttfejlodunk.hu\/wp-content\/uploads\/2025\/06\/pexels-pixabay-62307.jpg","keywords":["K\u00f6rnyezetv\u00e9delem","\u00f6kol\u00f3gia","v\u00edzgazd\u00e1lkod\u00e1s"],"articleSection":["Kehop"],"inLanguage":"hu"},{"@type":"WebPage","@id":"https:\/\/egyuttfejlodunk.hu\/?p=8267","url":"https:\/\/egyuttfejlodunk.hu\/?p=8267","name":"Meg\u00f3vt\u00e1k a szentendrei v\u00edzb\u00e1zist - Egy\u00fctt fejl\u0151d\u00fcnk","isPartOf":{"@id":"https:\/\/egyuttfejlodunk.hu\/#website"},"primaryImageOfPage":{"@id":"https:\/\/egyuttfejlodunk.hu\/?p=8267#primaryimage"},"image":{"@id":"https:\/\/egyuttfejlodunk.hu\/?p=8267#primaryimage"},"thumbnailUrl":"https:\/\/egyuttfejlodunk.hu\/wp-content\/uploads\/2025\/06\/pexels-pixabay-62307.jpg","datePublished":"2025-06-27T08:34:06+00:00","dateModified":"2026-08-31T13:32:38+00:00","breadcrumb":{"@id":"https:\/\/egyuttfejlodunk.hu\/?p=8267#breadcrumb"},"inLanguage":"hu","potentialAction":[{"@type":"ReadAction","target":["https:\/\/egyuttfejlodunk.hu\/?p=8267"]}]},{"@type":"ImageObject","inLanguage":"hu","@id":"https:\/\/egyuttfejlodunk.hu\/?p=8267#primaryimage","url":"https:\/\/egyuttfejlodunk.hu\/wp-content\/uploads\/2025\/06\/pexels-pixabay-62307.jpg","contentUrl":"https:\/\/egyuttfejlodunk.hu\/wp-content\/uploads\/2025\/06\/pexels-pixabay-62307.jpg","width":1920,"height":1440},{"@type":"BreadcrumbList","@id":"https:\/\/egyuttfejlodunk.hu\/?p=8267#breadcrumb","itemListElement":[{"@type":"ListItem","position":1,"name":"Home","item":"https:\/\/egyuttfejlodunk.hu\/"},{"@type":"ListItem","position":2,"name":"Meg\u00f3vt\u00e1k a szentendrei v\u00edzb\u00e1zist"}]},{"@type":"WebSite","@id":"https:\/\/egyuttfejlodunk.hu\/#website","url":"https:\/\/egyuttfejlodunk.hu\/","name":"Egy\u00fctt fejl\u0151d\u00fcnk","description":"","publisher":{"@id":"https:\/\/egyuttfejlodunk.hu\/#organization"},"potentialAction":[{"@type":"SearchAction","target":{"@type":"EntryPoint","urlTemplate":"https:\/\/egyuttfejlodunk.hu\/?s={search_term_string}"},"query-input":{"@type":"PropertyValueSpecification","valueRequired":true,"valueName":"search_term_string"}}],"inLanguage":"hu"},{"@type":"Organization","@id":"https:\/\/egyuttfejlodunk.hu\/#organization","name":"Egy\u00fctt fejl\u0151d\u00fcnk","url":"https:\/\/egyuttfejlodunk.hu\/","logo":{"@type":"ImageObject","inLanguage":"hu","@id":"https:\/\/egyuttfejlodunk.hu\/#\/schema\/logo\/image\/","url":"https:\/\/egyuttfejlodunk.hu\/wp-content\/uploads\/2026\/04\/ujlogo.jpg","contentUrl":"https:\/\/egyuttfejlodunk.hu\/wp-content\/uploads\/2026\/04\/ujlogo.jpg","width":350,"height":110,"caption":"Egy\u00fctt fejl\u0151d\u00fcnk"},"image":{"@id":"https:\/\/egyuttfejlodunk.hu\/#\/schema\/logo\/image\/"}},{"@type":"Person","@id":"https:\/\/egyuttfejlodunk.hu\/#\/schema\/person\/74d5e3661b874eed1958599cd4ca7bbd","name":"B\u00e1cskai Gabriella"}]}},"_links":{"self":[{"href":"https:\/\/egyuttfejlodunk.hu\/index.php?rest_route=\/wp\/v2\/posts\/8267","targetHints":{"allow":["GET"]}}],"collection":[{"href":"https:\/\/egyuttfejlodunk.hu\/index.php?rest_route=\/wp\/v2\/posts"}],"about":[{"href":"https:\/\/egyuttfejlodunk.hu\/index.php?rest_route=\/wp\/v2\/types\/post"}],"author":[{"embeddable":true,"href":"https:\/\/egyuttfejlodunk.hu\/index.php?rest_route=\/wp\/v2\/users\/17"}],"replies":[{"embeddable":true,"href":"https:\/\/egyuttfejlodunk.hu\/index.php?rest_route=%2Fwp%2Fv2%2Fcomments&post=8267"}],"version-history":[{"count":1,"href":"https:\/\/egyuttfejlodunk.hu\/index.php?rest_route=\/wp\/v2\/posts\/8267\/revisions"}],"predecessor-version":[{"id":8270,"href":"https:\/\/egyuttfejlodunk.hu\/index.php?rest_route=\/wp\/v2\/posts\/8267\/revisions\/8270"}],"wp:featuredmedia":[{"embeddable":true,"href":"https:\/\/egyuttfejlodunk.hu\/index.php?rest_route=\/wp\/v2\/media\/8269"}],"wp:attachment":[{"href":"https:\/\/egyuttfejlodunk.hu\/index.php?rest_route=%2Fwp%2Fv2%2Fmedia&parent=8267"}],"wp:term":[{"taxonomy":"category","embeddable":true,"href":"https:\/\/egyuttfejlodunk.hu\/index.php?rest_route=%2Fwp%2Fv2%2Fcategories&post=8267"},{"taxonomy":"post_tag","embeddable":true,"href":"https:\/\/egyuttfejlodunk.hu\/index.php?rest_route=%2Fwp%2Fv2%2Ftags&post=8267"},{"taxonomy":"megye","embeddable":true,"href":"https:\/\/egyuttfejlodunk.hu\/index.php?rest_route=%2Fwp%2Fv2%2Fmegye&post=8267"}],"curies":[{"name":"wp","href":"https:\/\/api.w.org\/{rel}","templated":true}]}}