{"id":8295,"date":"2025-06-25T14:34:23","date_gmt":"2025-06-25T12:34:23","guid":{"rendered":"https:\/\/teszt.s152.mediacenter.hu\/egyuttfejlodunk\/?p=8295"},"modified":"2025-06-25T10:36:12","modified_gmt":"2025-06-25T08:36:12","slug":"for-the-mental-health-of-children","status":"publish","type":"post","link":"https:\/\/egyuttfejlodunk.hu\/en\/for-the-mental-health-of-children\/","title":{"rendered":"For the mental health of children"},"content":{"rendered":"<p><strong>One often overlooked area of healthcare is child psychiatry, despite the fact that maintaining mental well-being is just as important as physical recovery. In this spirit, a model development initiative was launched in Hungary, aiming to modernize both the professional background and infrastructural conditions of psychiatric care for those under the age of 18 at a national level.<\/strong><\/p>\n<p>The EU-funded project, implemented through a consortium partnership between the National Directorate General for Hospitals and leading universities \u2014 the University of Debrecen, the University of P\u00e9cs, and the University of Szeged \u2014 aimed to eliminate regional disparities in child psychiatric care and significantly improve access to services across all regions of the country. This strategic move included the modernization of mental health services, the expansion of capacities, and the improvement of working conditions for professionals.<\/p>\n<p>Significant developments were carried out in 13 institutions. In Miskolc, P\u00e9cs, and Szeged, the child psychiatry departments were expanded with new wings, while in Kecskem\u00e9t, supported by the INDIT Public Foundation, an entirely new standalone buildings were established. In eight other locations \u2014 including Ny\u00edregyh\u00e1za, Debrecen, Veszpr\u00e9m, and Gy\u0151r \u2014 existing hospital units were renovated, with significantly increased capacities thanks to internal restructuring and modernization. Inpatient wards were newly established in Gy\u0151r, Miskolc, Ny\u00edregyh\u00e1za, and Szolnok, while in P\u00e9cs and Szeged, the modernization of existing inpatient services expanded treatment capacity. Outpatient specialist care also saw major improvements: comprehensive clinics were created or expanded in places such as Zalaegerszeg, Sz\u00e9kesfeh\u00e9rv\u00e1r, and Kecskem\u00e9t.<\/p>\n<p>Particularly noteworthy is the emphasis placed on high-security care during the development. For young people who have become violent due to drug use or other reasons, or who suffer from more severe psychiatric problems, high-security child psychiatric beds were set up in Miskolc, Gy\u0151r, Ny\u00edregyh\u00e1za, Debrecen, Szolnok, Szeged, and P\u00e9cs, providing them with specialized care.<\/p>\n<p>Beyond capacity expansion, state-of-the-art psychodiagnostic and developmental tools were delivered to around 14 locations, making professionals&#8217; work easier and contributing to more accurate diagnoses. Additionally, new IT systems, medical equipment, and furnishings were introduced to enhance comfort and efficiency in care.<\/p>\n<p>Another key achievement of the project was the organization of professional training: more than 1,800 professionals working in healthcare and social services participated in courses to ensure the early detection and treatment of children&#8217;s mental health issues could be carried out at a uniformly high standard nationwide. Close cooperation between primary care providers, family support services, child protection services, and civil organizations ensured that no child would be left without appropriate help, even beyond the healthcare system.<\/p>\n<p>As a result of the development, a dynamic, active professional network was established, one that supports, assists, and protects the mental health of Hungary\u2019s youngest citizens, giving them a chance at a happier, more balanced future. With this comprehensive program, child psychiatric care in Hungary has entered a new era.<\/p>\nngg_shortcode_0_placeholder\n<p>The development was implemented from EU funding in the project EFOP-2.2.0-16-2016-00002 under the Human Resource Development Operational Programme.<\/p>\n<p>Find out more about the project in the Project Finder:<a class=\"tovabb\" href=\"https:\/\/www.palyazat.gov.hu\/eredmenyek\/tamogatott-projektek\/1096350201\" target=\"_blank\" rel=\"noopener\">Details<\/a><\/p>\n","protected":false},"excerpt":{"rendered":"<p>One often overlooked area of healthcare is child psychiatry, despite the fact that maintaining mental well-being is just as important as physical recovery. In this spirit, a model development initiative was launched in Hungary, aiming to modernize both the professional background and infrastructural conditions of psychiatric care for those under the age of 18 at a national level. The EU-funded project, implemented through a consortium partnership between the National Directorate General for Hospitals and leading&#8230;<\/p>\n","protected":false},"author":17,"featured_media":8292,"comment_status":"closed","ping_status":"closed","sticky":false,"template":"","format":"standard","meta":{"_acf_changed":false,"ngg_post_thumbnail":0,"footnotes":""},"categories":[342],"tags":[],"megye":[],"class_list":["post-8295","post","type-post","status-publish","format-standard","has-post-thumbnail","hentry","category-efop-en"],"acf":[],"yoast_head":"<!-- This site is optimized with the Yoast SEO Premium plugin v28.4 (Yoast SEO v28.4) - https:\/\/yoast.com\/product\/yoast-seo-premium-wordpress\/ -->\n<title>For the mental health of children - Egy\u00fctt fejl\u0151d\u00fcnk<\/title>\n<meta name=\"robots\" content=\"noindex, follow, max-snippet:-1, max-image-preview:large, max-video-preview:-1\" \/>\n<meta property=\"og:locale\" content=\"hu_HU\" \/>\n<meta property=\"og:type\" content=\"article\" \/>\n<meta property=\"og:title\" content=\"For the mental health of children\" \/>\n<meta property=\"og:description\" content=\"One often overlooked area of healthcare is child psychiatry, despite the fact that maintaining mental well-being is just as important as physical recovery. In this spirit, a model development initiative was launched in Hungary, aiming to modernize both the professional background and infrastructural conditions of psychiatric care for those under the age of 18 at a national level. The EU-funded project, implemented through a consortium partnership between the National Directorate General for Hospitals and leading...\" \/>\n<meta property=\"og:url\" content=\"https:\/\/egyuttfejlodunk.hu\/en\/for-the-mental-health-of-children\/\" \/>\n<meta property=\"og:site_name\" content=\"Egy\u00fctt fejl\u0151d\u00fcnk\" \/>\n<meta property=\"article:published_time\" content=\"2025-06-25T12:34:23+00:00\" \/>\n<meta property=\"og:image\" content=\"https:\/\/egyuttfejlodunk.hu\/wp-content\/uploads\/2025\/06\/Szolnok_1-1.jpg\" \/>\n\t<meta property=\"og:image:width\" content=\"1920\" \/>\n\t<meta property=\"og:image:height\" content=\"954\" \/>\n\t<meta property=\"og:image:type\" content=\"image\/jpeg\" \/>\n<meta name=\"author\" content=\"B\u00e1cskai Gabriella\" \/>\n<meta name=\"twitter:card\" content=\"summary_large_image\" \/>\n<meta name=\"twitter:label1\" content=\"Szerz\u0151:\" \/>\n\t<meta name=\"twitter:data1\" content=\"B\u00e1cskai Gabriella\" \/>\n\t<meta name=\"twitter:label2\" content=\"Becs\u00fclt olvas\u00e1si id\u0151\" \/>\n\t<meta name=\"twitter:data2\" content=\"3 perc\" \/>\n<script type=\"application\/ld+json\" class=\"yoast-schema-graph\">{\"@context\":\"https:\\\/\\\/schema.org\",\"@graph\":[{\"@type\":\"Article\",\"@id\":\"https:\\\/\\\/egyuttfejlodunk.hu\\\/en\\\/for-the-mental-health-of-children\\\/#article\",\"isPartOf\":{\"@id\":\"https:\\\/\\\/egyuttfejlodunk.hu\\\/en\\\/for-the-mental-health-of-children\\\/\"},\"author\":{\"name\":\"B\u00e1cskai Gabriella\",\"@id\":\"https:\\\/\\\/egyuttfejlodunk.hu\\\/#\\\/schema\\\/person\\\/74d5e3661b874eed1958599cd4ca7bbd\"},\"headline\":\"For the mental health of children\",\"datePublished\":\"2025-06-25T12:34:23+00:00\",\"mainEntityOfPage\":{\"@id\":\"https:\\\/\\\/egyuttfejlodunk.hu\\\/en\\\/for-the-mental-health-of-children\\\/\"},\"wordCount\":527,\"publisher\":{\"@id\":\"https:\\\/\\\/egyuttfejlodunk.hu\\\/#organization\"},\"image\":{\"@id\":\"https:\\\/\\\/egyuttfejlodunk.hu\\\/en\\\/for-the-mental-health-of-children\\\/#primaryimage\"},\"thumbnailUrl\":\"https:\\\/\\\/egyuttfejlodunk.hu\\\/wp-content\\\/uploads\\\/2025\\\/06\\\/Szolnok_1-1.jpg\",\"articleSection\":[\"EFOP\"],\"inLanguage\":\"hu\"},{\"@type\":\"WebPage\",\"@id\":\"https:\\\/\\\/egyuttfejlodunk.hu\\\/en\\\/for-the-mental-health-of-children\\\/\",\"url\":\"https:\\\/\\\/egyuttfejlodunk.hu\\\/en\\\/for-the-mental-health-of-children\\\/\",\"name\":\"For the mental health of children - Egy\u00fctt fejl\u0151d\u00fcnk\",\"isPartOf\":{\"@id\":\"https:\\\/\\\/egyuttfejlodunk.hu\\\/#website\"},\"primaryImageOfPage\":{\"@id\":\"https:\\\/\\\/egyuttfejlodunk.hu\\\/en\\\/for-the-mental-health-of-children\\\/#primaryimage\"},\"image\":{\"@id\":\"https:\\\/\\\/egyuttfejlodunk.hu\\\/en\\\/for-the-mental-health-of-children\\\/#primaryimage\"},\"thumbnailUrl\":\"https:\\\/\\\/egyuttfejlodunk.hu\\\/wp-content\\\/uploads\\\/2025\\\/06\\\/Szolnok_1-1.jpg\",\"datePublished\":\"2025-06-25T12:34:23+00:00\",\"breadcrumb\":{\"@id\":\"https:\\\/\\\/egyuttfejlodunk.hu\\\/en\\\/for-the-mental-health-of-children\\\/#breadcrumb\"},\"inLanguage\":\"hu\",\"potentialAction\":[{\"@type\":\"ReadAction\",\"target\":[\"https:\\\/\\\/egyuttfejlodunk.hu\\\/en\\\/for-the-mental-health-of-children\\\/\"]}]},{\"@type\":\"ImageObject\",\"inLanguage\":\"hu\",\"@id\":\"https:\\\/\\\/egyuttfejlodunk.hu\\\/en\\\/for-the-mental-health-of-children\\\/#primaryimage\",\"url\":\"https:\\\/\\\/egyuttfejlodunk.hu\\\/wp-content\\\/uploads\\\/2025\\\/06\\\/Szolnok_1-1.jpg\",\"contentUrl\":\"https:\\\/\\\/egyuttfejlodunk.hu\\\/wp-content\\\/uploads\\\/2025\\\/06\\\/Szolnok_1-1.jpg\",\"width\":1920,\"height\":954},{\"@type\":\"BreadcrumbList\",\"@id\":\"https:\\\/\\\/egyuttfejlodunk.hu\\\/en\\\/for-the-mental-health-of-children\\\/#breadcrumb\",\"itemListElement\":[{\"@type\":\"ListItem\",\"position\":1,\"name\":\"Home\",\"item\":\"https:\\\/\\\/egyuttfejlodunk.hu\\\/\"},{\"@type\":\"ListItem\",\"position\":2,\"name\":\"For the mental health of children\"}]},{\"@type\":\"WebSite\",\"@id\":\"https:\\\/\\\/egyuttfejlodunk.hu\\\/#website\",\"url\":\"https:\\\/\\\/egyuttfejlodunk.hu\\\/\",\"name\":\"Egy\u00fctt fejl\u0151d\u00fcnk\",\"description\":\"\",\"publisher\":{\"@id\":\"https:\\\/\\\/egyuttfejlodunk.hu\\\/#organization\"},\"potentialAction\":[{\"@type\":\"SearchAction\",\"target\":{\"@type\":\"EntryPoint\",\"urlTemplate\":\"https:\\\/\\\/egyuttfejlodunk.hu\\\/?s={search_term_string}\"},\"query-input\":{\"@type\":\"PropertyValueSpecification\",\"valueRequired\":true,\"valueName\":\"search_term_string\"}}],\"inLanguage\":\"hu\"},{\"@type\":\"Organization\",\"@id\":\"https:\\\/\\\/egyuttfejlodunk.hu\\\/#organization\",\"name\":\"Egy\u00fctt fejl\u0151d\u00fcnk\",\"url\":\"https:\\\/\\\/egyuttfejlodunk.hu\\\/\",\"logo\":{\"@type\":\"ImageObject\",\"inLanguage\":\"hu\",\"@id\":\"https:\\\/\\\/egyuttfejlodunk.hu\\\/#\\\/schema\\\/logo\\\/image\\\/\",\"url\":\"https:\\\/\\\/egyuttfejlodunk.hu\\\/wp-content\\\/uploads\\\/2026\\\/04\\\/ujlogo.jpg\",\"contentUrl\":\"https:\\\/\\\/egyuttfejlodunk.hu\\\/wp-content\\\/uploads\\\/2026\\\/04\\\/ujlogo.jpg\",\"width\":350,\"height\":110,\"caption\":\"Egy\u00fctt fejl\u0151d\u00fcnk\"},\"image\":{\"@id\":\"https:\\\/\\\/egyuttfejlodunk.hu\\\/#\\\/schema\\\/logo\\\/image\\\/\"}},{\"@type\":\"Person\",\"@id\":\"https:\\\/\\\/egyuttfejlodunk.hu\\\/#\\\/schema\\\/person\\\/74d5e3661b874eed1958599cd4ca7bbd\",\"name\":\"B\u00e1cskai Gabriella\"}]}<\/script>\n<!-- \/ Yoast SEO Premium plugin. -->","yoast_head_json":{"title":"For the mental health of children - Egy\u00fctt fejl\u0151d\u00fcnk","robots":{"index":"noindex","follow":"follow","max-snippet":"max-snippet:-1","max-image-preview":"max-image-preview:large","max-video-preview":"max-video-preview:-1"},"og_locale":"hu_HU","og_type":"article","og_title":"For the mental health of children","og_description":"One often overlooked area of healthcare is child psychiatry, despite the fact that maintaining mental well-being is just as important as physical recovery. In this spirit, a model development initiative was launched in Hungary, aiming to modernize both the professional background and infrastructural conditions of psychiatric care for those under the age of 18 at a national level. The EU-funded project, implemented through a consortium partnership between the National Directorate General for Hospitals and leading...","og_url":"https:\/\/egyuttfejlodunk.hu\/en\/for-the-mental-health-of-children\/","og_site_name":"Egy\u00fctt fejl\u0151d\u00fcnk","article_published_time":"2025-06-25T12:34:23+00:00","og_image":[{"width":1920,"height":954,"url":"https:\/\/egyuttfejlodunk.hu\/wp-content\/uploads\/2025\/06\/Szolnok_1-1.jpg","type":"image\/jpeg"}],"author":"B\u00e1cskai Gabriella","twitter_card":"summary_large_image","twitter_misc":{"Szerz\u0151:":"B\u00e1cskai Gabriella","Becs\u00fclt olvas\u00e1si id\u0151":"3 perc"},"schema":{"@context":"https:\/\/schema.org","@graph":[{"@type":"Article","@id":"https:\/\/egyuttfejlodunk.hu\/en\/for-the-mental-health-of-children\/#article","isPartOf":{"@id":"https:\/\/egyuttfejlodunk.hu\/en\/for-the-mental-health-of-children\/"},"author":{"name":"B\u00e1cskai Gabriella","@id":"https:\/\/egyuttfejlodunk.hu\/#\/schema\/person\/74d5e3661b874eed1958599cd4ca7bbd"},"headline":"For the mental health of children","datePublished":"2025-06-25T12:34:23+00:00","mainEntityOfPage":{"@id":"https:\/\/egyuttfejlodunk.hu\/en\/for-the-mental-health-of-children\/"},"wordCount":527,"publisher":{"@id":"https:\/\/egyuttfejlodunk.hu\/#organization"},"image":{"@id":"https:\/\/egyuttfejlodunk.hu\/en\/for-the-mental-health-of-children\/#primaryimage"},"thumbnailUrl":"https:\/\/egyuttfejlodunk.hu\/wp-content\/uploads\/2025\/06\/Szolnok_1-1.jpg","articleSection":["EFOP"],"inLanguage":"hu"},{"@type":"WebPage","@id":"https:\/\/egyuttfejlodunk.hu\/en\/for-the-mental-health-of-children\/","url":"https:\/\/egyuttfejlodunk.hu\/en\/for-the-mental-health-of-children\/","name":"For the mental health of children - Egy\u00fctt fejl\u0151d\u00fcnk","isPartOf":{"@id":"https:\/\/egyuttfejlodunk.hu\/#website"},"primaryImageOfPage":{"@id":"https:\/\/egyuttfejlodunk.hu\/en\/for-the-mental-health-of-children\/#primaryimage"},"image":{"@id":"https:\/\/egyuttfejlodunk.hu\/en\/for-the-mental-health-of-children\/#primaryimage"},"thumbnailUrl":"https:\/\/egyuttfejlodunk.hu\/wp-content\/uploads\/2025\/06\/Szolnok_1-1.jpg","datePublished":"2025-06-25T12:34:23+00:00","breadcrumb":{"@id":"https:\/\/egyuttfejlodunk.hu\/en\/for-the-mental-health-of-children\/#breadcrumb"},"inLanguage":"hu","potentialAction":[{"@type":"ReadAction","target":["https:\/\/egyuttfejlodunk.hu\/en\/for-the-mental-health-of-children\/"]}]},{"@type":"ImageObject","inLanguage":"hu","@id":"https:\/\/egyuttfejlodunk.hu\/en\/for-the-mental-health-of-children\/#primaryimage","url":"https:\/\/egyuttfejlodunk.hu\/wp-content\/uploads\/2025\/06\/Szolnok_1-1.jpg","contentUrl":"https:\/\/egyuttfejlodunk.hu\/wp-content\/uploads\/2025\/06\/Szolnok_1-1.jpg","width":1920,"height":954},{"@type":"BreadcrumbList","@id":"https:\/\/egyuttfejlodunk.hu\/en\/for-the-mental-health-of-children\/#breadcrumb","itemListElement":[{"@type":"ListItem","position":1,"name":"Home","item":"https:\/\/egyuttfejlodunk.hu\/"},{"@type":"ListItem","position":2,"name":"For the mental health of children"}]},{"@type":"WebSite","@id":"https:\/\/egyuttfejlodunk.hu\/#website","url":"https:\/\/egyuttfejlodunk.hu\/","name":"Egy\u00fctt fejl\u0151d\u00fcnk","description":"","publisher":{"@id":"https:\/\/egyuttfejlodunk.hu\/#organization"},"potentialAction":[{"@type":"SearchAction","target":{"@type":"EntryPoint","urlTemplate":"https:\/\/egyuttfejlodunk.hu\/?s={search_term_string}"},"query-input":{"@type":"PropertyValueSpecification","valueRequired":true,"valueName":"search_term_string"}}],"inLanguage":"hu"},{"@type":"Organization","@id":"https:\/\/egyuttfejlodunk.hu\/#organization","name":"Egy\u00fctt fejl\u0151d\u00fcnk","url":"https:\/\/egyuttfejlodunk.hu\/","logo":{"@type":"ImageObject","inLanguage":"hu","@id":"https:\/\/egyuttfejlodunk.hu\/#\/schema\/logo\/image\/","url":"https:\/\/egyuttfejlodunk.hu\/wp-content\/uploads\/2026\/04\/ujlogo.jpg","contentUrl":"https:\/\/egyuttfejlodunk.hu\/wp-content\/uploads\/2026\/04\/ujlogo.jpg","width":350,"height":110,"caption":"Egy\u00fctt fejl\u0151d\u00fcnk"},"image":{"@id":"https:\/\/egyuttfejlodunk.hu\/#\/schema\/logo\/image\/"}},{"@type":"Person","@id":"https:\/\/egyuttfejlodunk.hu\/#\/schema\/person\/74d5e3661b874eed1958599cd4ca7bbd","name":"B\u00e1cskai Gabriella"}]}},"_links":{"self":[{"href":"https:\/\/egyuttfejlodunk.hu\/wp-json\/wp\/v2\/posts\/8295","targetHints":{"allow":["GET"]}}],"collection":[{"href":"https:\/\/egyuttfejlodunk.hu\/wp-json\/wp\/v2\/posts"}],"about":[{"href":"https:\/\/egyuttfejlodunk.hu\/wp-json\/wp\/v2\/types\/post"}],"author":[{"embeddable":true,"href":"https:\/\/egyuttfejlodunk.hu\/wp-json\/wp\/v2\/users\/17"}],"replies":[{"embeddable":true,"href":"https:\/\/egyuttfejlodunk.hu\/wp-json\/wp\/v2\/comments?post=8295"}],"version-history":[{"count":1,"href":"https:\/\/egyuttfejlodunk.hu\/wp-json\/wp\/v2\/posts\/8295\/revisions"}],"predecessor-version":[{"id":8296,"href":"https:\/\/egyuttfejlodunk.hu\/wp-json\/wp\/v2\/posts\/8295\/revisions\/8296"}],"wp:featuredmedia":[{"embeddable":true,"href":"https:\/\/egyuttfejlodunk.hu\/wp-json\/wp\/v2\/media\/8292"}],"wp:attachment":[{"href":"https:\/\/egyuttfejlodunk.hu\/wp-json\/wp\/v2\/media?parent=8295"}],"wp:term":[{"taxonomy":"category","embeddable":true,"href":"https:\/\/egyuttfejlodunk.hu\/wp-json\/wp\/v2\/categories?post=8295"},{"taxonomy":"post_tag","embeddable":true,"href":"https:\/\/egyuttfejlodunk.hu\/wp-json\/wp\/v2\/tags?post=8295"},{"taxonomy":"megye","embeddable":true,"href":"https:\/\/egyuttfejlodunk.hu\/wp-json\/wp\/v2\/megye?post=8295"}],"curies":[{"name":"wp","href":"https:\/\/api.w.org\/{rel}","templated":true}]}}