{"id":8321,"date":"2025-07-02T10:21:27","date_gmt":"2025-07-02T08:21:27","guid":{"rendered":"https:\/\/teszt.s152.mediacenter.hu\/egyuttfejlodunk\/?p=8321"},"modified":"2026-08-31T15:26:42","modified_gmt":"2026-08-31T13:26:42","slug":"paks-uj-uton-elektromos-jarmuvekkel-a-fenntarthato-kozlekedesert","status":"publish","type":"post","link":"https:\/\/egyuttfejlodunk.hu\/?p=8321","title":{"rendered":"Paks \u00faj \u00faton \u2013 elektromos j\u00e1rm\u0171vekkel a fenntarthat\u00f3 k\u00f6zleked\u00e9s\u00e9rt"},"content":{"rendered":"<p><strong>Paks v\u00e1rosa fontos l\u00e9p\u00e9st tett a z\u00f6ld j\u00f6v\u0151 fel\u00e9: egy \u00e1tfog\u00f3 uni\u00f3s fejleszt\u00e9s eredm\u00e9nyek\u00e9nt teljesen meg\u00fajult a helyi k\u00f6z\u00f6ss\u00e9gi k\u00f6zleked\u00e9s, m\u00e9ghozz\u00e1 z\u00e9r\u00f3 emisszi\u00f3s, korszer\u0171 elektromos aut\u00f3buszokkal \u00e9s a m\u0171k\u00f6d\u00e9s\u00fckh\u00f6z sz\u00fcks\u00e9ges modern infrastrukt\u00far\u00e1val. Az innovat\u00edv beruh\u00e1z\u00e1s egyszerre szolg\u00e1lja a k\u00f6rnyezetv\u00e9delmet, az es\u00e9lyegyenl\u0151s\u00e9get \u00e9s az utaz\u00e1si komfortot \u2013 egy \u00e9lhet\u0151bb v\u00e1ros v\u00edzi\u00f3j\u00e1t hozva k\u00f6zelebb a jelenhez.<\/strong><\/p>\n<p>A projekt keret\u00e9ben 6 darab elektromos \u00fczem\u0171 SOLO, valamint 4 darab MIDI t\u00edpus\u00fa aut\u00f3busz \u00e1llt forgalomba. A flotta cser\u00e9je t\u00f6bb szempontb\u00f3l is indokolt volt: egyr\u00e9szt a kor\u00e1bbi d\u00edzel meghajt\u00e1s\u00fa j\u00e1rm\u0171vek magas sz\u00e9n-dioxid-kibocs\u00e1t\u00e1sa jelent\u0151s k\u00f6rnyezeti terhel\u00e9st okozott, m\u00e1sr\u00e9szt a v\u00e1rosr\u00e9szek jobb el\u00e9rhet\u0151s\u00e9g\u00e9t is szem el\u0151tt tartott\u00e1k, a kisebb m\u00e9ret\u0171 MIDI buszok imm\u00e1r a sz\u0171kebb utc\u00e1kba is k\u00f6nnyed\u00e9n be tudnak hajtani.<\/p>\n<p>Az \u00faj j\u00e1rm\u0171vek k\u00e1rosanyag-kibocs\u00e1t\u00e1s n\u00e9lk\u00fcl m\u0171k\u00f6dnek. Az energiaell\u00e1t\u00e1suk is helyi forr\u00e1sb\u00f3l sz\u00e1rmazik: a paksi atomer\u0151m\u0171 zsin\u00f3r\u00e1rama, valamint a naper\u0151m\u0171vek biztos\u00edtj\u00e1k az elektromos \u00e1ramot \u2013 \u00edgy a k\u00f6z\u00f6ss\u00e9gi k\u00f6zleked\u00e9s val\u00f3ban z\u00f6ldd\u00e9 v\u00e1lt. A buszokat a legmodernebb infokommunik\u00e1ci\u00f3s rendszerekkel szerelt\u00e9k fel, akad\u00e1lymentes kialak\u00edt\u00e1suk pedig garant\u00e1lja, hogy minden utas \u2013 \u00e9letkort\u00f3l vagy mozg\u00e1sk\u00e9pess\u00e9gt\u0151l f\u00fcggetlen\u00fcl \u2013 k\u00e9nyelmesen haszn\u00e1lhassa azokat.<\/p>\n<p>A projekt a j\u00e1rm\u0171vek mellett az energiaell\u00e1t\u00e1s korszer\u0171s\u00edt\u00e9s\u00e9re is f\u00f3kusz\u00e1lt: \u00faj t\u00f6lt\u0151\u00e1llom\u00e1sok \u00e9p\u00fcltek, valamint b\u0151v\u00edtett\u00e9k az elektromos h\u00e1l\u00f3zat kapacit\u00e1s\u00e1t, ezzel biztos\u00edtva az elektromos flotta megb\u00edzhat\u00f3 \u00e9s folyamatos m\u0171k\u00f6d\u00e9s\u00e9t.<\/p>\n<p>M\u00e1r a hivatalos bevezet\u00e9s el\u0151tt is fontos tapasztalatokat szerezhettek a paksiak ingyenes pr\u00f3ba\u00fczem keret\u00e9ben: a lakosok els\u0151 k\u00e9zb\u0151l pr\u00f3b\u00e1lhatt\u00e1k ki az elektromos k\u00f6zleked\u00e9s k\u00e9nyelm\u00e9t, csendess\u00e9g\u00e9t \u00e9s korszer\u0171s\u00e9g\u00e9t. A Paksi K\u00f6zleked\u00e9si Kft. ezzel nyitott p\u00e1rbesz\u00e9det a lakoss\u00e1ggal, \u00e9s lehet\u0151s\u00e9get adott az \u00faj rendszer megismer\u00e9s\u00e9re.<\/p>\n<p>Ez a beruh\u00e1z\u00e1s messze t\u00falmutat a technol\u00f3giai fejl\u0151d\u00e9sen: egy z\u00f6ldebb, \u00e9lhet\u0151bb, befogad\u00f3bb v\u00e1rosi k\u00f6rnyezet kialak\u00edt\u00e1s\u00e1nak kulcseleme. Paks ma m\u00e1r a fenntarthat\u00f3 mobilit\u00e1s \u00fatj\u00e1t j\u00e1rja \u2013 ahol a k\u00f6rnyezetv\u00e9delem, a t\u00e1rsadalmi igazs\u00e1goss\u00e1g \u00e9s a modern v\u00e1rosi \u00e9letmin\u0151s\u00e9g nem csup\u00e1n c\u00e9lkit\u0171z\u00e9s, hanem k\u00e9zzelfoghat\u00f3 val\u00f3s\u00e1g.<\/p>\nngg_shortcode_0_placeholder\n<p>A program az IKOP-3.2.0-15-2016-00020 projekt keret\u00e9ben, eur\u00f3pai uni\u00f3s forr\u00e1s bevon\u00e1s\u00e1val val\u00f3sult meg.<\/p>\n<p>Tov\u00e1bbi r\u00e9szletek a t\u00e1mogatott projekt keres\u0151ben:<a class=\"tovabb\" href=\"https:\/\/www.palyazat.gov.hu\/eredmenyek\/tamogatott-projektek\/752420201\" target=\"_blank\" rel=\"noopener\">Tov\u00e1bb<\/a><\/p>\n","protected":false},"excerpt":{"rendered":"<p>Paks v\u00e1rosa fontos l\u00e9p\u00e9st tett a z\u00f6ld j\u00f6v\u0151 fel\u00e9: egy \u00e1tfog\u00f3 uni\u00f3s fejleszt\u00e9s eredm\u00e9nyek\u00e9nt teljesen meg\u00fajult a helyi k\u00f6z\u00f6ss\u00e9gi k\u00f6zleked\u00e9s, m\u00e9ghozz\u00e1 z\u00e9r\u00f3 emisszi\u00f3s, korszer\u0171 elektromos aut\u00f3buszokkal \u00e9s a m\u0171k\u00f6d\u00e9s\u00fckh\u00f6z sz\u00fcks\u00e9ges modern infrastrukt\u00far\u00e1val. Az innovat\u00edv beruh\u00e1z\u00e1s egyszerre szolg\u00e1lja a k\u00f6rnyezetv\u00e9delmet, az es\u00e9lyegyenl\u0151s\u00e9get \u00e9s az utaz\u00e1si komfortot \u2013 egy \u00e9lhet\u0151bb v\u00e1ros v\u00edzi\u00f3j\u00e1t hozva k\u00f6zelebb a jelenhez. A projekt keret\u00e9ben 6 darab elektromos \u00fczem\u0171 SOLO, valamint 4 darab MIDI t\u00edpus\u00fa aut\u00f3busz \u00e1llt forgalomba. A flotta cser\u00e9je t\u00f6bb szempontb\u00f3l&#8230;<\/p>\n","protected":false},"author":17,"featured_media":8322,"comment_status":"closed","ping_status":"closed","sticky":false,"template":"","format":"gallery","meta":{"_acf_changed":false,"ngg_post_thumbnail":0,"footnotes":""},"categories":[159],"tags":[417,615],"megye":[1131],"class_list":["post-8321","post","type-post","status-publish","format-gallery","has-post-thumbnail","hentry","category-ikop-hu","tag-kozlekedesfejlesztes","tag-varosfejlesztes","post_format-post-format-gallery","megye-tolna-megye"],"acf":[],"yoast_head":"<!-- This site is optimized with the Yoast SEO Premium plugin v28.4 (Yoast SEO v28.4) - https:\/\/yoast.com\/product\/yoast-seo-premium-wordpress\/ -->\n<title>Paks \u00faj \u00faton \u2013 elektromos j\u00e1rm\u0171vekkel a fenntarthat\u00f3 k\u00f6zleked\u00e9s\u00e9rt - Egy\u00fctt fejl\u0151d\u00fcnk<\/title>\n<meta name=\"robots\" content=\"noindex, follow, max-snippet:-1, max-image-preview:large, max-video-preview:-1\" \/>\n<meta property=\"og:locale\" content=\"hu_HU\" \/>\n<meta property=\"og:type\" content=\"article\" \/>\n<meta property=\"og:title\" content=\"Paks \u00faj \u00faton \u2013 elektromos j\u00e1rm\u0171vekkel a fenntarthat\u00f3 k\u00f6zleked\u00e9s\u00e9rt\" \/>\n<meta property=\"og:description\" content=\"Paks v\u00e1rosa fontos l\u00e9p\u00e9st tett a z\u00f6ld j\u00f6v\u0151 fel\u00e9: egy \u00e1tfog\u00f3 uni\u00f3s fejleszt\u00e9s eredm\u00e9nyek\u00e9nt teljesen meg\u00fajult a helyi k\u00f6z\u00f6ss\u00e9gi k\u00f6zleked\u00e9s, m\u00e9ghozz\u00e1 z\u00e9r\u00f3 emisszi\u00f3s, korszer\u0171 elektromos aut\u00f3buszokkal \u00e9s a m\u0171k\u00f6d\u00e9s\u00fckh\u00f6z sz\u00fcks\u00e9ges modern infrastrukt\u00far\u00e1val. Az innovat\u00edv beruh\u00e1z\u00e1s egyszerre szolg\u00e1lja a k\u00f6rnyezetv\u00e9delmet, az es\u00e9lyegyenl\u0151s\u00e9get \u00e9s az utaz\u00e1si komfortot \u2013 egy \u00e9lhet\u0151bb v\u00e1ros v\u00edzi\u00f3j\u00e1t hozva k\u00f6zelebb a jelenhez. A projekt keret\u00e9ben 6 darab elektromos \u00fczem\u0171 SOLO, valamint 4 darab MIDI t\u00edpus\u00fa aut\u00f3busz \u00e1llt forgalomba. A flotta cser\u00e9je t\u00f6bb szempontb\u00f3l...\" \/>\n<meta property=\"og:url\" content=\"https:\/\/egyuttfejlodunk.hu\/?p=8321\" \/>\n<meta property=\"og:site_name\" content=\"Egy\u00fctt fejl\u0151d\u00fcnk\" \/>\n<meta property=\"article:published_time\" content=\"2025-07-02T08:21:27+00:00\" \/>\n<meta property=\"article:modified_time\" content=\"2026-08-31T13:26:42+00:00\" \/>\n<meta property=\"og:image\" content=\"https:\/\/egyuttfejlodunk.hu\/wp-content\/uploads\/2025\/06\/IMG_5668_71638546.jpg\" \/>\n\t<meta property=\"og:image:width\" content=\"1920\" \/>\n\t<meta property=\"og:image:height\" content=\"1061\" \/>\n\t<meta property=\"og:image:type\" content=\"image\/jpeg\" \/>\n<meta name=\"author\" content=\"B\u00e1cskai Gabriella\" \/>\n<meta name=\"twitter:card\" content=\"summary_large_image\" \/>\n<meta name=\"twitter:label1\" content=\"Szerz\u0151:\" \/>\n\t<meta name=\"twitter:data1\" content=\"B\u00e1cskai Gabriella\" \/>\n\t<meta name=\"twitter:label2\" content=\"Becs\u00fclt olvas\u00e1si id\u0151\" \/>\n\t<meta name=\"twitter:data2\" content=\"2 perc\" \/>\n<script type=\"application\/ld+json\" class=\"yoast-schema-graph\">{\"@context\":\"https:\\\/\\\/schema.org\",\"@graph\":[{\"@type\":\"Article\",\"@id\":\"https:\\\/\\\/egyuttfejlodunk.hu\\\/?p=8321#article\",\"isPartOf\":{\"@id\":\"https:\\\/\\\/egyuttfejlodunk.hu\\\/?p=8321\"},\"author\":{\"name\":\"B\u00e1cskai Gabriella\",\"@id\":\"https:\\\/\\\/egyuttfejlodunk.hu\\\/#\\\/schema\\\/person\\\/74d5e3661b874eed1958599cd4ca7bbd\"},\"headline\":\"Paks \u00faj \u00faton \u2013 elektromos j\u00e1rm\u0171vekkel a fenntarthat\u00f3 k\u00f6zleked\u00e9s\u00e9rt\",\"datePublished\":\"2025-07-02T08:21:27+00:00\",\"dateModified\":\"2026-08-31T13:26:42+00:00\",\"mainEntityOfPage\":{\"@id\":\"https:\\\/\\\/egyuttfejlodunk.hu\\\/?p=8321\"},\"wordCount\":541,\"publisher\":{\"@id\":\"https:\\\/\\\/egyuttfejlodunk.hu\\\/#organization\"},\"image\":{\"@id\":\"https:\\\/\\\/egyuttfejlodunk.hu\\\/?p=8321#primaryimage\"},\"thumbnailUrl\":\"https:\\\/\\\/egyuttfejlodunk.hu\\\/wp-content\\\/uploads\\\/2025\\\/06\\\/IMG_5668_71638546.jpg\",\"keywords\":[\"k\u00f6zleked\u00e9sfejleszt\u00e9s\",\"v\u00e1rosfejleszt\u00e9s\"],\"articleSection\":[\"Ikop\"],\"inLanguage\":\"hu\"},{\"@type\":\"WebPage\",\"@id\":\"https:\\\/\\\/egyuttfejlodunk.hu\\\/?p=8321\",\"url\":\"https:\\\/\\\/egyuttfejlodunk.hu\\\/?p=8321\",\"name\":\"Paks \u00faj \u00faton \u2013 elektromos j\u00e1rm\u0171vekkel a fenntarthat\u00f3 k\u00f6zleked\u00e9s\u00e9rt - Egy\u00fctt fejl\u0151d\u00fcnk\",\"isPartOf\":{\"@id\":\"https:\\\/\\\/egyuttfejlodunk.hu\\\/#website\"},\"primaryImageOfPage\":{\"@id\":\"https:\\\/\\\/egyuttfejlodunk.hu\\\/?p=8321#primaryimage\"},\"image\":{\"@id\":\"https:\\\/\\\/egyuttfejlodunk.hu\\\/?p=8321#primaryimage\"},\"thumbnailUrl\":\"https:\\\/\\\/egyuttfejlodunk.hu\\\/wp-content\\\/uploads\\\/2025\\\/06\\\/IMG_5668_71638546.jpg\",\"datePublished\":\"2025-07-02T08:21:27+00:00\",\"dateModified\":\"2026-08-31T13:26:42+00:00\",\"breadcrumb\":{\"@id\":\"https:\\\/\\\/egyuttfejlodunk.hu\\\/?p=8321#breadcrumb\"},\"inLanguage\":\"hu\",\"potentialAction\":[{\"@type\":\"ReadAction\",\"target\":[\"https:\\\/\\\/egyuttfejlodunk.hu\\\/?p=8321\"]}]},{\"@type\":\"ImageObject\",\"inLanguage\":\"hu\",\"@id\":\"https:\\\/\\\/egyuttfejlodunk.hu\\\/?p=8321#primaryimage\",\"url\":\"https:\\\/\\\/egyuttfejlodunk.hu\\\/wp-content\\\/uploads\\\/2025\\\/06\\\/IMG_5668_71638546.jpg\",\"contentUrl\":\"https:\\\/\\\/egyuttfejlodunk.hu\\\/wp-content\\\/uploads\\\/2025\\\/06\\\/IMG_5668_71638546.jpg\",\"width\":1920,\"height\":1061},{\"@type\":\"BreadcrumbList\",\"@id\":\"https:\\\/\\\/egyuttfejlodunk.hu\\\/?p=8321#breadcrumb\",\"itemListElement\":[{\"@type\":\"ListItem\",\"position\":1,\"name\":\"Home\",\"item\":\"https:\\\/\\\/egyuttfejlodunk.hu\\\/\"},{\"@type\":\"ListItem\",\"position\":2,\"name\":\"Paks \u00faj \u00faton \u2013 elektromos j\u00e1rm\u0171vekkel a fenntarthat\u00f3 k\u00f6zleked\u00e9s\u00e9rt\"}]},{\"@type\":\"WebSite\",\"@id\":\"https:\\\/\\\/egyuttfejlodunk.hu\\\/#website\",\"url\":\"https:\\\/\\\/egyuttfejlodunk.hu\\\/\",\"name\":\"Egy\u00fctt fejl\u0151d\u00fcnk\",\"description\":\"\",\"publisher\":{\"@id\":\"https:\\\/\\\/egyuttfejlodunk.hu\\\/#organization\"},\"potentialAction\":[{\"@type\":\"SearchAction\",\"target\":{\"@type\":\"EntryPoint\",\"urlTemplate\":\"https:\\\/\\\/egyuttfejlodunk.hu\\\/?s={search_term_string}\"},\"query-input\":{\"@type\":\"PropertyValueSpecification\",\"valueRequired\":true,\"valueName\":\"search_term_string\"}}],\"inLanguage\":\"hu\"},{\"@type\":\"Organization\",\"@id\":\"https:\\\/\\\/egyuttfejlodunk.hu\\\/#organization\",\"name\":\"Egy\u00fctt fejl\u0151d\u00fcnk\",\"url\":\"https:\\\/\\\/egyuttfejlodunk.hu\\\/\",\"logo\":{\"@type\":\"ImageObject\",\"inLanguage\":\"hu\",\"@id\":\"https:\\\/\\\/egyuttfejlodunk.hu\\\/#\\\/schema\\\/logo\\\/image\\\/\",\"url\":\"https:\\\/\\\/egyuttfejlodunk.hu\\\/wp-content\\\/uploads\\\/2026\\\/04\\\/ujlogo.jpg\",\"contentUrl\":\"https:\\\/\\\/egyuttfejlodunk.hu\\\/wp-content\\\/uploads\\\/2026\\\/04\\\/ujlogo.jpg\",\"width\":350,\"height\":110,\"caption\":\"Egy\u00fctt fejl\u0151d\u00fcnk\"},\"image\":{\"@id\":\"https:\\\/\\\/egyuttfejlodunk.hu\\\/#\\\/schema\\\/logo\\\/image\\\/\"}},{\"@type\":\"Person\",\"@id\":\"https:\\\/\\\/egyuttfejlodunk.hu\\\/#\\\/schema\\\/person\\\/74d5e3661b874eed1958599cd4ca7bbd\",\"name\":\"B\u00e1cskai Gabriella\"}]}<\/script>\n<!-- \/ Yoast SEO Premium plugin. -->","yoast_head_json":{"title":"Paks \u00faj \u00faton \u2013 elektromos j\u00e1rm\u0171vekkel a fenntarthat\u00f3 k\u00f6zleked\u00e9s\u00e9rt - Egy\u00fctt fejl\u0151d\u00fcnk","robots":{"index":"noindex","follow":"follow","max-snippet":"max-snippet:-1","max-image-preview":"max-image-preview:large","max-video-preview":"max-video-preview:-1"},"og_locale":"hu_HU","og_type":"article","og_title":"Paks \u00faj \u00faton \u2013 elektromos j\u00e1rm\u0171vekkel a fenntarthat\u00f3 k\u00f6zleked\u00e9s\u00e9rt","og_description":"Paks v\u00e1rosa fontos l\u00e9p\u00e9st tett a z\u00f6ld j\u00f6v\u0151 fel\u00e9: egy \u00e1tfog\u00f3 uni\u00f3s fejleszt\u00e9s eredm\u00e9nyek\u00e9nt teljesen meg\u00fajult a helyi k\u00f6z\u00f6ss\u00e9gi k\u00f6zleked\u00e9s, m\u00e9ghozz\u00e1 z\u00e9r\u00f3 emisszi\u00f3s, korszer\u0171 elektromos aut\u00f3buszokkal \u00e9s a m\u0171k\u00f6d\u00e9s\u00fckh\u00f6z sz\u00fcks\u00e9ges modern infrastrukt\u00far\u00e1val. Az innovat\u00edv beruh\u00e1z\u00e1s egyszerre szolg\u00e1lja a k\u00f6rnyezetv\u00e9delmet, az es\u00e9lyegyenl\u0151s\u00e9get \u00e9s az utaz\u00e1si komfortot \u2013 egy \u00e9lhet\u0151bb v\u00e1ros v\u00edzi\u00f3j\u00e1t hozva k\u00f6zelebb a jelenhez. A projekt keret\u00e9ben 6 darab elektromos \u00fczem\u0171 SOLO, valamint 4 darab MIDI t\u00edpus\u00fa aut\u00f3busz \u00e1llt forgalomba. A flotta cser\u00e9je t\u00f6bb szempontb\u00f3l...","og_url":"https:\/\/egyuttfejlodunk.hu\/?p=8321","og_site_name":"Egy\u00fctt fejl\u0151d\u00fcnk","article_published_time":"2025-07-02T08:21:27+00:00","article_modified_time":"2026-08-31T13:26:42+00:00","og_image":[{"width":1920,"height":1061,"url":"https:\/\/egyuttfejlodunk.hu\/wp-content\/uploads\/2025\/06\/IMG_5668_71638546.jpg","type":"image\/jpeg"}],"author":"B\u00e1cskai Gabriella","twitter_card":"summary_large_image","twitter_misc":{"Szerz\u0151:":"B\u00e1cskai Gabriella","Becs\u00fclt olvas\u00e1si id\u0151":"2 perc"},"schema":{"@context":"https:\/\/schema.org","@graph":[{"@type":"Article","@id":"https:\/\/egyuttfejlodunk.hu\/?p=8321#article","isPartOf":{"@id":"https:\/\/egyuttfejlodunk.hu\/?p=8321"},"author":{"name":"B\u00e1cskai Gabriella","@id":"https:\/\/egyuttfejlodunk.hu\/#\/schema\/person\/74d5e3661b874eed1958599cd4ca7bbd"},"headline":"Paks \u00faj \u00faton \u2013 elektromos j\u00e1rm\u0171vekkel a fenntarthat\u00f3 k\u00f6zleked\u00e9s\u00e9rt","datePublished":"2025-07-02T08:21:27+00:00","dateModified":"2026-08-31T13:26:42+00:00","mainEntityOfPage":{"@id":"https:\/\/egyuttfejlodunk.hu\/?p=8321"},"wordCount":541,"publisher":{"@id":"https:\/\/egyuttfejlodunk.hu\/#organization"},"image":{"@id":"https:\/\/egyuttfejlodunk.hu\/?p=8321#primaryimage"},"thumbnailUrl":"https:\/\/egyuttfejlodunk.hu\/wp-content\/uploads\/2025\/06\/IMG_5668_71638546.jpg","keywords":["k\u00f6zleked\u00e9sfejleszt\u00e9s","v\u00e1rosfejleszt\u00e9s"],"articleSection":["Ikop"],"inLanguage":"hu"},{"@type":"WebPage","@id":"https:\/\/egyuttfejlodunk.hu\/?p=8321","url":"https:\/\/egyuttfejlodunk.hu\/?p=8321","name":"Paks \u00faj \u00faton \u2013 elektromos j\u00e1rm\u0171vekkel a fenntarthat\u00f3 k\u00f6zleked\u00e9s\u00e9rt - Egy\u00fctt fejl\u0151d\u00fcnk","isPartOf":{"@id":"https:\/\/egyuttfejlodunk.hu\/#website"},"primaryImageOfPage":{"@id":"https:\/\/egyuttfejlodunk.hu\/?p=8321#primaryimage"},"image":{"@id":"https:\/\/egyuttfejlodunk.hu\/?p=8321#primaryimage"},"thumbnailUrl":"https:\/\/egyuttfejlodunk.hu\/wp-content\/uploads\/2025\/06\/IMG_5668_71638546.jpg","datePublished":"2025-07-02T08:21:27+00:00","dateModified":"2026-08-31T13:26:42+00:00","breadcrumb":{"@id":"https:\/\/egyuttfejlodunk.hu\/?p=8321#breadcrumb"},"inLanguage":"hu","potentialAction":[{"@type":"ReadAction","target":["https:\/\/egyuttfejlodunk.hu\/?p=8321"]}]},{"@type":"ImageObject","inLanguage":"hu","@id":"https:\/\/egyuttfejlodunk.hu\/?p=8321#primaryimage","url":"https:\/\/egyuttfejlodunk.hu\/wp-content\/uploads\/2025\/06\/IMG_5668_71638546.jpg","contentUrl":"https:\/\/egyuttfejlodunk.hu\/wp-content\/uploads\/2025\/06\/IMG_5668_71638546.jpg","width":1920,"height":1061},{"@type":"BreadcrumbList","@id":"https:\/\/egyuttfejlodunk.hu\/?p=8321#breadcrumb","itemListElement":[{"@type":"ListItem","position":1,"name":"Home","item":"https:\/\/egyuttfejlodunk.hu\/"},{"@type":"ListItem","position":2,"name":"Paks \u00faj \u00faton \u2013 elektromos j\u00e1rm\u0171vekkel a fenntarthat\u00f3 k\u00f6zleked\u00e9s\u00e9rt"}]},{"@type":"WebSite","@id":"https:\/\/egyuttfejlodunk.hu\/#website","url":"https:\/\/egyuttfejlodunk.hu\/","name":"Egy\u00fctt fejl\u0151d\u00fcnk","description":"","publisher":{"@id":"https:\/\/egyuttfejlodunk.hu\/#organization"},"potentialAction":[{"@type":"SearchAction","target":{"@type":"EntryPoint","urlTemplate":"https:\/\/egyuttfejlodunk.hu\/?s={search_term_string}"},"query-input":{"@type":"PropertyValueSpecification","valueRequired":true,"valueName":"search_term_string"}}],"inLanguage":"hu"},{"@type":"Organization","@id":"https:\/\/egyuttfejlodunk.hu\/#organization","name":"Egy\u00fctt fejl\u0151d\u00fcnk","url":"https:\/\/egyuttfejlodunk.hu\/","logo":{"@type":"ImageObject","inLanguage":"hu","@id":"https:\/\/egyuttfejlodunk.hu\/#\/schema\/logo\/image\/","url":"https:\/\/egyuttfejlodunk.hu\/wp-content\/uploads\/2026\/04\/ujlogo.jpg","contentUrl":"https:\/\/egyuttfejlodunk.hu\/wp-content\/uploads\/2026\/04\/ujlogo.jpg","width":350,"height":110,"caption":"Egy\u00fctt fejl\u0151d\u00fcnk"},"image":{"@id":"https:\/\/egyuttfejlodunk.hu\/#\/schema\/logo\/image\/"}},{"@type":"Person","@id":"https:\/\/egyuttfejlodunk.hu\/#\/schema\/person\/74d5e3661b874eed1958599cd4ca7bbd","name":"B\u00e1cskai Gabriella"}]}},"_links":{"self":[{"href":"https:\/\/egyuttfejlodunk.hu\/index.php?rest_route=\/wp\/v2\/posts\/8321","targetHints":{"allow":["GET"]}}],"collection":[{"href":"https:\/\/egyuttfejlodunk.hu\/index.php?rest_route=\/wp\/v2\/posts"}],"about":[{"href":"https:\/\/egyuttfejlodunk.hu\/index.php?rest_route=\/wp\/v2\/types\/post"}],"author":[{"embeddable":true,"href":"https:\/\/egyuttfejlodunk.hu\/index.php?rest_route=\/wp\/v2\/users\/17"}],"replies":[{"embeddable":true,"href":"https:\/\/egyuttfejlodunk.hu\/index.php?rest_route=%2Fwp%2Fv2%2Fcomments&post=8321"}],"version-history":[{"count":3,"href":"https:\/\/egyuttfejlodunk.hu\/index.php?rest_route=\/wp\/v2\/posts\/8321\/revisions"}],"predecessor-version":[{"id":8331,"href":"https:\/\/egyuttfejlodunk.hu\/index.php?rest_route=\/wp\/v2\/posts\/8321\/revisions\/8331"}],"wp:featuredmedia":[{"embeddable":true,"href":"https:\/\/egyuttfejlodunk.hu\/index.php?rest_route=\/wp\/v2\/media\/8322"}],"wp:attachment":[{"href":"https:\/\/egyuttfejlodunk.hu\/index.php?rest_route=%2Fwp%2Fv2%2Fmedia&parent=8321"}],"wp:term":[{"taxonomy":"category","embeddable":true,"href":"https:\/\/egyuttfejlodunk.hu\/index.php?rest_route=%2Fwp%2Fv2%2Fcategories&post=8321"},{"taxonomy":"post_tag","embeddable":true,"href":"https:\/\/egyuttfejlodunk.hu\/index.php?rest_route=%2Fwp%2Fv2%2Ftags&post=8321"},{"taxonomy":"megye","embeddable":true,"href":"https:\/\/egyuttfejlodunk.hu\/index.php?rest_route=%2Fwp%2Fv2%2Fmegye&post=8321"}],"curies":[{"name":"wp","href":"https:\/\/api.w.org\/{rel}","templated":true}]}}