{"id":8704,"date":"2025-08-15T14:25:47","date_gmt":"2025-08-15T12:25:47","guid":{"rendered":"https:\/\/teszt.s152.mediacenter.hu\/egyuttfejlodunk\/?p=8704"},"modified":"2025-08-28T12:56:21","modified_gmt":"2025-08-28T10:56:21","slug":"a-modern-sustainable-and-inclusive-library-opens-in-tiszakurt","status":"publish","type":"post","link":"https:\/\/egyuttfejlodunk.hu\/en\/a-modern-sustainable-and-inclusive-library-opens-in-tiszakurt\/","title":{"rendered":"A modern, sustainable, and inclusive library opens in Tiszak\u00fcrt"},"content":{"rendered":"<p><strong>The library in the village of Tiszak\u00fcrt has undergone a remarkable transformation. As part of a major development project, the building\u2019s energy systems were modernized, the entire roof structure was replaced, and full accessibility was introduced. The project was supported by the European Union under the Sz\u00e9chenyi Plan Plus program.<\/strong><\/p>\n<p>The European Green Deal\u2014Europe\u2019s key climate and energy strategy\u2014focuses on increasing energy efficiency, promoting the use of renewable energy, and reducing carbon emissions. Hungary has committed to cutting its emissions by at least 50% by 2030. The role of electricity in overall energy use is expected to grow, with the aim of replacing fossil fuels with low-emission renewable sources such as solar, wind, biomass, geothermal, and hydropower.<\/p>\n<p>In line with these goals, the outdated, energy-wasting systems in the library were replaced with modern, eco-friendly technologies. The building now operates entirely without gas: hot water is supplied using electricity, and the old gas heaters have been removed. In their place, a new air-to-water heat pump system provides efficient central heating.<\/p>\n<table>\n<tbody>\n<tr>\n<td><span style=\"font-weight: 400;\">Heat pumps are an effective solution for both heating and cooling. They draw energy from external sources like air or soil, requiring much less energy than traditional systems. In heating mode, they extract heat from the environment and transfer it indoors using air or water as the medium.<\/span><\/td>\n<\/tr>\n<\/tbody>\n<\/table>\n<p>Energy efficiency has been further improved with the installation of 18 rooftop solar panels, which now generate a large portion of the building\u2019s electricity needs. These panels provide clean, renewable energy on-site, significantly reducing both operational costs and the library\u2019s carbon footprint.<\/p>\n<p>The modernization also included a complete overhaul of the roof. The old, worn-out slate was replaced with modern tiles and metal elements, improving both the safety and durability of the structure, as well as its appearance.<\/p>\n<p>Accessibility was a key focus of the project. A new barrier-free ramp and parking space were built in the courtyard, and the interior now includes a fully accessible restroom for people with mobility impairments.<\/p>\n<p>This project goes well beyond a simple building renovation. It enhances the quality of local public services and supports long-term sustainability for the community. It also aligns with the development goals of J\u00e1sz-Nagykun-Szolnok County and helps Tiszak\u00fcrt move closer to becoming a model modern rural town.<\/p>\n<p>With support from the TOP Plus program, Hungary is making steady progress toward meeting the EU\u2019s environmental and energy goals, building a greener, more livable future for all.<\/p>\n<p><iframe title=\"Tiszak\u00fcrt k\u00f6nyvt\u00e1r\u00e1nak energetikai korszer\u0171s\u00edt\u00e9se\" width=\"1200\" height=\"675\" src=\"https:\/\/www.youtube.com\/embed\/JTqxUxm7v2s?feature=oembed\" frameborder=\"0\" allow=\"accelerometer; autoplay; clipboard-write; encrypted-media; gyroscope; picture-in-picture; web-share\" referrerpolicy=\"strict-origin-when-cross-origin\" allowfullscreen><\/iframe><\/p>\n<p>The development was implemented from EU funding in the project TOP_PLUSZ-2.1.1-21-JN1-2022-00028 under the Territorial and Settlement Development Operational Program Plus.<\/p>\n<p>Find out more about the project in the Project Finder: Details<\/p>\n","protected":false},"excerpt":{"rendered":"<p>The library in the village of Tiszak\u00fcrt has undergone a remarkable transformation. As part of a major development project, the building\u2019s energy systems were modernized, the entire roof structure was replaced, and full accessibility was introduced. The project was supported by the European Union under the Sz\u00e9chenyi Plan Plus program. The European Green Deal\u2014Europe\u2019s key climate and energy strategy\u2014focuses on increasing energy efficiency, promoting the use of renewable energy, and reducing carbon emissions. Hungary has&#8230;<\/p>\n","protected":false},"author":17,"featured_media":8701,"comment_status":"closed","ping_status":"closed","sticky":false,"template":"","format":"video","meta":{"_acf_changed":false,"ngg_post_thumbnail":0,"footnotes":""},"categories":[382],"tags":[],"megye":[],"class_list":["post-8704","post","type-post","status-publish","format-video","has-post-thumbnail","hentry","category-top-plusz-en","post_format-post-format-video"],"acf":[],"yoast_head":"<!-- This site is optimized with the Yoast SEO Premium plugin v28.4 (Yoast SEO v28.4) - https:\/\/yoast.com\/product\/yoast-seo-premium-wordpress\/ -->\n<title>A modern, sustainable, and inclusive library opens in Tiszak\u00fcrt - Egy\u00fctt fejl\u0151d\u00fcnk<\/title>\n<meta name=\"robots\" content=\"noindex, follow, max-snippet:-1, max-image-preview:large, max-video-preview:-1\" \/>\n<meta property=\"og:locale\" content=\"hu_HU\" \/>\n<meta property=\"og:type\" content=\"article\" \/>\n<meta property=\"og:title\" content=\"A modern, sustainable, and inclusive library opens in Tiszak\u00fcrt\" \/>\n<meta property=\"og:description\" content=\"The library in the village of Tiszak\u00fcrt has undergone a remarkable transformation. As part of a major development project, the building\u2019s energy systems were modernized, the entire roof structure was replaced, and full accessibility was introduced. The project was supported by the European Union under the Sz\u00e9chenyi Plan Plus program. The European Green Deal\u2014Europe\u2019s key climate and energy strategy\u2014focuses on increasing energy efficiency, promoting the use of renewable energy, and reducing carbon emissions. Hungary has...\" \/>\n<meta property=\"og:url\" content=\"https:\/\/egyuttfejlodunk.hu\/en\/a-modern-sustainable-and-inclusive-library-opens-in-tiszakurt\/\" \/>\n<meta property=\"og:site_name\" content=\"Egy\u00fctt fejl\u0151d\u00fcnk\" \/>\n<meta property=\"article:published_time\" content=\"2025-08-15T12:25:47+00:00\" \/>\n<meta property=\"article:modified_time\" content=\"2025-08-28T10:56:21+00:00\" \/>\n<meta property=\"og:image\" content=\"https:\/\/egyuttfejlodunk.hu\/wp-content\/uploads\/2025\/08\/Kommunikacio_1-2.jpg\" \/>\n\t<meta property=\"og:image:width\" content=\"1920\" \/>\n\t<meta property=\"og:image:height\" content=\"1069\" \/>\n\t<meta property=\"og:image:type\" content=\"image\/jpeg\" \/>\n<meta name=\"author\" content=\"B\u00e1cskai Gabriella\" \/>\n<meta name=\"twitter:card\" content=\"summary_large_image\" \/>\n<meta name=\"twitter:label1\" content=\"Szerz\u0151:\" \/>\n\t<meta name=\"twitter:data1\" content=\"B\u00e1cskai Gabriella\" \/>\n\t<meta name=\"twitter:label2\" content=\"Becs\u00fclt olvas\u00e1si id\u0151\" \/>\n\t<meta name=\"twitter:data2\" content=\"2 perc\" \/>\n<script type=\"application\/ld+json\" class=\"yoast-schema-graph\">{\"@context\":\"https:\\\/\\\/schema.org\",\"@graph\":[{\"@type\":\"Article\",\"@id\":\"https:\\\/\\\/egyuttfejlodunk.hu\\\/en\\\/a-modern-sustainable-and-inclusive-library-opens-in-tiszakurt\\\/#article\",\"isPartOf\":{\"@id\":\"https:\\\/\\\/egyuttfejlodunk.hu\\\/en\\\/a-modern-sustainable-and-inclusive-library-opens-in-tiszakurt\\\/\"},\"author\":{\"name\":\"B\u00e1cskai Gabriella\",\"@id\":\"https:\\\/\\\/egyuttfejlodunk.hu\\\/#\\\/schema\\\/person\\\/74d5e3661b874eed1958599cd4ca7bbd\"},\"headline\":\"A modern, sustainable, and inclusive library opens in Tiszak\u00fcrt\",\"datePublished\":\"2025-08-15T12:25:47+00:00\",\"dateModified\":\"2025-08-28T10:56:21+00:00\",\"mainEntityOfPage\":{\"@id\":\"https:\\\/\\\/egyuttfejlodunk.hu\\\/en\\\/a-modern-sustainable-and-inclusive-library-opens-in-tiszakurt\\\/\"},\"wordCount\":463,\"publisher\":{\"@id\":\"https:\\\/\\\/egyuttfejlodunk.hu\\\/#organization\"},\"image\":{\"@id\":\"https:\\\/\\\/egyuttfejlodunk.hu\\\/en\\\/a-modern-sustainable-and-inclusive-library-opens-in-tiszakurt\\\/#primaryimage\"},\"thumbnailUrl\":\"https:\\\/\\\/egyuttfejlodunk.hu\\\/wp-content\\\/uploads\\\/2025\\\/08\\\/Kommunikacio_1-2.jpg\",\"articleSection\":[\"Top plusz\"],\"inLanguage\":\"hu\"},{\"@type\":\"WebPage\",\"@id\":\"https:\\\/\\\/egyuttfejlodunk.hu\\\/en\\\/a-modern-sustainable-and-inclusive-library-opens-in-tiszakurt\\\/\",\"url\":\"https:\\\/\\\/egyuttfejlodunk.hu\\\/en\\\/a-modern-sustainable-and-inclusive-library-opens-in-tiszakurt\\\/\",\"name\":\"A modern, sustainable, and inclusive library opens in Tiszak\u00fcrt - Egy\u00fctt fejl\u0151d\u00fcnk\",\"isPartOf\":{\"@id\":\"https:\\\/\\\/egyuttfejlodunk.hu\\\/#website\"},\"primaryImageOfPage\":{\"@id\":\"https:\\\/\\\/egyuttfejlodunk.hu\\\/en\\\/a-modern-sustainable-and-inclusive-library-opens-in-tiszakurt\\\/#primaryimage\"},\"image\":{\"@id\":\"https:\\\/\\\/egyuttfejlodunk.hu\\\/en\\\/a-modern-sustainable-and-inclusive-library-opens-in-tiszakurt\\\/#primaryimage\"},\"thumbnailUrl\":\"https:\\\/\\\/egyuttfejlodunk.hu\\\/wp-content\\\/uploads\\\/2025\\\/08\\\/Kommunikacio_1-2.jpg\",\"datePublished\":\"2025-08-15T12:25:47+00:00\",\"dateModified\":\"2025-08-28T10:56:21+00:00\",\"breadcrumb\":{\"@id\":\"https:\\\/\\\/egyuttfejlodunk.hu\\\/en\\\/a-modern-sustainable-and-inclusive-library-opens-in-tiszakurt\\\/#breadcrumb\"},\"inLanguage\":\"hu\",\"potentialAction\":[{\"@type\":\"ReadAction\",\"target\":[\"https:\\\/\\\/egyuttfejlodunk.hu\\\/en\\\/a-modern-sustainable-and-inclusive-library-opens-in-tiszakurt\\\/\"]}]},{\"@type\":\"ImageObject\",\"inLanguage\":\"hu\",\"@id\":\"https:\\\/\\\/egyuttfejlodunk.hu\\\/en\\\/a-modern-sustainable-and-inclusive-library-opens-in-tiszakurt\\\/#primaryimage\",\"url\":\"https:\\\/\\\/egyuttfejlodunk.hu\\\/wp-content\\\/uploads\\\/2025\\\/08\\\/Kommunikacio_1-2.jpg\",\"contentUrl\":\"https:\\\/\\\/egyuttfejlodunk.hu\\\/wp-content\\\/uploads\\\/2025\\\/08\\\/Kommunikacio_1-2.jpg\",\"width\":1920,\"height\":1069},{\"@type\":\"BreadcrumbList\",\"@id\":\"https:\\\/\\\/egyuttfejlodunk.hu\\\/en\\\/a-modern-sustainable-and-inclusive-library-opens-in-tiszakurt\\\/#breadcrumb\",\"itemListElement\":[{\"@type\":\"ListItem\",\"position\":1,\"name\":\"Home\",\"item\":\"https:\\\/\\\/egyuttfejlodunk.hu\\\/\"},{\"@type\":\"ListItem\",\"position\":2,\"name\":\"A modern, sustainable, and inclusive library opens in Tiszak\u00fcrt\"}]},{\"@type\":\"WebSite\",\"@id\":\"https:\\\/\\\/egyuttfejlodunk.hu\\\/#website\",\"url\":\"https:\\\/\\\/egyuttfejlodunk.hu\\\/\",\"name\":\"Egy\u00fctt fejl\u0151d\u00fcnk\",\"description\":\"\",\"publisher\":{\"@id\":\"https:\\\/\\\/egyuttfejlodunk.hu\\\/#organization\"},\"potentialAction\":[{\"@type\":\"SearchAction\",\"target\":{\"@type\":\"EntryPoint\",\"urlTemplate\":\"https:\\\/\\\/egyuttfejlodunk.hu\\\/?s={search_term_string}\"},\"query-input\":{\"@type\":\"PropertyValueSpecification\",\"valueRequired\":true,\"valueName\":\"search_term_string\"}}],\"inLanguage\":\"hu\"},{\"@type\":\"Organization\",\"@id\":\"https:\\\/\\\/egyuttfejlodunk.hu\\\/#organization\",\"name\":\"Egy\u00fctt fejl\u0151d\u00fcnk\",\"url\":\"https:\\\/\\\/egyuttfejlodunk.hu\\\/\",\"logo\":{\"@type\":\"ImageObject\",\"inLanguage\":\"hu\",\"@id\":\"https:\\\/\\\/egyuttfejlodunk.hu\\\/#\\\/schema\\\/logo\\\/image\\\/\",\"url\":\"https:\\\/\\\/egyuttfejlodunk.hu\\\/wp-content\\\/uploads\\\/2026\\\/04\\\/ujlogo.jpg\",\"contentUrl\":\"https:\\\/\\\/egyuttfejlodunk.hu\\\/wp-content\\\/uploads\\\/2026\\\/04\\\/ujlogo.jpg\",\"width\":350,\"height\":110,\"caption\":\"Egy\u00fctt fejl\u0151d\u00fcnk\"},\"image\":{\"@id\":\"https:\\\/\\\/egyuttfejlodunk.hu\\\/#\\\/schema\\\/logo\\\/image\\\/\"}},{\"@type\":\"Person\",\"@id\":\"https:\\\/\\\/egyuttfejlodunk.hu\\\/#\\\/schema\\\/person\\\/74d5e3661b874eed1958599cd4ca7bbd\",\"name\":\"B\u00e1cskai Gabriella\"}]}<\/script>\n<!-- \/ Yoast SEO Premium plugin. -->","yoast_head_json":{"title":"A modern, sustainable, and inclusive library opens in Tiszak\u00fcrt - Egy\u00fctt fejl\u0151d\u00fcnk","robots":{"index":"noindex","follow":"follow","max-snippet":"max-snippet:-1","max-image-preview":"max-image-preview:large","max-video-preview":"max-video-preview:-1"},"og_locale":"hu_HU","og_type":"article","og_title":"A modern, sustainable, and inclusive library opens in Tiszak\u00fcrt","og_description":"The library in the village of Tiszak\u00fcrt has undergone a remarkable transformation. As part of a major development project, the building\u2019s energy systems were modernized, the entire roof structure was replaced, and full accessibility was introduced. The project was supported by the European Union under the Sz\u00e9chenyi Plan Plus program. The European Green Deal\u2014Europe\u2019s key climate and energy strategy\u2014focuses on increasing energy efficiency, promoting the use of renewable energy, and reducing carbon emissions. Hungary has...","og_url":"https:\/\/egyuttfejlodunk.hu\/en\/a-modern-sustainable-and-inclusive-library-opens-in-tiszakurt\/","og_site_name":"Egy\u00fctt fejl\u0151d\u00fcnk","article_published_time":"2025-08-15T12:25:47+00:00","article_modified_time":"2025-08-28T10:56:21+00:00","og_image":[{"width":1920,"height":1069,"url":"https:\/\/egyuttfejlodunk.hu\/wp-content\/uploads\/2025\/08\/Kommunikacio_1-2.jpg","type":"image\/jpeg"}],"author":"B\u00e1cskai Gabriella","twitter_card":"summary_large_image","twitter_misc":{"Szerz\u0151:":"B\u00e1cskai Gabriella","Becs\u00fclt olvas\u00e1si id\u0151":"2 perc"},"schema":{"@context":"https:\/\/schema.org","@graph":[{"@type":"Article","@id":"https:\/\/egyuttfejlodunk.hu\/en\/a-modern-sustainable-and-inclusive-library-opens-in-tiszakurt\/#article","isPartOf":{"@id":"https:\/\/egyuttfejlodunk.hu\/en\/a-modern-sustainable-and-inclusive-library-opens-in-tiszakurt\/"},"author":{"name":"B\u00e1cskai Gabriella","@id":"https:\/\/egyuttfejlodunk.hu\/#\/schema\/person\/74d5e3661b874eed1958599cd4ca7bbd"},"headline":"A modern, sustainable, and inclusive library opens in Tiszak\u00fcrt","datePublished":"2025-08-15T12:25:47+00:00","dateModified":"2025-08-28T10:56:21+00:00","mainEntityOfPage":{"@id":"https:\/\/egyuttfejlodunk.hu\/en\/a-modern-sustainable-and-inclusive-library-opens-in-tiszakurt\/"},"wordCount":463,"publisher":{"@id":"https:\/\/egyuttfejlodunk.hu\/#organization"},"image":{"@id":"https:\/\/egyuttfejlodunk.hu\/en\/a-modern-sustainable-and-inclusive-library-opens-in-tiszakurt\/#primaryimage"},"thumbnailUrl":"https:\/\/egyuttfejlodunk.hu\/wp-content\/uploads\/2025\/08\/Kommunikacio_1-2.jpg","articleSection":["Top plusz"],"inLanguage":"hu"},{"@type":"WebPage","@id":"https:\/\/egyuttfejlodunk.hu\/en\/a-modern-sustainable-and-inclusive-library-opens-in-tiszakurt\/","url":"https:\/\/egyuttfejlodunk.hu\/en\/a-modern-sustainable-and-inclusive-library-opens-in-tiszakurt\/","name":"A modern, sustainable, and inclusive library opens in Tiszak\u00fcrt - Egy\u00fctt fejl\u0151d\u00fcnk","isPartOf":{"@id":"https:\/\/egyuttfejlodunk.hu\/#website"},"primaryImageOfPage":{"@id":"https:\/\/egyuttfejlodunk.hu\/en\/a-modern-sustainable-and-inclusive-library-opens-in-tiszakurt\/#primaryimage"},"image":{"@id":"https:\/\/egyuttfejlodunk.hu\/en\/a-modern-sustainable-and-inclusive-library-opens-in-tiszakurt\/#primaryimage"},"thumbnailUrl":"https:\/\/egyuttfejlodunk.hu\/wp-content\/uploads\/2025\/08\/Kommunikacio_1-2.jpg","datePublished":"2025-08-15T12:25:47+00:00","dateModified":"2025-08-28T10:56:21+00:00","breadcrumb":{"@id":"https:\/\/egyuttfejlodunk.hu\/en\/a-modern-sustainable-and-inclusive-library-opens-in-tiszakurt\/#breadcrumb"},"inLanguage":"hu","potentialAction":[{"@type":"ReadAction","target":["https:\/\/egyuttfejlodunk.hu\/en\/a-modern-sustainable-and-inclusive-library-opens-in-tiszakurt\/"]}]},{"@type":"ImageObject","inLanguage":"hu","@id":"https:\/\/egyuttfejlodunk.hu\/en\/a-modern-sustainable-and-inclusive-library-opens-in-tiszakurt\/#primaryimage","url":"https:\/\/egyuttfejlodunk.hu\/wp-content\/uploads\/2025\/08\/Kommunikacio_1-2.jpg","contentUrl":"https:\/\/egyuttfejlodunk.hu\/wp-content\/uploads\/2025\/08\/Kommunikacio_1-2.jpg","width":1920,"height":1069},{"@type":"BreadcrumbList","@id":"https:\/\/egyuttfejlodunk.hu\/en\/a-modern-sustainable-and-inclusive-library-opens-in-tiszakurt\/#breadcrumb","itemListElement":[{"@type":"ListItem","position":1,"name":"Home","item":"https:\/\/egyuttfejlodunk.hu\/"},{"@type":"ListItem","position":2,"name":"A modern, sustainable, and inclusive library opens in Tiszak\u00fcrt"}]},{"@type":"WebSite","@id":"https:\/\/egyuttfejlodunk.hu\/#website","url":"https:\/\/egyuttfejlodunk.hu\/","name":"Egy\u00fctt fejl\u0151d\u00fcnk","description":"","publisher":{"@id":"https:\/\/egyuttfejlodunk.hu\/#organization"},"potentialAction":[{"@type":"SearchAction","target":{"@type":"EntryPoint","urlTemplate":"https:\/\/egyuttfejlodunk.hu\/?s={search_term_string}"},"query-input":{"@type":"PropertyValueSpecification","valueRequired":true,"valueName":"search_term_string"}}],"inLanguage":"hu"},{"@type":"Organization","@id":"https:\/\/egyuttfejlodunk.hu\/#organization","name":"Egy\u00fctt fejl\u0151d\u00fcnk","url":"https:\/\/egyuttfejlodunk.hu\/","logo":{"@type":"ImageObject","inLanguage":"hu","@id":"https:\/\/egyuttfejlodunk.hu\/#\/schema\/logo\/image\/","url":"https:\/\/egyuttfejlodunk.hu\/wp-content\/uploads\/2026\/04\/ujlogo.jpg","contentUrl":"https:\/\/egyuttfejlodunk.hu\/wp-content\/uploads\/2026\/04\/ujlogo.jpg","width":350,"height":110,"caption":"Egy\u00fctt fejl\u0151d\u00fcnk"},"image":{"@id":"https:\/\/egyuttfejlodunk.hu\/#\/schema\/logo\/image\/"}},{"@type":"Person","@id":"https:\/\/egyuttfejlodunk.hu\/#\/schema\/person\/74d5e3661b874eed1958599cd4ca7bbd","name":"B\u00e1cskai Gabriella"}]}},"_links":{"self":[{"href":"https:\/\/egyuttfejlodunk.hu\/wp-json\/wp\/v2\/posts\/8704","targetHints":{"allow":["GET"]}}],"collection":[{"href":"https:\/\/egyuttfejlodunk.hu\/wp-json\/wp\/v2\/posts"}],"about":[{"href":"https:\/\/egyuttfejlodunk.hu\/wp-json\/wp\/v2\/types\/post"}],"author":[{"embeddable":true,"href":"https:\/\/egyuttfejlodunk.hu\/wp-json\/wp\/v2\/users\/17"}],"replies":[{"embeddable":true,"href":"https:\/\/egyuttfejlodunk.hu\/wp-json\/wp\/v2\/comments?post=8704"}],"version-history":[{"count":7,"href":"https:\/\/egyuttfejlodunk.hu\/wp-json\/wp\/v2\/posts\/8704\/revisions"}],"predecessor-version":[{"id":8763,"href":"https:\/\/egyuttfejlodunk.hu\/wp-json\/wp\/v2\/posts\/8704\/revisions\/8763"}],"wp:featuredmedia":[{"embeddable":true,"href":"https:\/\/egyuttfejlodunk.hu\/wp-json\/wp\/v2\/media\/8701"}],"wp:attachment":[{"href":"https:\/\/egyuttfejlodunk.hu\/wp-json\/wp\/v2\/media?parent=8704"}],"wp:term":[{"taxonomy":"category","embeddable":true,"href":"https:\/\/egyuttfejlodunk.hu\/wp-json\/wp\/v2\/categories?post=8704"},{"taxonomy":"post_tag","embeddable":true,"href":"https:\/\/egyuttfejlodunk.hu\/wp-json\/wp\/v2\/tags?post=8704"},{"taxonomy":"megye","embeddable":true,"href":"https:\/\/egyuttfejlodunk.hu\/wp-json\/wp\/v2\/megye?post=8704"}],"curies":[{"name":"wp","href":"https:\/\/api.w.org\/{rel}","templated":true}]}}