{"id":8946,"date":"2025-09-15T14:19:43","date_gmt":"2025-09-15T12:19:43","guid":{"rendered":"https:\/\/teszt.s152.mediacenter.hu\/egyuttfejlodunk\/?p=8946"},"modified":"2025-09-10T14:22:08","modified_gmt":"2025-09-10T12:22:08","slug":"shared-paths-cycling-developments-in-budapest-for-a-sustainable-city","status":"publish","type":"post","link":"https:\/\/egyuttfejlodunk.hu\/?p=8946&lang=en","title":{"rendered":"Shared paths: cycling developments in Budapest for a sustainable city"},"content":{"rendered":"<p><strong>Sustainability is increasingly shaping the future of transport in Budapest. With support from the European Union, the city government and the Budapest Transport Center have been working together to encourage more people to choose walking, cycling, and public transport for their everyday journeys.<\/strong><\/p>\n<p>These improvements aren\u2019t just for \u201ccyclists\u201d or \u201cpedestrians\u201d \u2013 they\u2019re for everyone living in Budapest. After all, city residents might drive one day, cycle the next, and walk the day after. The shared goal is to create a safer, more livable transport environment for all. When more people cycle, there are fewer cars on the roads, reducing congestion and making travel easier and safer for everyone \u2013 including bus riders and pedestrians.<\/p>\n<p>The project, supported by the Competitive Central Hungary Operational Programme, aimed to make urban transport more energy-efficient, safer, and more enjoyable. Priorities included creating continuous transport links, improving travel conditions, and increasing the share of environmentally friendly travel options.<\/p>\n<p>Most of the developments took place in Districts III and XIII, both well-suited for cycling. In District XIII, safer crossings and new cycling routes were introduced along \u00dajpesti and Carl Lutz embankments, V\u00e1ci Road, and the small streets of \u00dajlip\u00f3tv\u00e1ros. Special attention was given to allowing two-way cycling on one-way streets, calming traffic, and redesigning intersections for safety. On V\u00e1ci Road\u2019s service lanes, for example, a 30 km\/h speed limit was introduced to support calmer, safer traffic.<\/p>\n<p>In District III, major upgrades were made around \u00c1rp\u00e1d Fejedelem Road and Fl\u00f3ri\u00e1n Square. New cycle lanes and connections were built to link local housing estates with the wider city network. These developments also play an important role in connecting to the EuroVelo international cycling route, boosting Budapest\u2019s appeal as a cycling tourism destination. Thanks to new links at Sz\u00e9pv\u00f6lgyi Road and \u00dcst\u00f6k\u00f6s Street, northern Buda is now more closely tied to the riverside cycle path along the Danube.<\/p>\n<p>Alongside network improvements, road safety was a key focus. Advanced stop lines for cyclists, new signage and road markings, barrier-free crossings, and upgraded public lighting all contribute to safer, more user-friendly streets.<\/p>\n<p>The developments also fit into the city\u2019s long-term vision. According to the Budapest Mobility Plan, by 2030 sustainable modes of transport should account for 80% of all travel, with cycling making up at least 10%. These investments bring the city closer to that target.<\/p>\n<p>Beyond infrastructure, the project also emphasized changing attitudes. Initiatives such as \u201cbike breakfasts,\u201d school programs, public campaigns, and community events helped make cycling more attractive. For children, the \u201cBike School\u201d and \u201cBike Academy\u201d introduced traffic safety and basic bike maintenance \u2013 planting the idea that cycling is a natural part of everyday life.<\/p>\n<p>The social benefits are clear: more cycling means lower emissions, less traffic, cleaner and quieter neighborhoods, and stronger community life. This project wasn\u2019t just about serving a single group, but about improving life for all residents.<\/p>\n<p>Budapest\u2019s cycling developments are therefore more than just new road markings or construction projects \u2013 they represent a shared vision of a city where everyone can travel safely, quickly, and sustainably, whether by car, by bike, or on foot.<\/p>\nngg_shortcode_0_placeholder\n<p>The development was implemented from EU funding in the project VEKOP-5.3.1.-15-2020-00017 under the Competitive Central Hungary Operational Programme.<\/p>\n<p>Find out more about the project in the Project Finder:<a class=\"tovabb\" href=\"https:\/\/www.palyazat.gov.hu\/eredmenyek\/tamogatott-projektek\/2459730201\" target=\"_blank\" rel=\"noopener\">Details<\/a><\/p>\n","protected":false},"excerpt":{"rendered":"<p>Sustainability is increasingly shaping the future of transport in Budapest. With support from the European Union, the city government and the Budapest Transport Center have been working together to encourage more people to choose walking, cycling, and public transport for their everyday journeys. These improvements aren\u2019t just for \u201ccyclists\u201d or \u201cpedestrians\u201d \u2013 they\u2019re for everyone living in Budapest. After all, city residents might drive one day, cycle the next, and walk the day after. The&#8230;<\/p>\n","protected":false},"author":17,"featured_media":8937,"comment_status":"closed","ping_status":"closed","sticky":false,"template":"","format":"gallery","meta":{"_acf_changed":false,"ngg_post_thumbnail":0,"footnotes":""},"categories":[242],"tags":[],"megye":[],"class_list":["post-8946","post","type-post","status-publish","format-gallery","has-post-thumbnail","hentry","category-vekop-en","post_format-post-format-gallery"],"acf":[],"yoast_head":"<!-- This site is optimized with the Yoast SEO Premium plugin v28.4 (Yoast SEO v28.4) - https:\/\/yoast.com\/product\/yoast-seo-premium-wordpress\/ -->\n<title>Shared paths: cycling developments in Budapest for a sustainable city - Egy\u00fctt fejl\u0151d\u00fcnk<\/title>\n<meta name=\"robots\" content=\"noindex, follow, max-snippet:-1, max-image-preview:large, max-video-preview:-1\" \/>\n<meta property=\"og:locale\" content=\"hu_HU\" \/>\n<meta property=\"og:type\" content=\"article\" \/>\n<meta property=\"og:title\" content=\"Shared paths: cycling developments in Budapest for a sustainable city\" \/>\n<meta property=\"og:description\" content=\"Sustainability is increasingly shaping the future of transport in Budapest. With support from the European Union, the city government and the Budapest Transport Center have been working together to encourage more people to choose walking, cycling, and public transport for their everyday journeys. These improvements aren\u2019t just for \u201ccyclists\u201d or \u201cpedestrians\u201d \u2013 they\u2019re for everyone living in Budapest. After all, city residents might drive one day, cycle the next, and walk the day after. The...\" \/>\n<meta property=\"og:url\" content=\"https:\/\/egyuttfejlodunk.hu\/?p=8946&amp;lang=en\" \/>\n<meta property=\"og:site_name\" content=\"Egy\u00fctt fejl\u0151d\u00fcnk\" \/>\n<meta property=\"article:published_time\" content=\"2025-09-15T12:19:43+00:00\" \/>\n<meta property=\"og:image\" content=\"https:\/\/egyuttfejlodunk.hu\/wp-content\/uploads\/2025\/09\/VEKOP-5.3.1.-15-2020-00017Kerekparosbarat-infrastrukturalis-fejlesztesek14-1.jpg\" \/>\n\t<meta property=\"og:image:width\" content=\"1920\" \/>\n\t<meta property=\"og:image:height\" content=\"934\" \/>\n\t<meta property=\"og:image:type\" content=\"image\/jpeg\" \/>\n<meta name=\"author\" content=\"B\u00e1cskai Gabriella\" \/>\n<meta name=\"twitter:card\" content=\"summary_large_image\" \/>\n<meta name=\"twitter:label1\" content=\"Szerz\u0151:\" \/>\n\t<meta name=\"twitter:data1\" content=\"B\u00e1cskai Gabriella\" \/>\n\t<meta name=\"twitter:label2\" content=\"Becs\u00fclt olvas\u00e1si id\u0151\" \/>\n\t<meta name=\"twitter:data2\" content=\"3 perc\" \/>\n<script type=\"application\/ld+json\" class=\"yoast-schema-graph\">{\"@context\":\"https:\\\/\\\/schema.org\",\"@graph\":[{\"@type\":\"Article\",\"@id\":\"https:\\\/\\\/egyuttfejlodunk.hu\\\/?p=8946&lang=en#article\",\"isPartOf\":{\"@id\":\"https:\\\/\\\/egyuttfejlodunk.hu\\\/?p=8946&lang=en\"},\"author\":{\"name\":\"B\u00e1cskai Gabriella\",\"@id\":\"https:\\\/\\\/egyuttfejlodunk.hu\\\/#\\\/schema\\\/person\\\/74d5e3661b874eed1958599cd4ca7bbd\"},\"headline\":\"Shared paths: cycling developments in Budapest for a sustainable city\",\"datePublished\":\"2025-09-15T12:19:43+00:00\",\"mainEntityOfPage\":{\"@id\":\"https:\\\/\\\/egyuttfejlodunk.hu\\\/?p=8946&lang=en\"},\"wordCount\":575,\"publisher\":{\"@id\":\"https:\\\/\\\/egyuttfejlodunk.hu\\\/#organization\"},\"image\":{\"@id\":\"https:\\\/\\\/egyuttfejlodunk.hu\\\/?p=8946&lang=en#primaryimage\"},\"thumbnailUrl\":\"https:\\\/\\\/egyuttfejlodunk.hu\\\/wp-content\\\/uploads\\\/2025\\\/09\\\/VEKOP-5.3.1.-15-2020-00017Kerekparosbarat-infrastrukturalis-fejlesztesek14-1.jpg\",\"articleSection\":[\"Vekop\"],\"inLanguage\":\"hu\"},{\"@type\":\"WebPage\",\"@id\":\"https:\\\/\\\/egyuttfejlodunk.hu\\\/?p=8946&lang=en\",\"url\":\"https:\\\/\\\/egyuttfejlodunk.hu\\\/?p=8946&lang=en\",\"name\":\"Shared paths: cycling developments in Budapest for a sustainable city - Egy\u00fctt fejl\u0151d\u00fcnk\",\"isPartOf\":{\"@id\":\"https:\\\/\\\/egyuttfejlodunk.hu\\\/#website\"},\"primaryImageOfPage\":{\"@id\":\"https:\\\/\\\/egyuttfejlodunk.hu\\\/?p=8946&lang=en#primaryimage\"},\"image\":{\"@id\":\"https:\\\/\\\/egyuttfejlodunk.hu\\\/?p=8946&lang=en#primaryimage\"},\"thumbnailUrl\":\"https:\\\/\\\/egyuttfejlodunk.hu\\\/wp-content\\\/uploads\\\/2025\\\/09\\\/VEKOP-5.3.1.-15-2020-00017Kerekparosbarat-infrastrukturalis-fejlesztesek14-1.jpg\",\"datePublished\":\"2025-09-15T12:19:43+00:00\",\"breadcrumb\":{\"@id\":\"https:\\\/\\\/egyuttfejlodunk.hu\\\/?p=8946&lang=en#breadcrumb\"},\"inLanguage\":\"hu\",\"potentialAction\":[{\"@type\":\"ReadAction\",\"target\":[\"https:\\\/\\\/egyuttfejlodunk.hu\\\/?p=8946&lang=en\"]}]},{\"@type\":\"ImageObject\",\"inLanguage\":\"hu\",\"@id\":\"https:\\\/\\\/egyuttfejlodunk.hu\\\/?p=8946&lang=en#primaryimage\",\"url\":\"https:\\\/\\\/egyuttfejlodunk.hu\\\/wp-content\\\/uploads\\\/2025\\\/09\\\/VEKOP-5.3.1.-15-2020-00017Kerekparosbarat-infrastrukturalis-fejlesztesek14-1.jpg\",\"contentUrl\":\"https:\\\/\\\/egyuttfejlodunk.hu\\\/wp-content\\\/uploads\\\/2025\\\/09\\\/VEKOP-5.3.1.-15-2020-00017Kerekparosbarat-infrastrukturalis-fejlesztesek14-1.jpg\",\"width\":1920,\"height\":934},{\"@type\":\"BreadcrumbList\",\"@id\":\"https:\\\/\\\/egyuttfejlodunk.hu\\\/?p=8946&lang=en#breadcrumb\",\"itemListElement\":[{\"@type\":\"ListItem\",\"position\":1,\"name\":\"Home\",\"item\":\"https:\\\/\\\/egyuttfejlodunk.hu\\\/\"},{\"@type\":\"ListItem\",\"position\":2,\"name\":\"Shared paths: cycling developments in Budapest for a sustainable city\"}]},{\"@type\":\"WebSite\",\"@id\":\"https:\\\/\\\/egyuttfejlodunk.hu\\\/#website\",\"url\":\"https:\\\/\\\/egyuttfejlodunk.hu\\\/\",\"name\":\"Egy\u00fctt fejl\u0151d\u00fcnk\",\"description\":\"\",\"publisher\":{\"@id\":\"https:\\\/\\\/egyuttfejlodunk.hu\\\/#organization\"},\"potentialAction\":[{\"@type\":\"SearchAction\",\"target\":{\"@type\":\"EntryPoint\",\"urlTemplate\":\"https:\\\/\\\/egyuttfejlodunk.hu\\\/?s={search_term_string}\"},\"query-input\":{\"@type\":\"PropertyValueSpecification\",\"valueRequired\":true,\"valueName\":\"search_term_string\"}}],\"inLanguage\":\"hu\"},{\"@type\":\"Organization\",\"@id\":\"https:\\\/\\\/egyuttfejlodunk.hu\\\/#organization\",\"name\":\"Egy\u00fctt fejl\u0151d\u00fcnk\",\"url\":\"https:\\\/\\\/egyuttfejlodunk.hu\\\/\",\"logo\":{\"@type\":\"ImageObject\",\"inLanguage\":\"hu\",\"@id\":\"https:\\\/\\\/egyuttfejlodunk.hu\\\/#\\\/schema\\\/logo\\\/image\\\/\",\"url\":\"https:\\\/\\\/egyuttfejlodunk.hu\\\/wp-content\\\/uploads\\\/2026\\\/04\\\/ujlogo.jpg\",\"contentUrl\":\"https:\\\/\\\/egyuttfejlodunk.hu\\\/wp-content\\\/uploads\\\/2026\\\/04\\\/ujlogo.jpg\",\"width\":350,\"height\":110,\"caption\":\"Egy\u00fctt fejl\u0151d\u00fcnk\"},\"image\":{\"@id\":\"https:\\\/\\\/egyuttfejlodunk.hu\\\/#\\\/schema\\\/logo\\\/image\\\/\"}},{\"@type\":\"Person\",\"@id\":\"https:\\\/\\\/egyuttfejlodunk.hu\\\/#\\\/schema\\\/person\\\/74d5e3661b874eed1958599cd4ca7bbd\",\"name\":\"B\u00e1cskai Gabriella\"}]}<\/script>\n<!-- \/ Yoast SEO Premium plugin. -->","yoast_head_json":{"title":"Shared paths: cycling developments in Budapest for a sustainable city - Egy\u00fctt fejl\u0151d\u00fcnk","robots":{"index":"noindex","follow":"follow","max-snippet":"max-snippet:-1","max-image-preview":"max-image-preview:large","max-video-preview":"max-video-preview:-1"},"og_locale":"hu_HU","og_type":"article","og_title":"Shared paths: cycling developments in Budapest for a sustainable city","og_description":"Sustainability is increasingly shaping the future of transport in Budapest. With support from the European Union, the city government and the Budapest Transport Center have been working together to encourage more people to choose walking, cycling, and public transport for their everyday journeys. These improvements aren\u2019t just for \u201ccyclists\u201d or \u201cpedestrians\u201d \u2013 they\u2019re for everyone living in Budapest. After all, city residents might drive one day, cycle the next, and walk the day after. The...","og_url":"https:\/\/egyuttfejlodunk.hu\/?p=8946&lang=en","og_site_name":"Egy\u00fctt fejl\u0151d\u00fcnk","article_published_time":"2025-09-15T12:19:43+00:00","og_image":[{"width":1920,"height":934,"url":"https:\/\/egyuttfejlodunk.hu\/wp-content\/uploads\/2025\/09\/VEKOP-5.3.1.-15-2020-00017Kerekparosbarat-infrastrukturalis-fejlesztesek14-1.jpg","type":"image\/jpeg"}],"author":"B\u00e1cskai Gabriella","twitter_card":"summary_large_image","twitter_misc":{"Szerz\u0151:":"B\u00e1cskai Gabriella","Becs\u00fclt olvas\u00e1si id\u0151":"3 perc"},"schema":{"@context":"https:\/\/schema.org","@graph":[{"@type":"Article","@id":"https:\/\/egyuttfejlodunk.hu\/?p=8946&lang=en#article","isPartOf":{"@id":"https:\/\/egyuttfejlodunk.hu\/?p=8946&lang=en"},"author":{"name":"B\u00e1cskai Gabriella","@id":"https:\/\/egyuttfejlodunk.hu\/#\/schema\/person\/74d5e3661b874eed1958599cd4ca7bbd"},"headline":"Shared paths: cycling developments in Budapest for a sustainable city","datePublished":"2025-09-15T12:19:43+00:00","mainEntityOfPage":{"@id":"https:\/\/egyuttfejlodunk.hu\/?p=8946&lang=en"},"wordCount":575,"publisher":{"@id":"https:\/\/egyuttfejlodunk.hu\/#organization"},"image":{"@id":"https:\/\/egyuttfejlodunk.hu\/?p=8946&lang=en#primaryimage"},"thumbnailUrl":"https:\/\/egyuttfejlodunk.hu\/wp-content\/uploads\/2025\/09\/VEKOP-5.3.1.-15-2020-00017Kerekparosbarat-infrastrukturalis-fejlesztesek14-1.jpg","articleSection":["Vekop"],"inLanguage":"hu"},{"@type":"WebPage","@id":"https:\/\/egyuttfejlodunk.hu\/?p=8946&lang=en","url":"https:\/\/egyuttfejlodunk.hu\/?p=8946&lang=en","name":"Shared paths: cycling developments in Budapest for a sustainable city - Egy\u00fctt fejl\u0151d\u00fcnk","isPartOf":{"@id":"https:\/\/egyuttfejlodunk.hu\/#website"},"primaryImageOfPage":{"@id":"https:\/\/egyuttfejlodunk.hu\/?p=8946&lang=en#primaryimage"},"image":{"@id":"https:\/\/egyuttfejlodunk.hu\/?p=8946&lang=en#primaryimage"},"thumbnailUrl":"https:\/\/egyuttfejlodunk.hu\/wp-content\/uploads\/2025\/09\/VEKOP-5.3.1.-15-2020-00017Kerekparosbarat-infrastrukturalis-fejlesztesek14-1.jpg","datePublished":"2025-09-15T12:19:43+00:00","breadcrumb":{"@id":"https:\/\/egyuttfejlodunk.hu\/?p=8946&lang=en#breadcrumb"},"inLanguage":"hu","potentialAction":[{"@type":"ReadAction","target":["https:\/\/egyuttfejlodunk.hu\/?p=8946&lang=en"]}]},{"@type":"ImageObject","inLanguage":"hu","@id":"https:\/\/egyuttfejlodunk.hu\/?p=8946&lang=en#primaryimage","url":"https:\/\/egyuttfejlodunk.hu\/wp-content\/uploads\/2025\/09\/VEKOP-5.3.1.-15-2020-00017Kerekparosbarat-infrastrukturalis-fejlesztesek14-1.jpg","contentUrl":"https:\/\/egyuttfejlodunk.hu\/wp-content\/uploads\/2025\/09\/VEKOP-5.3.1.-15-2020-00017Kerekparosbarat-infrastrukturalis-fejlesztesek14-1.jpg","width":1920,"height":934},{"@type":"BreadcrumbList","@id":"https:\/\/egyuttfejlodunk.hu\/?p=8946&lang=en#breadcrumb","itemListElement":[{"@type":"ListItem","position":1,"name":"Home","item":"https:\/\/egyuttfejlodunk.hu\/"},{"@type":"ListItem","position":2,"name":"Shared paths: cycling developments in Budapest for a sustainable city"}]},{"@type":"WebSite","@id":"https:\/\/egyuttfejlodunk.hu\/#website","url":"https:\/\/egyuttfejlodunk.hu\/","name":"Egy\u00fctt fejl\u0151d\u00fcnk","description":"","publisher":{"@id":"https:\/\/egyuttfejlodunk.hu\/#organization"},"potentialAction":[{"@type":"SearchAction","target":{"@type":"EntryPoint","urlTemplate":"https:\/\/egyuttfejlodunk.hu\/?s={search_term_string}"},"query-input":{"@type":"PropertyValueSpecification","valueRequired":true,"valueName":"search_term_string"}}],"inLanguage":"hu"},{"@type":"Organization","@id":"https:\/\/egyuttfejlodunk.hu\/#organization","name":"Egy\u00fctt fejl\u0151d\u00fcnk","url":"https:\/\/egyuttfejlodunk.hu\/","logo":{"@type":"ImageObject","inLanguage":"hu","@id":"https:\/\/egyuttfejlodunk.hu\/#\/schema\/logo\/image\/","url":"https:\/\/egyuttfejlodunk.hu\/wp-content\/uploads\/2026\/04\/ujlogo.jpg","contentUrl":"https:\/\/egyuttfejlodunk.hu\/wp-content\/uploads\/2026\/04\/ujlogo.jpg","width":350,"height":110,"caption":"Egy\u00fctt fejl\u0151d\u00fcnk"},"image":{"@id":"https:\/\/egyuttfejlodunk.hu\/#\/schema\/logo\/image\/"}},{"@type":"Person","@id":"https:\/\/egyuttfejlodunk.hu\/#\/schema\/person\/74d5e3661b874eed1958599cd4ca7bbd","name":"B\u00e1cskai Gabriella"}]}},"_links":{"self":[{"href":"https:\/\/egyuttfejlodunk.hu\/index.php?rest_route=\/wp\/v2\/posts\/8946","targetHints":{"allow":["GET"]}}],"collection":[{"href":"https:\/\/egyuttfejlodunk.hu\/index.php?rest_route=\/wp\/v2\/posts"}],"about":[{"href":"https:\/\/egyuttfejlodunk.hu\/index.php?rest_route=\/wp\/v2\/types\/post"}],"author":[{"embeddable":true,"href":"https:\/\/egyuttfejlodunk.hu\/index.php?rest_route=\/wp\/v2\/users\/17"}],"replies":[{"embeddable":true,"href":"https:\/\/egyuttfejlodunk.hu\/index.php?rest_route=%2Fwp%2Fv2%2Fcomments&post=8946"}],"version-history":[{"count":2,"href":"https:\/\/egyuttfejlodunk.hu\/index.php?rest_route=\/wp\/v2\/posts\/8946\/revisions"}],"predecessor-version":[{"id":8960,"href":"https:\/\/egyuttfejlodunk.hu\/index.php?rest_route=\/wp\/v2\/posts\/8946\/revisions\/8960"}],"wp:featuredmedia":[{"embeddable":true,"href":"https:\/\/egyuttfejlodunk.hu\/index.php?rest_route=\/wp\/v2\/media\/8937"}],"wp:attachment":[{"href":"https:\/\/egyuttfejlodunk.hu\/index.php?rest_route=%2Fwp%2Fv2%2Fmedia&parent=8946"}],"wp:term":[{"taxonomy":"category","embeddable":true,"href":"https:\/\/egyuttfejlodunk.hu\/index.php?rest_route=%2Fwp%2Fv2%2Fcategories&post=8946"},{"taxonomy":"post_tag","embeddable":true,"href":"https:\/\/egyuttfejlodunk.hu\/index.php?rest_route=%2Fwp%2Fv2%2Ftags&post=8946"},{"taxonomy":"megye","embeddable":true,"href":"https:\/\/egyuttfejlodunk.hu\/index.php?rest_route=%2Fwp%2Fv2%2Fmegye&post=8946"}],"curies":[{"name":"wp","href":"https:\/\/api.w.org\/{rel}","templated":true}]}}