{"id":9065,"date":"2025-10-13T10:15:26","date_gmt":"2025-10-13T08:15:26","guid":{"rendered":"https:\/\/teszt.s152.mediacenter.hu\/egyuttfejlodunk\/?p=9065"},"modified":"2026-08-31T10:00:22","modified_gmt":"2026-08-31T08:00:22","slug":"otthonnal-es-tudassal-az-ujrakezdesert","status":"publish","type":"post","link":"https:\/\/egyuttfejlodunk.hu\/?p=9065","title":{"rendered":"Otthonnal \u00e9s tud\u00e1ssal az \u00fajrakezd\u00e9s\u00e9rt"},"content":{"rendered":"<p><strong>Stabil otthon \u00e9s a biztos munkahely hi\u00e1ny\u00e1ban a t\u00e1rsadalomba val\u00f3 visszailleszked\u00e9s k\u00fcl\u00f6n\u00f6sen neh\u00e9z a hajl\u00e9ktalan emberek sz\u00e1m\u00e1ra. A v\u00e1ltoz\u00e1s els\u0151 l\u00e9p\u00e9seihez elengedhetetlenek azok a lehet\u0151s\u00e9gek, amelyek val\u00f3di alternat\u00edv\u00e1t k\u00edn\u00e1lnak. A Myrai Vall\u00e1si K\u00f6zhaszn\u00fa Egyes\u00fclet uni\u00f3s t\u00e1rsfinansz\u00edroz\u00e1s\u00fa projektje olyan t\u00f6bb pill\u00e9ren nyugv\u00f3 t\u00e1mogat\u00e1st k\u00edn\u00e1lt sz\u00e1mukra, amely j\u00f3 alapot adott az \u00fajrakezd\u00e9shez.<\/strong><\/p>\n<p>Az utc\u00e1n \u00e9l\u0151k t\u00e1rsadalmi reintegr\u00e1ci\u00f3j\u00e1nak kezdeti l\u00e9p\u00e9sek\u00e9nt az egyes\u00fclet \u00f6t, b\u00fatorokkal \u00e9s alapvet\u0151 haszn\u00e1lati t\u00e1rgyakkal felszerelt lak\u00e1st b\u00e9relt \u00e9s biztos\u00edtott a r\u00e1szorul\u00f3k r\u00e9sz\u00e9re Budapesten. A lakhat\u00e1shoz sz\u00fcks\u00e9ges egy\u00e9b t\u00e1rgyakat \u2013 ruh\u00e1k, \u00e1gynem\u0171, t\u00f6r\u00f6lk\u00f6z\u0151 stb. \u2013 adom\u00e1nyokb\u00f3l gy\u0171jt\u00f6tt\u00e9k \u00f6ssze. A berendez\u00e9snek \u00e9s a haszn\u00e1lati t\u00e1rgyaknak k\u00f6sz\u00f6nhet\u0151en a bevont c\u00e9lcsoporti tagok sz\u00e1m\u00e1ra otthonos k\u00f6r\u00fclm\u00e9nyeket tudtak teremteni.<\/p>\n<p>A lakhat\u00e1s mellett kiemelt szerepet kaptak a k\u00e9pz\u00e9sek, amelyek h\u00e1rom f\u0151 ter\u00fcletre koncentr\u00e1ltak: alapfok\u00fa sz\u00e1m\u00edt\u00f3g\u00e9pes ismereteket, munk\u00e1ba l\u00e9p\u00e9st seg\u00edt\u0151 tr\u00e9ninget, valamint \u00f6n\u00e9rdek-\u00e9rv\u00e9nyes\u00edt\u0151 \u00e9s \u00f6nszervez\u0151d\u00e9si k\u00e9szs\u00e9geket fejleszt\u0151 foglalkoz\u00e1sokat tartottak. A k\u00e9pz\u00e9sek kis l\u00e9tsz\u00e1m\u00fa, t\u00edzf\u0151s csoportokban zajlottak, \u00edgy a r\u00e9sztvev\u0151k szem\u00e9lyre szabott oktat\u00e1st kaphattak. A programok egyr\u00e9szt a r\u00e9sztvev\u0151k t\u00e1rsadalmi beilleszked\u00e9s\u00e9t seg\u00edt\u0151 kompetenci\u00e1k fejleszt\u00e9s\u00e9re f\u00f3kusz\u00e1ltak, m\u00e1sr\u00e9szt a tart\u00f3s munkaer\u0151-piaci elhelyezked\u00e9st k\u00edv\u00e1nt\u00e1k el\u0151seg\u00edteni. A tanfolyamok idej\u00e9re meg\u00e9lhet\u00e9si t\u00e1mogat\u00e1st \u00e9s \u00e9tkez\u00e9st is biztos\u00edtottak, hogy az anyagi neh\u00e9zs\u00e9gek senkit se akad\u00e1lyozzanak a r\u00e9szv\u00e9telben.<\/p>\n<p>A projekt fontos r\u00e9sz\u00e9t k\u00e9pezte az is, hogy a r\u00e9sztvev\u0151k ne csak lakhat\u00e1st \u00e9s k\u00e9pz\u00e9st kapjanak, hanem k\u00f6z\u00f6ss\u00e9gi \u00e9lm\u00e9nyekhez is jussanak. \u00d6sszesen \u00f6t alkalommal szerveztek csoportos rendezv\u00e9nyeket, ezeken a c\u00e9lcsoport tagjai, a szakmai st\u00e1b \u00e9s ig\u00e9ny eset\u00e9n csal\u00e1dtagjaik, bar\u00e1taik is r\u00e9szt vettek. A tal\u00e1lkoz\u00e1sok k\u00f6z\u00f6ss\u00e9g\u00e9p\u00edt\u0151 szerepet t\u00f6lt\u00f6ttek be, emellett lehet\u0151s\u00e9get adtak a probl\u00e9m\u00e1k megoszt\u00e1s\u00e1ra \u00e9s k\u00f6z\u00f6s megold\u00e1sok keres\u00e9s\u00e9re is.<\/p>\n<p>Zugl\u00f3ban a lakhat\u00e1s, a k\u00e9pz\u00e9sek, az anyagi seg\u00edts\u00e9g \u00e9s a k\u00f6z\u00f6ss\u00e9gi \u00e9lm\u00e9nyek egy\u00fcttese teremtette meg a v\u00e1ltoz\u00e1s alapjait. A komplex megk\u00f6zel\u00edt\u00e9s ugyanis hat\u00e9konyabbnak bizonyul abban, hogy a hajl\u00e9ktalan emberek hossz\u00fa t\u00e1von is \u00f6n\u00e1ll\u00f3an k\u00e9pesek legyenek fenntartani magukat \u00e9s meg\u0151rizni \u00faj \u00e9lethelyzet\u00fcket.<\/p>\n<p>A program a VEKOP-7.1.5-16-2017-00006 projekt keret\u00e9ben, eur\u00f3pai uni\u00f3s forr\u00e1s bevon\u00e1s\u00e1val val\u00f3sult meg.<\/p>\n<p>Tov\u00e1bbi r\u00e9szletek a t\u00e1mogatott projekt keres\u0151ben:<a class=\"tovabb\" href=\"https:\/\/www.palyazat.gov.hu\/eredmenyek\/tamogatott-projektek\/1439730201\" target=\"_blank\" rel=\"noopener\">Tov\u00e1bb<\/a><\/p>\n","protected":false},"excerpt":{"rendered":"<p>Stabil otthon \u00e9s a biztos munkahely hi\u00e1ny\u00e1ban a t\u00e1rsadalomba val\u00f3 visszailleszked\u00e9s k\u00fcl\u00f6n\u00f6sen neh\u00e9z a hajl\u00e9ktalan emberek sz\u00e1m\u00e1ra. A v\u00e1ltoz\u00e1s els\u0151 l\u00e9p\u00e9seihez elengedhetetlenek azok a lehet\u0151s\u00e9gek, amelyek val\u00f3di alternat\u00edv\u00e1t k\u00edn\u00e1lnak. A Myrai Vall\u00e1si K\u00f6zhaszn\u00fa Egyes\u00fclet uni\u00f3s t\u00e1rsfinansz\u00edroz\u00e1s\u00fa projektje olyan t\u00f6bb pill\u00e9ren nyugv\u00f3 t\u00e1mogat\u00e1st k\u00edn\u00e1lt sz\u00e1mukra, amely j\u00f3 alapot adott az \u00fajrakezd\u00e9shez. Az utc\u00e1n \u00e9l\u0151k t\u00e1rsadalmi reintegr\u00e1ci\u00f3j\u00e1nak kezdeti l\u00e9p\u00e9sek\u00e9nt az egyes\u00fclet \u00f6t, b\u00fatorokkal \u00e9s alapvet\u0151 haszn\u00e1lati t\u00e1rgyakkal felszerelt lak\u00e1st b\u00e9relt \u00e9s biztos\u00edtott a r\u00e1szorul\u00f3k r\u00e9sz\u00e9re Budapesten. A&#8230;<\/p>\n","protected":false},"author":17,"featured_media":9066,"comment_status":"closed","ping_status":"closed","sticky":false,"template":"","format":"standard","meta":{"_acf_changed":false,"ngg_post_thumbnail":0,"footnotes":""},"categories":[176],"tags":[415,425,294],"megye":[1120],"class_list":["post-9065","post","type-post","status-publish","format-standard","has-post-thumbnail","hentry","category-vekop-hu","tag-eselyteremtes","tag-gondoskodo-tarsadalom","tag-szocialisellatas-hu","megye-budapest"],"acf":[],"yoast_head":"<!-- This site is optimized with the Yoast SEO Premium plugin v28.4 (Yoast SEO v28.4) - https:\/\/yoast.com\/product\/yoast-seo-premium-wordpress\/ -->\n<title>Otthonnal \u00e9s tud\u00e1ssal az \u00fajrakezd\u00e9s\u00e9rt - Egy\u00fctt fejl\u0151d\u00fcnk<\/title>\n<meta name=\"robots\" content=\"noindex, follow, max-snippet:-1, max-image-preview:large, max-video-preview:-1\" \/>\n<meta property=\"og:locale\" content=\"hu_HU\" \/>\n<meta property=\"og:type\" content=\"article\" \/>\n<meta property=\"og:title\" content=\"Otthonnal \u00e9s tud\u00e1ssal az \u00fajrakezd\u00e9s\u00e9rt\" \/>\n<meta property=\"og:description\" content=\"Stabil otthon \u00e9s a biztos munkahely hi\u00e1ny\u00e1ban a t\u00e1rsadalomba val\u00f3 visszailleszked\u00e9s k\u00fcl\u00f6n\u00f6sen neh\u00e9z a hajl\u00e9ktalan emberek sz\u00e1m\u00e1ra. A v\u00e1ltoz\u00e1s els\u0151 l\u00e9p\u00e9seihez elengedhetetlenek azok a lehet\u0151s\u00e9gek, amelyek val\u00f3di alternat\u00edv\u00e1t k\u00edn\u00e1lnak. A Myrai Vall\u00e1si K\u00f6zhaszn\u00fa Egyes\u00fclet uni\u00f3s t\u00e1rsfinansz\u00edroz\u00e1s\u00fa projektje olyan t\u00f6bb pill\u00e9ren nyugv\u00f3 t\u00e1mogat\u00e1st k\u00edn\u00e1lt sz\u00e1mukra, amely j\u00f3 alapot adott az \u00fajrakezd\u00e9shez. Az utc\u00e1n \u00e9l\u0151k t\u00e1rsadalmi reintegr\u00e1ci\u00f3j\u00e1nak kezdeti l\u00e9p\u00e9sek\u00e9nt az egyes\u00fclet \u00f6t, b\u00fatorokkal \u00e9s alapvet\u0151 haszn\u00e1lati t\u00e1rgyakkal felszerelt lak\u00e1st b\u00e9relt \u00e9s biztos\u00edtott a r\u00e1szorul\u00f3k r\u00e9sz\u00e9re Budapesten. A...\" \/>\n<meta property=\"og:url\" content=\"https:\/\/egyuttfejlodunk.hu\/?p=9065\" \/>\n<meta property=\"og:site_name\" content=\"Egy\u00fctt fejl\u0151d\u00fcnk\" \/>\n<meta property=\"article:published_time\" content=\"2025-10-13T08:15:26+00:00\" \/>\n<meta property=\"article:modified_time\" content=\"2026-08-31T08:00:22+00:00\" \/>\n<meta property=\"og:image\" content=\"https:\/\/egyuttfejlodunk.hu\/wp-content\/uploads\/2025\/09\/pexels-mcray-12643552.jpg\" \/>\n\t<meta property=\"og:image:width\" content=\"1920\" \/>\n\t<meta property=\"og:image:height\" content=\"1115\" \/>\n\t<meta property=\"og:image:type\" content=\"image\/jpeg\" \/>\n<meta name=\"author\" content=\"B\u00e1cskai Gabriella\" \/>\n<meta name=\"twitter:card\" content=\"summary_large_image\" \/>\n<meta name=\"twitter:label1\" content=\"Szerz\u0151:\" \/>\n\t<meta name=\"twitter:data1\" content=\"B\u00e1cskai Gabriella\" \/>\n\t<meta name=\"twitter:label2\" content=\"Becs\u00fclt olvas\u00e1si id\u0151\" \/>\n\t<meta name=\"twitter:data2\" content=\"2 perc\" \/>\n<script type=\"application\/ld+json\" class=\"yoast-schema-graph\">{\"@context\":\"https:\\\/\\\/schema.org\",\"@graph\":[{\"@type\":\"Article\",\"@id\":\"https:\\\/\\\/egyuttfejlodunk.hu\\\/?p=9065#article\",\"isPartOf\":{\"@id\":\"https:\\\/\\\/egyuttfejlodunk.hu\\\/?p=9065\"},\"author\":{\"name\":\"B\u00e1cskai Gabriella\",\"@id\":\"https:\\\/\\\/egyuttfejlodunk.hu\\\/#\\\/schema\\\/person\\\/74d5e3661b874eed1958599cd4ca7bbd\"},\"headline\":\"Otthonnal \u00e9s tud\u00e1ssal az \u00fajrakezd\u00e9s\u00e9rt\",\"datePublished\":\"2025-10-13T08:15:26+00:00\",\"dateModified\":\"2026-08-31T08:00:22+00:00\",\"mainEntityOfPage\":{\"@id\":\"https:\\\/\\\/egyuttfejlodunk.hu\\\/?p=9065\"},\"wordCount\":537,\"publisher\":{\"@id\":\"https:\\\/\\\/egyuttfejlodunk.hu\\\/#organization\"},\"image\":{\"@id\":\"https:\\\/\\\/egyuttfejlodunk.hu\\\/?p=9065#primaryimage\"},\"thumbnailUrl\":\"https:\\\/\\\/egyuttfejlodunk.hu\\\/wp-content\\\/uploads\\\/2025\\\/09\\\/pexels-mcray-12643552.jpg\",\"keywords\":[\"es\u00e9lyteremt\u00e9s\",\"gondoskod\u00f3 t\u00e1rsadalom\",\"Szoci\u00e1lis ell\u00e1t\u00e1s\"],\"articleSection\":[\"Vekop\"],\"inLanguage\":\"hu\"},{\"@type\":\"WebPage\",\"@id\":\"https:\\\/\\\/egyuttfejlodunk.hu\\\/?p=9065\",\"url\":\"https:\\\/\\\/egyuttfejlodunk.hu\\\/?p=9065\",\"name\":\"Otthonnal \u00e9s tud\u00e1ssal az \u00fajrakezd\u00e9s\u00e9rt - Egy\u00fctt fejl\u0151d\u00fcnk\",\"isPartOf\":{\"@id\":\"https:\\\/\\\/egyuttfejlodunk.hu\\\/#website\"},\"primaryImageOfPage\":{\"@id\":\"https:\\\/\\\/egyuttfejlodunk.hu\\\/?p=9065#primaryimage\"},\"image\":{\"@id\":\"https:\\\/\\\/egyuttfejlodunk.hu\\\/?p=9065#primaryimage\"},\"thumbnailUrl\":\"https:\\\/\\\/egyuttfejlodunk.hu\\\/wp-content\\\/uploads\\\/2025\\\/09\\\/pexels-mcray-12643552.jpg\",\"datePublished\":\"2025-10-13T08:15:26+00:00\",\"dateModified\":\"2026-08-31T08:00:22+00:00\",\"breadcrumb\":{\"@id\":\"https:\\\/\\\/egyuttfejlodunk.hu\\\/?p=9065#breadcrumb\"},\"inLanguage\":\"hu\",\"potentialAction\":[{\"@type\":\"ReadAction\",\"target\":[\"https:\\\/\\\/egyuttfejlodunk.hu\\\/?p=9065\"]}]},{\"@type\":\"ImageObject\",\"inLanguage\":\"hu\",\"@id\":\"https:\\\/\\\/egyuttfejlodunk.hu\\\/?p=9065#primaryimage\",\"url\":\"https:\\\/\\\/egyuttfejlodunk.hu\\\/wp-content\\\/uploads\\\/2025\\\/09\\\/pexels-mcray-12643552.jpg\",\"contentUrl\":\"https:\\\/\\\/egyuttfejlodunk.hu\\\/wp-content\\\/uploads\\\/2025\\\/09\\\/pexels-mcray-12643552.jpg\",\"width\":1920,\"height\":1115},{\"@type\":\"BreadcrumbList\",\"@id\":\"https:\\\/\\\/egyuttfejlodunk.hu\\\/?p=9065#breadcrumb\",\"itemListElement\":[{\"@type\":\"ListItem\",\"position\":1,\"name\":\"Home\",\"item\":\"https:\\\/\\\/egyuttfejlodunk.hu\\\/\"},{\"@type\":\"ListItem\",\"position\":2,\"name\":\"Otthonnal \u00e9s tud\u00e1ssal az \u00fajrakezd\u00e9s\u00e9rt\"}]},{\"@type\":\"WebSite\",\"@id\":\"https:\\\/\\\/egyuttfejlodunk.hu\\\/#website\",\"url\":\"https:\\\/\\\/egyuttfejlodunk.hu\\\/\",\"name\":\"Egy\u00fctt fejl\u0151d\u00fcnk\",\"description\":\"\",\"publisher\":{\"@id\":\"https:\\\/\\\/egyuttfejlodunk.hu\\\/#organization\"},\"potentialAction\":[{\"@type\":\"SearchAction\",\"target\":{\"@type\":\"EntryPoint\",\"urlTemplate\":\"https:\\\/\\\/egyuttfejlodunk.hu\\\/?s={search_term_string}\"},\"query-input\":{\"@type\":\"PropertyValueSpecification\",\"valueRequired\":true,\"valueName\":\"search_term_string\"}}],\"inLanguage\":\"hu\"},{\"@type\":\"Organization\",\"@id\":\"https:\\\/\\\/egyuttfejlodunk.hu\\\/#organization\",\"name\":\"Egy\u00fctt fejl\u0151d\u00fcnk\",\"url\":\"https:\\\/\\\/egyuttfejlodunk.hu\\\/\",\"logo\":{\"@type\":\"ImageObject\",\"inLanguage\":\"hu\",\"@id\":\"https:\\\/\\\/egyuttfejlodunk.hu\\\/#\\\/schema\\\/logo\\\/image\\\/\",\"url\":\"https:\\\/\\\/egyuttfejlodunk.hu\\\/wp-content\\\/uploads\\\/2026\\\/04\\\/ujlogo.jpg\",\"contentUrl\":\"https:\\\/\\\/egyuttfejlodunk.hu\\\/wp-content\\\/uploads\\\/2026\\\/04\\\/ujlogo.jpg\",\"width\":350,\"height\":110,\"caption\":\"Egy\u00fctt fejl\u0151d\u00fcnk\"},\"image\":{\"@id\":\"https:\\\/\\\/egyuttfejlodunk.hu\\\/#\\\/schema\\\/logo\\\/image\\\/\"}},{\"@type\":\"Person\",\"@id\":\"https:\\\/\\\/egyuttfejlodunk.hu\\\/#\\\/schema\\\/person\\\/74d5e3661b874eed1958599cd4ca7bbd\",\"name\":\"B\u00e1cskai Gabriella\"}]}<\/script>\n<!-- \/ Yoast SEO Premium plugin. -->","yoast_head_json":{"title":"Otthonnal \u00e9s tud\u00e1ssal az \u00fajrakezd\u00e9s\u00e9rt - Egy\u00fctt fejl\u0151d\u00fcnk","robots":{"index":"noindex","follow":"follow","max-snippet":"max-snippet:-1","max-image-preview":"max-image-preview:large","max-video-preview":"max-video-preview:-1"},"og_locale":"hu_HU","og_type":"article","og_title":"Otthonnal \u00e9s tud\u00e1ssal az \u00fajrakezd\u00e9s\u00e9rt","og_description":"Stabil otthon \u00e9s a biztos munkahely hi\u00e1ny\u00e1ban a t\u00e1rsadalomba val\u00f3 visszailleszked\u00e9s k\u00fcl\u00f6n\u00f6sen neh\u00e9z a hajl\u00e9ktalan emberek sz\u00e1m\u00e1ra. A v\u00e1ltoz\u00e1s els\u0151 l\u00e9p\u00e9seihez elengedhetetlenek azok a lehet\u0151s\u00e9gek, amelyek val\u00f3di alternat\u00edv\u00e1t k\u00edn\u00e1lnak. A Myrai Vall\u00e1si K\u00f6zhaszn\u00fa Egyes\u00fclet uni\u00f3s t\u00e1rsfinansz\u00edroz\u00e1s\u00fa projektje olyan t\u00f6bb pill\u00e9ren nyugv\u00f3 t\u00e1mogat\u00e1st k\u00edn\u00e1lt sz\u00e1mukra, amely j\u00f3 alapot adott az \u00fajrakezd\u00e9shez. Az utc\u00e1n \u00e9l\u0151k t\u00e1rsadalmi reintegr\u00e1ci\u00f3j\u00e1nak kezdeti l\u00e9p\u00e9sek\u00e9nt az egyes\u00fclet \u00f6t, b\u00fatorokkal \u00e9s alapvet\u0151 haszn\u00e1lati t\u00e1rgyakkal felszerelt lak\u00e1st b\u00e9relt \u00e9s biztos\u00edtott a r\u00e1szorul\u00f3k r\u00e9sz\u00e9re Budapesten. A...","og_url":"https:\/\/egyuttfejlodunk.hu\/?p=9065","og_site_name":"Egy\u00fctt fejl\u0151d\u00fcnk","article_published_time":"2025-10-13T08:15:26+00:00","article_modified_time":"2026-08-31T08:00:22+00:00","og_image":[{"width":1920,"height":1115,"url":"https:\/\/egyuttfejlodunk.hu\/wp-content\/uploads\/2025\/09\/pexels-mcray-12643552.jpg","type":"image\/jpeg"}],"author":"B\u00e1cskai Gabriella","twitter_card":"summary_large_image","twitter_misc":{"Szerz\u0151:":"B\u00e1cskai Gabriella","Becs\u00fclt olvas\u00e1si id\u0151":"2 perc"},"schema":{"@context":"https:\/\/schema.org","@graph":[{"@type":"Article","@id":"https:\/\/egyuttfejlodunk.hu\/?p=9065#article","isPartOf":{"@id":"https:\/\/egyuttfejlodunk.hu\/?p=9065"},"author":{"name":"B\u00e1cskai Gabriella","@id":"https:\/\/egyuttfejlodunk.hu\/#\/schema\/person\/74d5e3661b874eed1958599cd4ca7bbd"},"headline":"Otthonnal \u00e9s tud\u00e1ssal az \u00fajrakezd\u00e9s\u00e9rt","datePublished":"2025-10-13T08:15:26+00:00","dateModified":"2026-08-31T08:00:22+00:00","mainEntityOfPage":{"@id":"https:\/\/egyuttfejlodunk.hu\/?p=9065"},"wordCount":537,"publisher":{"@id":"https:\/\/egyuttfejlodunk.hu\/#organization"},"image":{"@id":"https:\/\/egyuttfejlodunk.hu\/?p=9065#primaryimage"},"thumbnailUrl":"https:\/\/egyuttfejlodunk.hu\/wp-content\/uploads\/2025\/09\/pexels-mcray-12643552.jpg","keywords":["es\u00e9lyteremt\u00e9s","gondoskod\u00f3 t\u00e1rsadalom","Szoci\u00e1lis ell\u00e1t\u00e1s"],"articleSection":["Vekop"],"inLanguage":"hu"},{"@type":"WebPage","@id":"https:\/\/egyuttfejlodunk.hu\/?p=9065","url":"https:\/\/egyuttfejlodunk.hu\/?p=9065","name":"Otthonnal \u00e9s tud\u00e1ssal az \u00fajrakezd\u00e9s\u00e9rt - Egy\u00fctt fejl\u0151d\u00fcnk","isPartOf":{"@id":"https:\/\/egyuttfejlodunk.hu\/#website"},"primaryImageOfPage":{"@id":"https:\/\/egyuttfejlodunk.hu\/?p=9065#primaryimage"},"image":{"@id":"https:\/\/egyuttfejlodunk.hu\/?p=9065#primaryimage"},"thumbnailUrl":"https:\/\/egyuttfejlodunk.hu\/wp-content\/uploads\/2025\/09\/pexels-mcray-12643552.jpg","datePublished":"2025-10-13T08:15:26+00:00","dateModified":"2026-08-31T08:00:22+00:00","breadcrumb":{"@id":"https:\/\/egyuttfejlodunk.hu\/?p=9065#breadcrumb"},"inLanguage":"hu","potentialAction":[{"@type":"ReadAction","target":["https:\/\/egyuttfejlodunk.hu\/?p=9065"]}]},{"@type":"ImageObject","inLanguage":"hu","@id":"https:\/\/egyuttfejlodunk.hu\/?p=9065#primaryimage","url":"https:\/\/egyuttfejlodunk.hu\/wp-content\/uploads\/2025\/09\/pexels-mcray-12643552.jpg","contentUrl":"https:\/\/egyuttfejlodunk.hu\/wp-content\/uploads\/2025\/09\/pexels-mcray-12643552.jpg","width":1920,"height":1115},{"@type":"BreadcrumbList","@id":"https:\/\/egyuttfejlodunk.hu\/?p=9065#breadcrumb","itemListElement":[{"@type":"ListItem","position":1,"name":"Home","item":"https:\/\/egyuttfejlodunk.hu\/"},{"@type":"ListItem","position":2,"name":"Otthonnal \u00e9s tud\u00e1ssal az \u00fajrakezd\u00e9s\u00e9rt"}]},{"@type":"WebSite","@id":"https:\/\/egyuttfejlodunk.hu\/#website","url":"https:\/\/egyuttfejlodunk.hu\/","name":"Egy\u00fctt fejl\u0151d\u00fcnk","description":"","publisher":{"@id":"https:\/\/egyuttfejlodunk.hu\/#organization"},"potentialAction":[{"@type":"SearchAction","target":{"@type":"EntryPoint","urlTemplate":"https:\/\/egyuttfejlodunk.hu\/?s={search_term_string}"},"query-input":{"@type":"PropertyValueSpecification","valueRequired":true,"valueName":"search_term_string"}}],"inLanguage":"hu"},{"@type":"Organization","@id":"https:\/\/egyuttfejlodunk.hu\/#organization","name":"Egy\u00fctt fejl\u0151d\u00fcnk","url":"https:\/\/egyuttfejlodunk.hu\/","logo":{"@type":"ImageObject","inLanguage":"hu","@id":"https:\/\/egyuttfejlodunk.hu\/#\/schema\/logo\/image\/","url":"https:\/\/egyuttfejlodunk.hu\/wp-content\/uploads\/2026\/04\/ujlogo.jpg","contentUrl":"https:\/\/egyuttfejlodunk.hu\/wp-content\/uploads\/2026\/04\/ujlogo.jpg","width":350,"height":110,"caption":"Egy\u00fctt fejl\u0151d\u00fcnk"},"image":{"@id":"https:\/\/egyuttfejlodunk.hu\/#\/schema\/logo\/image\/"}},{"@type":"Person","@id":"https:\/\/egyuttfejlodunk.hu\/#\/schema\/person\/74d5e3661b874eed1958599cd4ca7bbd","name":"B\u00e1cskai Gabriella"}]}},"_links":{"self":[{"href":"https:\/\/egyuttfejlodunk.hu\/index.php?rest_route=\/wp\/v2\/posts\/9065","targetHints":{"allow":["GET"]}}],"collection":[{"href":"https:\/\/egyuttfejlodunk.hu\/index.php?rest_route=\/wp\/v2\/posts"}],"about":[{"href":"https:\/\/egyuttfejlodunk.hu\/index.php?rest_route=\/wp\/v2\/types\/post"}],"author":[{"embeddable":true,"href":"https:\/\/egyuttfejlodunk.hu\/index.php?rest_route=\/wp\/v2\/users\/17"}],"replies":[{"embeddable":true,"href":"https:\/\/egyuttfejlodunk.hu\/index.php?rest_route=%2Fwp%2Fv2%2Fcomments&post=9065"}],"version-history":[{"count":2,"href":"https:\/\/egyuttfejlodunk.hu\/index.php?rest_route=\/wp\/v2\/posts\/9065\/revisions"}],"predecessor-version":[{"id":9240,"href":"https:\/\/egyuttfejlodunk.hu\/index.php?rest_route=\/wp\/v2\/posts\/9065\/revisions\/9240"}],"wp:featuredmedia":[{"embeddable":true,"href":"https:\/\/egyuttfejlodunk.hu\/index.php?rest_route=\/wp\/v2\/media\/9066"}],"wp:attachment":[{"href":"https:\/\/egyuttfejlodunk.hu\/index.php?rest_route=%2Fwp%2Fv2%2Fmedia&parent=9065"}],"wp:term":[{"taxonomy":"category","embeddable":true,"href":"https:\/\/egyuttfejlodunk.hu\/index.php?rest_route=%2Fwp%2Fv2%2Fcategories&post=9065"},{"taxonomy":"post_tag","embeddable":true,"href":"https:\/\/egyuttfejlodunk.hu\/index.php?rest_route=%2Fwp%2Fv2%2Ftags&post=9065"},{"taxonomy":"megye","embeddable":true,"href":"https:\/\/egyuttfejlodunk.hu\/index.php?rest_route=%2Fwp%2Fv2%2Fmegye&post=9065"}],"curies":[{"name":"wp","href":"https:\/\/api.w.org\/{rel}","templated":true}]}}