{"id":9215,"date":"2025-10-21T13:29:23","date_gmt":"2025-10-21T11:29:23","guid":{"rendered":"https:\/\/teszt.s152.mediacenter.hu\/egyuttfejlodunk\/?p=9215"},"modified":"2025-10-18T13:32:19","modified_gmt":"2025-10-18T11:32:19","slug":"the-power-of-personal-connections-job-fair-in-kecskemet","status":"publish","type":"post","link":"https:\/\/egyuttfejlodunk.hu\/en\/the-power-of-personal-connections-job-fair-in-kecskemet\/","title":{"rendered":"The power of personal connections: job fair in Kecskem\u00e9t"},"content":{"rendered":"<p><strong>For the 29th consecutive year, the traditional autumn Job Fair organized by The District Office of Kecskem\u00e9t\u2019s Employment Department has helped job seekers and employers connect with one another.<\/strong><\/p>\n<p>On Friday, September 26, the venue was buzzing with activity as job seekers, students, recent graduates, and experienced professionals all came to explore new career opportunities.<\/p>\n<p>The event was held as part of the GINOP_Plus-3.1.1-23 \u201cExpanding and Developing the Labour Supply\u201d program, co-financed by the European Union, with a national budget of more than HUF 78 billion. As a key pillar project, it contributes to achieving the objectives set under the Economic Development and Innovation Operational Programme Plus Sustainable Labour Market Priority, supporting job placement and skills development for job seekers across the country.<\/p>\n<p>A total of 23 exhibitors participated in the fair, including 21 employers and 2 training institutions, while the number of visitors exceeded 550. Companies were looking to fill around 70 different positions, offering more than 450 job opportunities across a wide range of sectors\u2014from skilled trades to manual labor and graduate-level roles.<\/p>\n<p>The B\u00e1cs-Kiskun County Government Office was present not only as an organizer but also as an exhibitor, providing information on available support programs and job openings within the office. The Kecskem\u00e9t Vocational Training Center and John von Neumann University informed visitors about adult education and training opportunities.<\/p>\n<p>Among the employers, representatives from the metalworking, machinery, automotive, electronics, and food industries were present, alongside the defense and law enforcement sectors.<\/p>\n<p>Once again, the Kecskem\u00e9t Job Fair proved that personal meetings and direct dialogue remain the most effective way to bridge the gap between labor market demand and supply.<\/p>\n","protected":false},"excerpt":{"rendered":"<p>For the 29th consecutive year, the traditional autumn Job Fair organized by The District Office of Kecskem\u00e9t\u2019s Employment Department has helped job seekers and employers connect with one another. On Friday, September 26, the venue was buzzing with activity as job seekers, students, recent graduates, and experienced professionals all came to explore new career opportunities. The event was held as part of the GINOP_Plus-3.1.1-23 \u201cExpanding and Developing the Labour Supply\u201d program, co-financed by the European&#8230;<\/p>\n","protected":false},"author":17,"featured_media":9214,"comment_status":"closed","ping_status":"closed","sticky":false,"template":"","format":"standard","meta":{"_acf_changed":false,"ngg_post_thumbnail":0,"footnotes":""},"categories":[799],"tags":[],"megye":[],"class_list":["post-9215","post","type-post","status-publish","format-standard","has-post-thumbnail","hentry","category-szechenyi-plusz-osi-en"],"acf":[],"yoast_head":"<!-- This site is optimized with the Yoast SEO Premium plugin v28.4 (Yoast SEO v28.4) - https:\/\/yoast.com\/product\/yoast-seo-premium-wordpress\/ -->\n<title>The power of personal connections: job fair in Kecskem\u00e9t - Egy\u00fctt fejl\u0151d\u00fcnk<\/title>\n<meta name=\"robots\" content=\"noindex, follow, max-snippet:-1, max-image-preview:large, max-video-preview:-1\" \/>\n<meta property=\"og:locale\" content=\"hu_HU\" \/>\n<meta property=\"og:type\" content=\"article\" \/>\n<meta property=\"og:title\" content=\"The power of personal connections: job fair in Kecskem\u00e9t\" \/>\n<meta property=\"og:description\" content=\"For the 29th consecutive year, the traditional autumn Job Fair organized by The District Office of Kecskem\u00e9t\u2019s Employment Department has helped job seekers and employers connect with one another. On Friday, September 26, the venue was buzzing with activity as job seekers, students, recent graduates, and experienced professionals all came to explore new career opportunities. The event was held as part of the GINOP_Plus-3.1.1-23 \u201cExpanding and Developing the Labour Supply\u201d program, co-financed by the European...\" \/>\n<meta property=\"og:url\" content=\"https:\/\/egyuttfejlodunk.hu\/en\/the-power-of-personal-connections-job-fair-in-kecskemet\/\" \/>\n<meta property=\"og:site_name\" content=\"Egy\u00fctt fejl\u0151d\u00fcnk\" \/>\n<meta property=\"article:published_time\" content=\"2025-10-21T11:29:23+00:00\" \/>\n<meta property=\"og:image\" content=\"https:\/\/egyuttfejlodunk.hu\/wp-content\/uploads\/2025\/10\/68ef610293d1e6cdf0837da2-1.jpeg\" \/>\n\t<meta property=\"og:image:width\" content=\"1800\" \/>\n\t<meta property=\"og:image:height\" content=\"723\" \/>\n\t<meta property=\"og:image:type\" content=\"image\/jpeg\" \/>\n<meta name=\"author\" content=\"B\u00e1cskai Gabriella\" \/>\n<meta name=\"twitter:card\" content=\"summary_large_image\" \/>\n<meta name=\"twitter:label1\" content=\"Szerz\u0151:\" \/>\n\t<meta name=\"twitter:data1\" content=\"B\u00e1cskai Gabriella\" \/>\n\t<meta name=\"twitter:label2\" content=\"Becs\u00fclt olvas\u00e1si id\u0151\" \/>\n\t<meta name=\"twitter:data2\" content=\"1 perc\" \/>\n<script type=\"application\/ld+json\" class=\"yoast-schema-graph\">{\"@context\":\"https:\\\/\\\/schema.org\",\"@graph\":[{\"@type\":\"Article\",\"@id\":\"https:\\\/\\\/egyuttfejlodunk.hu\\\/en\\\/the-power-of-personal-connections-job-fair-in-kecskemet\\\/#article\",\"isPartOf\":{\"@id\":\"https:\\\/\\\/egyuttfejlodunk.hu\\\/en\\\/the-power-of-personal-connections-job-fair-in-kecskemet\\\/\"},\"author\":{\"name\":\"B\u00e1cskai Gabriella\",\"@id\":\"https:\\\/\\\/egyuttfejlodunk.hu\\\/#\\\/schema\\\/person\\\/74d5e3661b874eed1958599cd4ca7bbd\"},\"headline\":\"The power of personal connections: job fair in Kecskem\u00e9t\",\"datePublished\":\"2025-10-21T11:29:23+00:00\",\"mainEntityOfPage\":{\"@id\":\"https:\\\/\\\/egyuttfejlodunk.hu\\\/en\\\/the-power-of-personal-connections-job-fair-in-kecskemet\\\/\"},\"wordCount\":282,\"publisher\":{\"@id\":\"https:\\\/\\\/egyuttfejlodunk.hu\\\/#organization\"},\"image\":{\"@id\":\"https:\\\/\\\/egyuttfejlodunk.hu\\\/en\\\/the-power-of-personal-connections-job-fair-in-kecskemet\\\/#primaryimage\"},\"thumbnailUrl\":\"https:\\\/\\\/egyuttfejlodunk.hu\\\/wp-content\\\/uploads\\\/2025\\\/10\\\/68ef610293d1e6cdf0837da2-1.jpeg\",\"articleSection\":[\"Sz\u00e9chenyi plusz osi\"],\"inLanguage\":\"hu\"},{\"@type\":\"WebPage\",\"@id\":\"https:\\\/\\\/egyuttfejlodunk.hu\\\/en\\\/the-power-of-personal-connections-job-fair-in-kecskemet\\\/\",\"url\":\"https:\\\/\\\/egyuttfejlodunk.hu\\\/en\\\/the-power-of-personal-connections-job-fair-in-kecskemet\\\/\",\"name\":\"The power of personal connections: job fair in Kecskem\u00e9t - Egy\u00fctt fejl\u0151d\u00fcnk\",\"isPartOf\":{\"@id\":\"https:\\\/\\\/egyuttfejlodunk.hu\\\/#website\"},\"primaryImageOfPage\":{\"@id\":\"https:\\\/\\\/egyuttfejlodunk.hu\\\/en\\\/the-power-of-personal-connections-job-fair-in-kecskemet\\\/#primaryimage\"},\"image\":{\"@id\":\"https:\\\/\\\/egyuttfejlodunk.hu\\\/en\\\/the-power-of-personal-connections-job-fair-in-kecskemet\\\/#primaryimage\"},\"thumbnailUrl\":\"https:\\\/\\\/egyuttfejlodunk.hu\\\/wp-content\\\/uploads\\\/2025\\\/10\\\/68ef610293d1e6cdf0837da2-1.jpeg\",\"datePublished\":\"2025-10-21T11:29:23+00:00\",\"breadcrumb\":{\"@id\":\"https:\\\/\\\/egyuttfejlodunk.hu\\\/en\\\/the-power-of-personal-connections-job-fair-in-kecskemet\\\/#breadcrumb\"},\"inLanguage\":\"hu\",\"potentialAction\":[{\"@type\":\"ReadAction\",\"target\":[\"https:\\\/\\\/egyuttfejlodunk.hu\\\/en\\\/the-power-of-personal-connections-job-fair-in-kecskemet\\\/\"]}]},{\"@type\":\"ImageObject\",\"inLanguage\":\"hu\",\"@id\":\"https:\\\/\\\/egyuttfejlodunk.hu\\\/en\\\/the-power-of-personal-connections-job-fair-in-kecskemet\\\/#primaryimage\",\"url\":\"https:\\\/\\\/egyuttfejlodunk.hu\\\/wp-content\\\/uploads\\\/2025\\\/10\\\/68ef610293d1e6cdf0837da2-1.jpeg\",\"contentUrl\":\"https:\\\/\\\/egyuttfejlodunk.hu\\\/wp-content\\\/uploads\\\/2025\\\/10\\\/68ef610293d1e6cdf0837da2-1.jpeg\",\"width\":1800,\"height\":723},{\"@type\":\"BreadcrumbList\",\"@id\":\"https:\\\/\\\/egyuttfejlodunk.hu\\\/en\\\/the-power-of-personal-connections-job-fair-in-kecskemet\\\/#breadcrumb\",\"itemListElement\":[{\"@type\":\"ListItem\",\"position\":1,\"name\":\"Home\",\"item\":\"https:\\\/\\\/egyuttfejlodunk.hu\\\/\"},{\"@type\":\"ListItem\",\"position\":2,\"name\":\"The power of personal connections: job fair in Kecskem\u00e9t\"}]},{\"@type\":\"WebSite\",\"@id\":\"https:\\\/\\\/egyuttfejlodunk.hu\\\/#website\",\"url\":\"https:\\\/\\\/egyuttfejlodunk.hu\\\/\",\"name\":\"Egy\u00fctt fejl\u0151d\u00fcnk\",\"description\":\"\",\"publisher\":{\"@id\":\"https:\\\/\\\/egyuttfejlodunk.hu\\\/#organization\"},\"potentialAction\":[{\"@type\":\"SearchAction\",\"target\":{\"@type\":\"EntryPoint\",\"urlTemplate\":\"https:\\\/\\\/egyuttfejlodunk.hu\\\/?s={search_term_string}\"},\"query-input\":{\"@type\":\"PropertyValueSpecification\",\"valueRequired\":true,\"valueName\":\"search_term_string\"}}],\"inLanguage\":\"hu\"},{\"@type\":\"Organization\",\"@id\":\"https:\\\/\\\/egyuttfejlodunk.hu\\\/#organization\",\"name\":\"Egy\u00fctt fejl\u0151d\u00fcnk\",\"url\":\"https:\\\/\\\/egyuttfejlodunk.hu\\\/\",\"logo\":{\"@type\":\"ImageObject\",\"inLanguage\":\"hu\",\"@id\":\"https:\\\/\\\/egyuttfejlodunk.hu\\\/#\\\/schema\\\/logo\\\/image\\\/\",\"url\":\"https:\\\/\\\/egyuttfejlodunk.hu\\\/wp-content\\\/uploads\\\/2026\\\/04\\\/ujlogo.jpg\",\"contentUrl\":\"https:\\\/\\\/egyuttfejlodunk.hu\\\/wp-content\\\/uploads\\\/2026\\\/04\\\/ujlogo.jpg\",\"width\":350,\"height\":110,\"caption\":\"Egy\u00fctt fejl\u0151d\u00fcnk\"},\"image\":{\"@id\":\"https:\\\/\\\/egyuttfejlodunk.hu\\\/#\\\/schema\\\/logo\\\/image\\\/\"}},{\"@type\":\"Person\",\"@id\":\"https:\\\/\\\/egyuttfejlodunk.hu\\\/#\\\/schema\\\/person\\\/74d5e3661b874eed1958599cd4ca7bbd\",\"name\":\"B\u00e1cskai Gabriella\"}]}<\/script>\n<!-- \/ Yoast SEO Premium plugin. -->","yoast_head_json":{"title":"The power of personal connections: job fair in Kecskem\u00e9t - Egy\u00fctt fejl\u0151d\u00fcnk","robots":{"index":"noindex","follow":"follow","max-snippet":"max-snippet:-1","max-image-preview":"max-image-preview:large","max-video-preview":"max-video-preview:-1"},"og_locale":"hu_HU","og_type":"article","og_title":"The power of personal connections: job fair in Kecskem\u00e9t","og_description":"For the 29th consecutive year, the traditional autumn Job Fair organized by The District Office of Kecskem\u00e9t\u2019s Employment Department has helped job seekers and employers connect with one another. On Friday, September 26, the venue was buzzing with activity as job seekers, students, recent graduates, and experienced professionals all came to explore new career opportunities. The event was held as part of the GINOP_Plus-3.1.1-23 \u201cExpanding and Developing the Labour Supply\u201d program, co-financed by the European...","og_url":"https:\/\/egyuttfejlodunk.hu\/en\/the-power-of-personal-connections-job-fair-in-kecskemet\/","og_site_name":"Egy\u00fctt fejl\u0151d\u00fcnk","article_published_time":"2025-10-21T11:29:23+00:00","og_image":[{"width":1800,"height":723,"url":"https:\/\/egyuttfejlodunk.hu\/wp-content\/uploads\/2025\/10\/68ef610293d1e6cdf0837da2-1.jpeg","type":"image\/jpeg"}],"author":"B\u00e1cskai Gabriella","twitter_card":"summary_large_image","twitter_misc":{"Szerz\u0151:":"B\u00e1cskai Gabriella","Becs\u00fclt olvas\u00e1si id\u0151":"1 perc"},"schema":{"@context":"https:\/\/schema.org","@graph":[{"@type":"Article","@id":"https:\/\/egyuttfejlodunk.hu\/en\/the-power-of-personal-connections-job-fair-in-kecskemet\/#article","isPartOf":{"@id":"https:\/\/egyuttfejlodunk.hu\/en\/the-power-of-personal-connections-job-fair-in-kecskemet\/"},"author":{"name":"B\u00e1cskai Gabriella","@id":"https:\/\/egyuttfejlodunk.hu\/#\/schema\/person\/74d5e3661b874eed1958599cd4ca7bbd"},"headline":"The power of personal connections: job fair in Kecskem\u00e9t","datePublished":"2025-10-21T11:29:23+00:00","mainEntityOfPage":{"@id":"https:\/\/egyuttfejlodunk.hu\/en\/the-power-of-personal-connections-job-fair-in-kecskemet\/"},"wordCount":282,"publisher":{"@id":"https:\/\/egyuttfejlodunk.hu\/#organization"},"image":{"@id":"https:\/\/egyuttfejlodunk.hu\/en\/the-power-of-personal-connections-job-fair-in-kecskemet\/#primaryimage"},"thumbnailUrl":"https:\/\/egyuttfejlodunk.hu\/wp-content\/uploads\/2025\/10\/68ef610293d1e6cdf0837da2-1.jpeg","articleSection":["Sz\u00e9chenyi plusz osi"],"inLanguage":"hu"},{"@type":"WebPage","@id":"https:\/\/egyuttfejlodunk.hu\/en\/the-power-of-personal-connections-job-fair-in-kecskemet\/","url":"https:\/\/egyuttfejlodunk.hu\/en\/the-power-of-personal-connections-job-fair-in-kecskemet\/","name":"The power of personal connections: job fair in Kecskem\u00e9t - Egy\u00fctt fejl\u0151d\u00fcnk","isPartOf":{"@id":"https:\/\/egyuttfejlodunk.hu\/#website"},"primaryImageOfPage":{"@id":"https:\/\/egyuttfejlodunk.hu\/en\/the-power-of-personal-connections-job-fair-in-kecskemet\/#primaryimage"},"image":{"@id":"https:\/\/egyuttfejlodunk.hu\/en\/the-power-of-personal-connections-job-fair-in-kecskemet\/#primaryimage"},"thumbnailUrl":"https:\/\/egyuttfejlodunk.hu\/wp-content\/uploads\/2025\/10\/68ef610293d1e6cdf0837da2-1.jpeg","datePublished":"2025-10-21T11:29:23+00:00","breadcrumb":{"@id":"https:\/\/egyuttfejlodunk.hu\/en\/the-power-of-personal-connections-job-fair-in-kecskemet\/#breadcrumb"},"inLanguage":"hu","potentialAction":[{"@type":"ReadAction","target":["https:\/\/egyuttfejlodunk.hu\/en\/the-power-of-personal-connections-job-fair-in-kecskemet\/"]}]},{"@type":"ImageObject","inLanguage":"hu","@id":"https:\/\/egyuttfejlodunk.hu\/en\/the-power-of-personal-connections-job-fair-in-kecskemet\/#primaryimage","url":"https:\/\/egyuttfejlodunk.hu\/wp-content\/uploads\/2025\/10\/68ef610293d1e6cdf0837da2-1.jpeg","contentUrl":"https:\/\/egyuttfejlodunk.hu\/wp-content\/uploads\/2025\/10\/68ef610293d1e6cdf0837da2-1.jpeg","width":1800,"height":723},{"@type":"BreadcrumbList","@id":"https:\/\/egyuttfejlodunk.hu\/en\/the-power-of-personal-connections-job-fair-in-kecskemet\/#breadcrumb","itemListElement":[{"@type":"ListItem","position":1,"name":"Home","item":"https:\/\/egyuttfejlodunk.hu\/"},{"@type":"ListItem","position":2,"name":"The power of personal connections: job fair in Kecskem\u00e9t"}]},{"@type":"WebSite","@id":"https:\/\/egyuttfejlodunk.hu\/#website","url":"https:\/\/egyuttfejlodunk.hu\/","name":"Egy\u00fctt fejl\u0151d\u00fcnk","description":"","publisher":{"@id":"https:\/\/egyuttfejlodunk.hu\/#organization"},"potentialAction":[{"@type":"SearchAction","target":{"@type":"EntryPoint","urlTemplate":"https:\/\/egyuttfejlodunk.hu\/?s={search_term_string}"},"query-input":{"@type":"PropertyValueSpecification","valueRequired":true,"valueName":"search_term_string"}}],"inLanguage":"hu"},{"@type":"Organization","@id":"https:\/\/egyuttfejlodunk.hu\/#organization","name":"Egy\u00fctt fejl\u0151d\u00fcnk","url":"https:\/\/egyuttfejlodunk.hu\/","logo":{"@type":"ImageObject","inLanguage":"hu","@id":"https:\/\/egyuttfejlodunk.hu\/#\/schema\/logo\/image\/","url":"https:\/\/egyuttfejlodunk.hu\/wp-content\/uploads\/2026\/04\/ujlogo.jpg","contentUrl":"https:\/\/egyuttfejlodunk.hu\/wp-content\/uploads\/2026\/04\/ujlogo.jpg","width":350,"height":110,"caption":"Egy\u00fctt fejl\u0151d\u00fcnk"},"image":{"@id":"https:\/\/egyuttfejlodunk.hu\/#\/schema\/logo\/image\/"}},{"@type":"Person","@id":"https:\/\/egyuttfejlodunk.hu\/#\/schema\/person\/74d5e3661b874eed1958599cd4ca7bbd","name":"B\u00e1cskai Gabriella"}]}},"_links":{"self":[{"href":"https:\/\/egyuttfejlodunk.hu\/wp-json\/wp\/v2\/posts\/9215","targetHints":{"allow":["GET"]}}],"collection":[{"href":"https:\/\/egyuttfejlodunk.hu\/wp-json\/wp\/v2\/posts"}],"about":[{"href":"https:\/\/egyuttfejlodunk.hu\/wp-json\/wp\/v2\/types\/post"}],"author":[{"embeddable":true,"href":"https:\/\/egyuttfejlodunk.hu\/wp-json\/wp\/v2\/users\/17"}],"replies":[{"embeddable":true,"href":"https:\/\/egyuttfejlodunk.hu\/wp-json\/wp\/v2\/comments?post=9215"}],"version-history":[{"count":1,"href":"https:\/\/egyuttfejlodunk.hu\/wp-json\/wp\/v2\/posts\/9215\/revisions"}],"predecessor-version":[{"id":9216,"href":"https:\/\/egyuttfejlodunk.hu\/wp-json\/wp\/v2\/posts\/9215\/revisions\/9216"}],"wp:featuredmedia":[{"embeddable":true,"href":"https:\/\/egyuttfejlodunk.hu\/wp-json\/wp\/v2\/media\/9214"}],"wp:attachment":[{"href":"https:\/\/egyuttfejlodunk.hu\/wp-json\/wp\/v2\/media?parent=9215"}],"wp:term":[{"taxonomy":"category","embeddable":true,"href":"https:\/\/egyuttfejlodunk.hu\/wp-json\/wp\/v2\/categories?post=9215"},{"taxonomy":"post_tag","embeddable":true,"href":"https:\/\/egyuttfejlodunk.hu\/wp-json\/wp\/v2\/tags?post=9215"},{"taxonomy":"megye","embeddable":true,"href":"https:\/\/egyuttfejlodunk.hu\/wp-json\/wp\/v2\/megye?post=9215"}],"curies":[{"name":"wp","href":"https:\/\/api.w.org\/{rel}","templated":true}]}}