{"id":9276,"date":"2025-11-19T10:50:34","date_gmt":"2025-11-19T09:50:34","guid":{"rendered":"https:\/\/teszt.s152.mediacenter.hu\/egyuttfejlodunk\/?p=9276"},"modified":"2026-08-28T13:24:17","modified_gmt":"2026-08-28T11:24:17","slug":"a-zselicben-barangolva","status":"publish","type":"post","link":"https:\/\/egyuttfejlodunk.hu\/?p=9276","title":{"rendered":"A Zselicben barangolva"},"content":{"rendered":"<p><strong>J\u00f3 p\u00e1r v\u00e9gigdolgozott h\u00e9t ut\u00e1n m\u00falt szombaton v\u00e9gre felpakoltuk, bepattantunk az aut\u00f3ba \u00e9s \u00fatra kelt\u00fcnk a Zselic fel\u00e9: nem kis meglepet\u00e9st okozott, hogy az elm\u00falt \u00e9vek fejleszt\u00e9seinek k\u00f6sz\u00f6nhet\u0151en eg\u00e9szen \u00faj arc\u00e1t mutatja m\u00e1r errefel\u00e9 a vid\u00e9k. Kir\u00e1ndul\u00e1sunk c\u00e9lja a Holl\u00f3f\u00e9szek kil\u00e1t\u00f3 \u00e9s az ibafai Pipam\u00fazeum volt \u2013 k\u00e9t hely, amelyeket ma m\u00e1r az uni\u00f3s forr\u00e1sb\u00f3l megval\u00f3sult turisztikai fejleszt\u00e9seknek k\u00f6sz\u00f6nhet\u0151en a Zselic szimb\u00f3lumaik\u00e9nt is emlegetnek.<\/strong><\/p>\n<p>Ahogy a kanyarg\u00f3s utakon haladtunk, a dombok k\u00f6z\u00fcl egyszer csak kibukkant a Holl\u00f3f\u00e9szek magaslata. 358,5 m\u00e9ter\u00e9vel a Zselic legmagasabb pontja, nem v\u00e9letlen teh\u00e1t, hogy ide \u00e9p\u00fclt az \u00faj kil\u00e1t\u00f3. A Holl\u00f3f\u00e9szek nemcsak az Orsz\u00e1gos K\u00e9kt\u00fara \u00fatvonal\u00e1t \u00e9rinti, hanem a Fekete Istv\u00e1n-eml\u00e9k\u00f6sv\u00e9ny is \u00e1thalad rajta, \u00edgy a term\u00e9szetj\u00e1r\u00f3k egyik k\u00f6zkedvelt \u00e1llom\u00e1sa.<\/p>\n<p>A torony maga k\u00fcl\u00f6nleges l\u00e1tv\u00e1ny: Szatyor Gy\u0151z\u0151 n\u00e9pi iparm\u0171v\u00e9sz koncepci\u00f3ja alapj\u00e1n k\u00e9sz\u00fclt, 27 m\u00e9ter magas, t\u00f6lgyfa szerkezet\u0171 \u00e9p\u00edtm\u00e9ny, amelyben a hagyom\u00e1nyos \u00e1csk\u00f6t\u00e9sek \u00e9s a modern ac\u00e9lelemek t\u00f6k\u00e9letes harm\u00f3ni\u00e1ban tal\u00e1lkoznak. A legfels\u0151, kilencedik szint 22 m\u00e9teres magass\u00e1g\u00e1b\u00f3l messzire ell\u00e1tni. Felm\u00e1sztunk, sz\u00edvmelenget\u0151 volt l\u00e1tni a Zselic z\u00f6ldj\u00e9ben megb\u00faj\u00f3 falvakat, a Mecsek lank\u00e1it \u00e9s a horizontba vesz\u0151 erd\u0151ket. A kil\u00e1t\u00f3 l\u00e1b\u00e1n\u00e1l faragott faoszlopok \u00e9s inform\u00e1ci\u00f3s t\u00e1bl\u00e1k mes\u00e9lnek a k\u00f6rny\u00e9k m\u00faltj\u00e1r\u00f3l, a torn\u00e1cszer\u0171 eresz pedig remek pihen\u0151helyet k\u00edn\u00e1lt egy kis csal\u00e1di falatoz\u00e1shoz.<\/p>\n<p>A nap m\u00e1sodik fel\u00e9ben Ibafa fel\u00e9 vett\u00fck az ir\u00e1nyt. A falu szinte mindenki sz\u00e1m\u00e1ra azonnal a nyelvt\u00f6r\u0151t id\u00e9zi: <em>\u201eAz ibafai papnak fapip\u00e1ja van\u2026\u201d<\/em>, \u00e1m kevesen tudj\u00e1k, hogy a pipa t\u00f6rt\u00e9nete nemcsak tr\u00e9f\u00e1s mond\u00f3ka, hanem val\u00f3di kultur\u00e1lis \u00f6r\u00f6ks\u00e9g.<\/p>\n<p>A meg\u00fajult Pipam\u00fazeumban a p\u00e9csi Janus Pannonius M\u00fazeum \u00e9s a P\u00e9csi P\u00fcsp\u00f6ks\u00e9g gazdag gy\u0171jtem\u00e9ny\u00e9re \u00e9p\u00edtett \u00faj doh\u00e1nyz\u00e1st\u00f6rt\u00e9neti \u00e1lland\u00f3 ki\u00e1ll\u00edt\u00e1s ny\u00edlt. Vannak itt sz\u00e9pen faragott tajt\u00e9kpip\u00e1k, porcel\u00e1npip\u00e1k, doh\u00e1nytart\u00f3k, t\u0171zgy\u00fajt\u00f3 szerkezetek eg\u00e9sz sora, k\u00fcl\u00f6nb\u00f6z\u0151 m\u0171helyekb\u0151l sz\u00e1rmaz\u00f3, v\u00e1ltozatos cser\u00e9ppip\u00e1k, t\u00e1rsas pipa, k\u00ednai \u00f3piumpipa vagy \u00e9ppen a n\u00e9pi fafarag\u00e1s sz\u00e9p p\u00e9ld\u00e1i: k\u00fcl\u00f6nf\u00e9le gyufatart\u00f3k \u00e9s pipasz\u00e1rak, de itt l\u00e1that\u00f3 De\u00e1k Ferenc \u00e9s gr\u00f3f K\u00e1rolyi Mih\u00e1ly pip\u00e1ja is. Term\u00e9szetesen a f\u0151 attrakci\u00f3t, az &#8222;ibafai fapipa&#8221; m\u00e1solat\u00e1t is megn\u00e9zhett\u00fck, amelynek \u00e9rdekes t\u00f6rt\u00e9net\u00e9t szint\u00e9n felid\u00e9zi a t\u00e1rlat.<\/p>\n<p>A ki\u00e1ll\u00edt\u00e1s \u00faj, interakt\u00edv form\u00e1ban, TV-n, QR-k\u00f3dos ismertet\u0151k\u00f6n, \u00e9rint\u0151k\u00e9perny\u0151s fel\u00fcleteken kereszt\u00fcl mes\u00e9l a doh\u00e1nyz\u00e1s \u00e9s pip\u00e1z\u00e1s t\u00f6rt\u00e9net\u00e9r\u0151l \u00e9s a fellelhet\u0151 t\u00e1rgyakr\u00f3l. Nem maradtunk egy\u00e9b \u00e9rz\u00e9kszervi \u00e9lm\u00e9nyek n\u00e9lk\u00fcl: meg\u00e9rinthett\u00fck, s\u0151t meg is szagolhattuk a doh\u00e1nyfajt\u00e1kat.<\/p>\n<p>A Baranya Megyei \u00d6nkorm\u00e1nyzat uni\u00f3s projektje a Zselic turisztikai vonzerej\u00e9t n\u00f6veli, egyszerre k\u00edn\u00e1lva \u00faj, l\u00e1tv\u00e1nyos \u00e9lm\u00e9nyeket a term\u00e9szetj\u00e1r\u00e1s \u00e9s kult\u00fara szerelmeseinek. A mi napunkat mindenesetre bearanyozta.<\/p>\nngg_shortcode_0_placeholder\n<p>A program a TOP-1.2.1-16-BA2-2020-00002 projekt keret\u00e9ben, eur\u00f3pai uni\u00f3s forr\u00e1s bevon\u00e1s\u00e1val val\u00f3sult meg.<\/p>\n<p>Tov\u00e1bbi r\u00e9szletek a t\u00e1mogatott projektkeres\u0151ben:<a class=\"tovabb\" href=\"https:\/\/www.palyazat.gov.hu\/eredmenyek\/tamogatott-projektek\/2203020201\" target=\"_blank\" rel=\"noopener\">Tov\u00e1bb<\/a><\/p>\n","protected":false},"excerpt":{"rendered":"<p>J\u00f3 p\u00e1r v\u00e9gigdolgozott h\u00e9t ut\u00e1n m\u00falt szombaton v\u00e9gre felpakoltuk, bepattantunk az aut\u00f3ba \u00e9s \u00fatra kelt\u00fcnk a Zselic fel\u00e9: nem kis meglepet\u00e9st okozott, hogy az elm\u00falt \u00e9vek fejleszt\u00e9seinek k\u00f6sz\u00f6nhet\u0151en eg\u00e9szen \u00faj arc\u00e1t mutatja m\u00e1r errefel\u00e9 a vid\u00e9k. Kir\u00e1ndul\u00e1sunk c\u00e9lja a Holl\u00f3f\u00e9szek kil\u00e1t\u00f3 \u00e9s az ibafai Pipam\u00fazeum volt \u2013 k\u00e9t hely, amelyeket ma m\u00e1r az uni\u00f3s forr\u00e1sb\u00f3l megval\u00f3sult turisztikai fejleszt\u00e9seknek k\u00f6sz\u00f6nhet\u0151en a Zselic szimb\u00f3lumaik\u00e9nt is emlegetnek. Ahogy a kanyarg\u00f3s utakon haladtunk, a dombok k\u00f6z\u00fcl egyszer csak kibukkant&#8230;<\/p>\n","protected":false},"author":17,"featured_media":9279,"comment_status":"closed","ping_status":"closed","sticky":false,"template":"","format":"gallery","meta":{"_acf_changed":false,"ngg_post_thumbnail":0,"footnotes":""},"categories":[173],"tags":[],"megye":[1115],"class_list":["post-9276","post","type-post","status-publish","format-gallery","has-post-thumbnail","hentry","category-top-hu","post_format-post-format-gallery","megye-baranya-megye"],"acf":[],"yoast_head":"<!-- This site is optimized with the Yoast SEO Premium plugin v28.4 (Yoast SEO v28.4) - https:\/\/yoast.com\/product\/yoast-seo-premium-wordpress\/ -->\n<title>A Zselicben barangolva - Egy\u00fctt fejl\u0151d\u00fcnk<\/title>\n<meta name=\"robots\" content=\"noindex, follow, max-snippet:-1, max-image-preview:large, max-video-preview:-1\" \/>\n<meta property=\"og:locale\" content=\"hu_HU\" \/>\n<meta property=\"og:type\" content=\"article\" \/>\n<meta property=\"og:title\" content=\"A Zselicben barangolva\" \/>\n<meta property=\"og:description\" content=\"J\u00f3 p\u00e1r v\u00e9gigdolgozott h\u00e9t ut\u00e1n m\u00falt szombaton v\u00e9gre felpakoltuk, bepattantunk az aut\u00f3ba \u00e9s \u00fatra kelt\u00fcnk a Zselic fel\u00e9: nem kis meglepet\u00e9st okozott, hogy az elm\u00falt \u00e9vek fejleszt\u00e9seinek k\u00f6sz\u00f6nhet\u0151en eg\u00e9szen \u00faj arc\u00e1t mutatja m\u00e1r errefel\u00e9 a vid\u00e9k. Kir\u00e1ndul\u00e1sunk c\u00e9lja a Holl\u00f3f\u00e9szek kil\u00e1t\u00f3 \u00e9s az ibafai Pipam\u00fazeum volt \u2013 k\u00e9t hely, amelyeket ma m\u00e1r az uni\u00f3s forr\u00e1sb\u00f3l megval\u00f3sult turisztikai fejleszt\u00e9seknek k\u00f6sz\u00f6nhet\u0151en a Zselic szimb\u00f3lumaik\u00e9nt is emlegetnek. Ahogy a kanyarg\u00f3s utakon haladtunk, a dombok k\u00f6z\u00fcl egyszer csak kibukkant...\" \/>\n<meta property=\"og:url\" content=\"https:\/\/egyuttfejlodunk.hu\/?p=9276\" \/>\n<meta property=\"og:site_name\" content=\"Egy\u00fctt fejl\u0151d\u00fcnk\" \/>\n<meta property=\"article:published_time\" content=\"2025-11-19T09:50:34+00:00\" \/>\n<meta property=\"article:modified_time\" content=\"2026-08-28T11:24:17+00:00\" \/>\n<meta property=\"og:image\" content=\"https:\/\/egyuttfejlodunk.hu\/wp-content\/uploads\/2025\/11\/DSCN6901-1.jpg\" \/>\n\t<meta property=\"og:image:width\" content=\"1920\" \/>\n\t<meta property=\"og:image:height\" content=\"1269\" \/>\n\t<meta property=\"og:image:type\" content=\"image\/jpeg\" \/>\n<meta name=\"author\" content=\"B\u00e1cskai Gabriella\" \/>\n<meta name=\"twitter:card\" content=\"summary_large_image\" \/>\n<meta name=\"twitter:label1\" content=\"Szerz\u0151:\" \/>\n\t<meta name=\"twitter:data1\" content=\"B\u00e1cskai Gabriella\" \/>\n\t<meta name=\"twitter:label2\" content=\"Becs\u00fclt olvas\u00e1si id\u0151\" \/>\n\t<meta name=\"twitter:data2\" content=\"3 perc\" \/>\n<script type=\"application\/ld+json\" class=\"yoast-schema-graph\">{\"@context\":\"https:\\\/\\\/schema.org\",\"@graph\":[{\"@type\":\"Article\",\"@id\":\"https:\\\/\\\/egyuttfejlodunk.hu\\\/?p=9276#article\",\"isPartOf\":{\"@id\":\"https:\\\/\\\/egyuttfejlodunk.hu\\\/?p=9276\"},\"author\":{\"name\":\"B\u00e1cskai Gabriella\",\"@id\":\"https:\\\/\\\/egyuttfejlodunk.hu\\\/#\\\/schema\\\/person\\\/74d5e3661b874eed1958599cd4ca7bbd\"},\"headline\":\"A Zselicben barangolva\",\"datePublished\":\"2025-11-19T09:50:34+00:00\",\"dateModified\":\"2026-08-28T11:24:17+00:00\",\"mainEntityOfPage\":{\"@id\":\"https:\\\/\\\/egyuttfejlodunk.hu\\\/?p=9276\"},\"wordCount\":666,\"publisher\":{\"@id\":\"https:\\\/\\\/egyuttfejlodunk.hu\\\/#organization\"},\"image\":{\"@id\":\"https:\\\/\\\/egyuttfejlodunk.hu\\\/?p=9276#primaryimage\"},\"thumbnailUrl\":\"https:\\\/\\\/egyuttfejlodunk.hu\\\/wp-content\\\/uploads\\\/2025\\\/11\\\/DSCN6901-1.jpg\",\"articleSection\":[\"Top\"],\"inLanguage\":\"hu\"},{\"@type\":\"WebPage\",\"@id\":\"https:\\\/\\\/egyuttfejlodunk.hu\\\/?p=9276\",\"url\":\"https:\\\/\\\/egyuttfejlodunk.hu\\\/?p=9276\",\"name\":\"A Zselicben barangolva - Egy\u00fctt fejl\u0151d\u00fcnk\",\"isPartOf\":{\"@id\":\"https:\\\/\\\/egyuttfejlodunk.hu\\\/#website\"},\"primaryImageOfPage\":{\"@id\":\"https:\\\/\\\/egyuttfejlodunk.hu\\\/?p=9276#primaryimage\"},\"image\":{\"@id\":\"https:\\\/\\\/egyuttfejlodunk.hu\\\/?p=9276#primaryimage\"},\"thumbnailUrl\":\"https:\\\/\\\/egyuttfejlodunk.hu\\\/wp-content\\\/uploads\\\/2025\\\/11\\\/DSCN6901-1.jpg\",\"datePublished\":\"2025-11-19T09:50:34+00:00\",\"dateModified\":\"2026-08-28T11:24:17+00:00\",\"breadcrumb\":{\"@id\":\"https:\\\/\\\/egyuttfejlodunk.hu\\\/?p=9276#breadcrumb\"},\"inLanguage\":\"hu\",\"potentialAction\":[{\"@type\":\"ReadAction\",\"target\":[\"https:\\\/\\\/egyuttfejlodunk.hu\\\/?p=9276\"]}]},{\"@type\":\"ImageObject\",\"inLanguage\":\"hu\",\"@id\":\"https:\\\/\\\/egyuttfejlodunk.hu\\\/?p=9276#primaryimage\",\"url\":\"https:\\\/\\\/egyuttfejlodunk.hu\\\/wp-content\\\/uploads\\\/2025\\\/11\\\/DSCN6901-1.jpg\",\"contentUrl\":\"https:\\\/\\\/egyuttfejlodunk.hu\\\/wp-content\\\/uploads\\\/2025\\\/11\\\/DSCN6901-1.jpg\",\"width\":1920,\"height\":1269},{\"@type\":\"BreadcrumbList\",\"@id\":\"https:\\\/\\\/egyuttfejlodunk.hu\\\/?p=9276#breadcrumb\",\"itemListElement\":[{\"@type\":\"ListItem\",\"position\":1,\"name\":\"Home\",\"item\":\"https:\\\/\\\/egyuttfejlodunk.hu\\\/\"},{\"@type\":\"ListItem\",\"position\":2,\"name\":\"A Zselicben barangolva\"}]},{\"@type\":\"WebSite\",\"@id\":\"https:\\\/\\\/egyuttfejlodunk.hu\\\/#website\",\"url\":\"https:\\\/\\\/egyuttfejlodunk.hu\\\/\",\"name\":\"Egy\u00fctt fejl\u0151d\u00fcnk\",\"description\":\"\",\"publisher\":{\"@id\":\"https:\\\/\\\/egyuttfejlodunk.hu\\\/#organization\"},\"potentialAction\":[{\"@type\":\"SearchAction\",\"target\":{\"@type\":\"EntryPoint\",\"urlTemplate\":\"https:\\\/\\\/egyuttfejlodunk.hu\\\/?s={search_term_string}\"},\"query-input\":{\"@type\":\"PropertyValueSpecification\",\"valueRequired\":true,\"valueName\":\"search_term_string\"}}],\"inLanguage\":\"hu\"},{\"@type\":\"Organization\",\"@id\":\"https:\\\/\\\/egyuttfejlodunk.hu\\\/#organization\",\"name\":\"Egy\u00fctt fejl\u0151d\u00fcnk\",\"url\":\"https:\\\/\\\/egyuttfejlodunk.hu\\\/\",\"logo\":{\"@type\":\"ImageObject\",\"inLanguage\":\"hu\",\"@id\":\"https:\\\/\\\/egyuttfejlodunk.hu\\\/#\\\/schema\\\/logo\\\/image\\\/\",\"url\":\"https:\\\/\\\/egyuttfejlodunk.hu\\\/wp-content\\\/uploads\\\/2026\\\/04\\\/ujlogo.jpg\",\"contentUrl\":\"https:\\\/\\\/egyuttfejlodunk.hu\\\/wp-content\\\/uploads\\\/2026\\\/04\\\/ujlogo.jpg\",\"width\":350,\"height\":110,\"caption\":\"Egy\u00fctt fejl\u0151d\u00fcnk\"},\"image\":{\"@id\":\"https:\\\/\\\/egyuttfejlodunk.hu\\\/#\\\/schema\\\/logo\\\/image\\\/\"}},{\"@type\":\"Person\",\"@id\":\"https:\\\/\\\/egyuttfejlodunk.hu\\\/#\\\/schema\\\/person\\\/74d5e3661b874eed1958599cd4ca7bbd\",\"name\":\"B\u00e1cskai Gabriella\"}]}<\/script>\n<!-- \/ Yoast SEO Premium plugin. -->","yoast_head_json":{"title":"A Zselicben barangolva - Egy\u00fctt fejl\u0151d\u00fcnk","robots":{"index":"noindex","follow":"follow","max-snippet":"max-snippet:-1","max-image-preview":"max-image-preview:large","max-video-preview":"max-video-preview:-1"},"og_locale":"hu_HU","og_type":"article","og_title":"A Zselicben barangolva","og_description":"J\u00f3 p\u00e1r v\u00e9gigdolgozott h\u00e9t ut\u00e1n m\u00falt szombaton v\u00e9gre felpakoltuk, bepattantunk az aut\u00f3ba \u00e9s \u00fatra kelt\u00fcnk a Zselic fel\u00e9: nem kis meglepet\u00e9st okozott, hogy az elm\u00falt \u00e9vek fejleszt\u00e9seinek k\u00f6sz\u00f6nhet\u0151en eg\u00e9szen \u00faj arc\u00e1t mutatja m\u00e1r errefel\u00e9 a vid\u00e9k. Kir\u00e1ndul\u00e1sunk c\u00e9lja a Holl\u00f3f\u00e9szek kil\u00e1t\u00f3 \u00e9s az ibafai Pipam\u00fazeum volt \u2013 k\u00e9t hely, amelyeket ma m\u00e1r az uni\u00f3s forr\u00e1sb\u00f3l megval\u00f3sult turisztikai fejleszt\u00e9seknek k\u00f6sz\u00f6nhet\u0151en a Zselic szimb\u00f3lumaik\u00e9nt is emlegetnek. Ahogy a kanyarg\u00f3s utakon haladtunk, a dombok k\u00f6z\u00fcl egyszer csak kibukkant...","og_url":"https:\/\/egyuttfejlodunk.hu\/?p=9276","og_site_name":"Egy\u00fctt fejl\u0151d\u00fcnk","article_published_time":"2025-11-19T09:50:34+00:00","article_modified_time":"2026-08-28T11:24:17+00:00","og_image":[{"width":1920,"height":1269,"url":"https:\/\/egyuttfejlodunk.hu\/wp-content\/uploads\/2025\/11\/DSCN6901-1.jpg","type":"image\/jpeg"}],"author":"B\u00e1cskai Gabriella","twitter_card":"summary_large_image","twitter_misc":{"Szerz\u0151:":"B\u00e1cskai Gabriella","Becs\u00fclt olvas\u00e1si id\u0151":"3 perc"},"schema":{"@context":"https:\/\/schema.org","@graph":[{"@type":"Article","@id":"https:\/\/egyuttfejlodunk.hu\/?p=9276#article","isPartOf":{"@id":"https:\/\/egyuttfejlodunk.hu\/?p=9276"},"author":{"name":"B\u00e1cskai Gabriella","@id":"https:\/\/egyuttfejlodunk.hu\/#\/schema\/person\/74d5e3661b874eed1958599cd4ca7bbd"},"headline":"A Zselicben barangolva","datePublished":"2025-11-19T09:50:34+00:00","dateModified":"2026-08-28T11:24:17+00:00","mainEntityOfPage":{"@id":"https:\/\/egyuttfejlodunk.hu\/?p=9276"},"wordCount":666,"publisher":{"@id":"https:\/\/egyuttfejlodunk.hu\/#organization"},"image":{"@id":"https:\/\/egyuttfejlodunk.hu\/?p=9276#primaryimage"},"thumbnailUrl":"https:\/\/egyuttfejlodunk.hu\/wp-content\/uploads\/2025\/11\/DSCN6901-1.jpg","articleSection":["Top"],"inLanguage":"hu"},{"@type":"WebPage","@id":"https:\/\/egyuttfejlodunk.hu\/?p=9276","url":"https:\/\/egyuttfejlodunk.hu\/?p=9276","name":"A Zselicben barangolva - Egy\u00fctt fejl\u0151d\u00fcnk","isPartOf":{"@id":"https:\/\/egyuttfejlodunk.hu\/#website"},"primaryImageOfPage":{"@id":"https:\/\/egyuttfejlodunk.hu\/?p=9276#primaryimage"},"image":{"@id":"https:\/\/egyuttfejlodunk.hu\/?p=9276#primaryimage"},"thumbnailUrl":"https:\/\/egyuttfejlodunk.hu\/wp-content\/uploads\/2025\/11\/DSCN6901-1.jpg","datePublished":"2025-11-19T09:50:34+00:00","dateModified":"2026-08-28T11:24:17+00:00","breadcrumb":{"@id":"https:\/\/egyuttfejlodunk.hu\/?p=9276#breadcrumb"},"inLanguage":"hu","potentialAction":[{"@type":"ReadAction","target":["https:\/\/egyuttfejlodunk.hu\/?p=9276"]}]},{"@type":"ImageObject","inLanguage":"hu","@id":"https:\/\/egyuttfejlodunk.hu\/?p=9276#primaryimage","url":"https:\/\/egyuttfejlodunk.hu\/wp-content\/uploads\/2025\/11\/DSCN6901-1.jpg","contentUrl":"https:\/\/egyuttfejlodunk.hu\/wp-content\/uploads\/2025\/11\/DSCN6901-1.jpg","width":1920,"height":1269},{"@type":"BreadcrumbList","@id":"https:\/\/egyuttfejlodunk.hu\/?p=9276#breadcrumb","itemListElement":[{"@type":"ListItem","position":1,"name":"Home","item":"https:\/\/egyuttfejlodunk.hu\/"},{"@type":"ListItem","position":2,"name":"A Zselicben barangolva"}]},{"@type":"WebSite","@id":"https:\/\/egyuttfejlodunk.hu\/#website","url":"https:\/\/egyuttfejlodunk.hu\/","name":"Egy\u00fctt fejl\u0151d\u00fcnk","description":"","publisher":{"@id":"https:\/\/egyuttfejlodunk.hu\/#organization"},"potentialAction":[{"@type":"SearchAction","target":{"@type":"EntryPoint","urlTemplate":"https:\/\/egyuttfejlodunk.hu\/?s={search_term_string}"},"query-input":{"@type":"PropertyValueSpecification","valueRequired":true,"valueName":"search_term_string"}}],"inLanguage":"hu"},{"@type":"Organization","@id":"https:\/\/egyuttfejlodunk.hu\/#organization","name":"Egy\u00fctt fejl\u0151d\u00fcnk","url":"https:\/\/egyuttfejlodunk.hu\/","logo":{"@type":"ImageObject","inLanguage":"hu","@id":"https:\/\/egyuttfejlodunk.hu\/#\/schema\/logo\/image\/","url":"https:\/\/egyuttfejlodunk.hu\/wp-content\/uploads\/2026\/04\/ujlogo.jpg","contentUrl":"https:\/\/egyuttfejlodunk.hu\/wp-content\/uploads\/2026\/04\/ujlogo.jpg","width":350,"height":110,"caption":"Egy\u00fctt fejl\u0151d\u00fcnk"},"image":{"@id":"https:\/\/egyuttfejlodunk.hu\/#\/schema\/logo\/image\/"}},{"@type":"Person","@id":"https:\/\/egyuttfejlodunk.hu\/#\/schema\/person\/74d5e3661b874eed1958599cd4ca7bbd","name":"B\u00e1cskai Gabriella"}]}},"_links":{"self":[{"href":"https:\/\/egyuttfejlodunk.hu\/index.php?rest_route=\/wp\/v2\/posts\/9276","targetHints":{"allow":["GET"]}}],"collection":[{"href":"https:\/\/egyuttfejlodunk.hu\/index.php?rest_route=\/wp\/v2\/posts"}],"about":[{"href":"https:\/\/egyuttfejlodunk.hu\/index.php?rest_route=\/wp\/v2\/types\/post"}],"author":[{"embeddable":true,"href":"https:\/\/egyuttfejlodunk.hu\/index.php?rest_route=\/wp\/v2\/users\/17"}],"replies":[{"embeddable":true,"href":"https:\/\/egyuttfejlodunk.hu\/index.php?rest_route=%2Fwp%2Fv2%2Fcomments&post=9276"}],"version-history":[{"count":2,"href":"https:\/\/egyuttfejlodunk.hu\/index.php?rest_route=\/wp\/v2\/posts\/9276\/revisions"}],"predecessor-version":[{"id":9288,"href":"https:\/\/egyuttfejlodunk.hu\/index.php?rest_route=\/wp\/v2\/posts\/9276\/revisions\/9288"}],"wp:featuredmedia":[{"embeddable":true,"href":"https:\/\/egyuttfejlodunk.hu\/index.php?rest_route=\/wp\/v2\/media\/9279"}],"wp:attachment":[{"href":"https:\/\/egyuttfejlodunk.hu\/index.php?rest_route=%2Fwp%2Fv2%2Fmedia&parent=9276"}],"wp:term":[{"taxonomy":"category","embeddable":true,"href":"https:\/\/egyuttfejlodunk.hu\/index.php?rest_route=%2Fwp%2Fv2%2Fcategories&post=9276"},{"taxonomy":"post_tag","embeddable":true,"href":"https:\/\/egyuttfejlodunk.hu\/index.php?rest_route=%2Fwp%2Fv2%2Ftags&post=9276"},{"taxonomy":"megye","embeddable":true,"href":"https:\/\/egyuttfejlodunk.hu\/index.php?rest_route=%2Fwp%2Fv2%2Fmegye&post=9276"}],"curies":[{"name":"wp","href":"https:\/\/api.w.org\/{rel}","templated":true}]}}