{"id":9357,"date":"2025-11-28T16:07:34","date_gmt":"2025-11-28T15:07:34","guid":{"rendered":"https:\/\/teszt.s152.mediacenter.hu\/egyuttfejlodunk\/?p=9357"},"modified":"2025-11-24T16:08:12","modified_gmt":"2025-11-24T15:08:12","slug":"new-opportunities-for-the-little-ones-a-mini-nursery-opens-in-sumegpraga-2","status":"publish","type":"post","link":"https:\/\/egyuttfejlodunk.hu\/en\/new-opportunities-for-the-little-ones-a-mini-nursery-opens-in-sumegpraga-2\/","title":{"rendered":"New opportunities for the little ones \u2013 a mini nursery opens in S\u00fcmegpr\u00e1ga"},"content":{"rendered":"<p>Creating a nursery is a major milestone in the life of a small community. For young children, it opens the door to a world filled with play, laughter, and small adventures. For parents, it offers the chance to return to work. It also makes the village more appealing to young families, contributing to long-term renewal and growth.<\/p>\n<p>With these goals in mind, the Municipality of S\u00fcmegpr\u00e1ga has established a mini nursery with support from the European Union. The existing S\u00fcmegpr\u00e1ga \u201cGolden Apple\u201d Kindergarten was expanded with a new 167 m\u00b2 wing. The extension includes an accessible entrance, a lobby, a group room, care and service areas, and a dedicated nursery playground separated from the kindergarten yard.<\/p>\n<p>Children attending the nursery are welcomed into a calm, friendly, family-like environment. Gross motor skills are encouraged through ride-on toys, balls, tunnels, funnels, and swings, while puzzles and stacking toys help develop fine motor skills. The selection of construction toys includes soft foam blocks as well as plastic and wooden building bricks.<\/p>\n<p>The nursery also features a warming kitchen, allowing staff to accommodate special dietary requirements, such as food intolerances.<\/p>\n<p>The mini nursery welcomes children from 8 months of age. It primarily serves families from S\u00fcmegpr\u00e1ga and Bazsi, and\u2014when space permits\u2014also accepts children from S\u00fcmeg.<\/p>\n<p>This development makes everyday life easier and more carefree for both parents and their little ones, while strengthening the community in the long run.<\/p>\nngg_shortcode_0_placeholder\n<p>The development was implemented from EU funding in the project TOP-1.4.1-19-VE1-2019-00018 under the Territorial and Settlement Development Operational Programme.<\/p>\n<p>Find out more about the project in the Project Finder:&nbsp;<a class=\"tovabb\" href=\"https:\/\/www.palyazat.gov.hu\/eredmenyek\/tamogatott-projektek\/2214220201\" target=\"_blank\" rel=\"noopener\">Details<\/a><\/p>\n","protected":false},"excerpt":{"rendered":"<p>Creating a nursery is a major milestone in the life of a small community. For young children, it opens the door to a world filled with play, laughter, and small adventures. For parents, it offers the chance to return to work. It also makes the village more appealing to young families, contributing to long-term renewal and growth. With these goals in mind, the Municipality of S\u00fcmegpr\u00e1ga has established a mini nursery with support from the&#8230;<\/p>\n","protected":false},"author":17,"featured_media":9352,"comment_status":"closed","ping_status":"closed","sticky":false,"template":"","format":"gallery","meta":{"_acf_changed":false,"ngg_post_thumbnail":0,"footnotes":""},"categories":[380],"tags":[],"megye":[],"class_list":["post-9357","post","type-post","status-publish","format-gallery","has-post-thumbnail","hentry","category-top-en","post_format-post-format-gallery"],"acf":[],"yoast_head":"<!-- This site is optimized with the Yoast SEO Premium plugin v28.4 (Yoast SEO v28.4) - https:\/\/yoast.com\/product\/yoast-seo-premium-wordpress\/ -->\n<title>New opportunities for the little ones \u2013 a mini nursery opens in S\u00fcmegpr\u00e1ga - Egy\u00fctt fejl\u0151d\u00fcnk<\/title>\n<meta name=\"robots\" content=\"noindex, follow, max-snippet:-1, max-image-preview:large, max-video-preview:-1\" \/>\n<meta property=\"og:locale\" content=\"hu_HU\" \/>\n<meta property=\"og:type\" content=\"article\" \/>\n<meta property=\"og:title\" content=\"New opportunities for the little ones \u2013 a mini nursery opens in S\u00fcmegpr\u00e1ga\" \/>\n<meta property=\"og:description\" content=\"Creating a nursery is a major milestone in the life of a small community. For young children, it opens the door to a world filled with play, laughter, and small adventures. For parents, it offers the chance to return to work. It also makes the village more appealing to young families, contributing to long-term renewal and growth. With these goals in mind, the Municipality of S\u00fcmegpr\u00e1ga has established a mini nursery with support from the...\" \/>\n<meta property=\"og:url\" content=\"https:\/\/egyuttfejlodunk.hu\/en\/new-opportunities-for-the-little-ones-a-mini-nursery-opens-in-sumegpraga-2\/\" \/>\n<meta property=\"og:site_name\" content=\"Egy\u00fctt fejl\u0151d\u00fcnk\" \/>\n<meta property=\"article:published_time\" content=\"2025-11-28T15:07:34+00:00\" \/>\n<meta property=\"og:image\" content=\"https:\/\/egyuttfejlodunk.hu\/wp-content\/uploads\/2025\/11\/DSC_0031_34351516-1.jpg\" \/>\n\t<meta property=\"og:image:width\" content=\"1920\" \/>\n\t<meta property=\"og:image:height\" content=\"948\" \/>\n\t<meta property=\"og:image:type\" content=\"image\/jpeg\" \/>\n<meta name=\"author\" content=\"B\u00e1cskai Gabriella\" \/>\n<meta name=\"twitter:card\" content=\"summary_large_image\" \/>\n<meta name=\"twitter:label1\" content=\"Szerz\u0151:\" \/>\n\t<meta name=\"twitter:data1\" content=\"B\u00e1cskai Gabriella\" \/>\n\t<meta name=\"twitter:label2\" content=\"Becs\u00fclt olvas\u00e1si id\u0151\" \/>\n\t<meta name=\"twitter:data2\" content=\"1 perc\" \/>\n<script type=\"application\/ld+json\" class=\"yoast-schema-graph\">{\"@context\":\"https:\\\/\\\/schema.org\",\"@graph\":[{\"@type\":\"Article\",\"@id\":\"https:\\\/\\\/egyuttfejlodunk.hu\\\/en\\\/new-opportunities-for-the-little-ones-a-mini-nursery-opens-in-sumegpraga-2\\\/#article\",\"isPartOf\":{\"@id\":\"https:\\\/\\\/egyuttfejlodunk.hu\\\/en\\\/new-opportunities-for-the-little-ones-a-mini-nursery-opens-in-sumegpraga-2\\\/\"},\"author\":{\"name\":\"B\u00e1cskai Gabriella\",\"@id\":\"https:\\\/\\\/egyuttfejlodunk.hu\\\/#\\\/schema\\\/person\\\/74d5e3661b874eed1958599cd4ca7bbd\"},\"headline\":\"New opportunities for the little ones \u2013 a mini nursery opens in S\u00fcmegpr\u00e1ga\",\"datePublished\":\"2025-11-28T15:07:34+00:00\",\"mainEntityOfPage\":{\"@id\":\"https:\\\/\\\/egyuttfejlodunk.hu\\\/en\\\/new-opportunities-for-the-little-ones-a-mini-nursery-opens-in-sumegpraga-2\\\/\"},\"wordCount\":299,\"publisher\":{\"@id\":\"https:\\\/\\\/egyuttfejlodunk.hu\\\/#organization\"},\"image\":{\"@id\":\"https:\\\/\\\/egyuttfejlodunk.hu\\\/en\\\/new-opportunities-for-the-little-ones-a-mini-nursery-opens-in-sumegpraga-2\\\/#primaryimage\"},\"thumbnailUrl\":\"https:\\\/\\\/egyuttfejlodunk.hu\\\/wp-content\\\/uploads\\\/2025\\\/11\\\/DSC_0031_34351516-1.jpg\",\"articleSection\":[\"Top\"],\"inLanguage\":\"hu\"},{\"@type\":\"WebPage\",\"@id\":\"https:\\\/\\\/egyuttfejlodunk.hu\\\/en\\\/new-opportunities-for-the-little-ones-a-mini-nursery-opens-in-sumegpraga-2\\\/\",\"url\":\"https:\\\/\\\/egyuttfejlodunk.hu\\\/en\\\/new-opportunities-for-the-little-ones-a-mini-nursery-opens-in-sumegpraga-2\\\/\",\"name\":\"New opportunities for the little ones \u2013 a mini nursery opens in S\u00fcmegpr\u00e1ga - Egy\u00fctt fejl\u0151d\u00fcnk\",\"isPartOf\":{\"@id\":\"https:\\\/\\\/egyuttfejlodunk.hu\\\/#website\"},\"primaryImageOfPage\":{\"@id\":\"https:\\\/\\\/egyuttfejlodunk.hu\\\/en\\\/new-opportunities-for-the-little-ones-a-mini-nursery-opens-in-sumegpraga-2\\\/#primaryimage\"},\"image\":{\"@id\":\"https:\\\/\\\/egyuttfejlodunk.hu\\\/en\\\/new-opportunities-for-the-little-ones-a-mini-nursery-opens-in-sumegpraga-2\\\/#primaryimage\"},\"thumbnailUrl\":\"https:\\\/\\\/egyuttfejlodunk.hu\\\/wp-content\\\/uploads\\\/2025\\\/11\\\/DSC_0031_34351516-1.jpg\",\"datePublished\":\"2025-11-28T15:07:34+00:00\",\"breadcrumb\":{\"@id\":\"https:\\\/\\\/egyuttfejlodunk.hu\\\/en\\\/new-opportunities-for-the-little-ones-a-mini-nursery-opens-in-sumegpraga-2\\\/#breadcrumb\"},\"inLanguage\":\"hu\",\"potentialAction\":[{\"@type\":\"ReadAction\",\"target\":[\"https:\\\/\\\/egyuttfejlodunk.hu\\\/en\\\/new-opportunities-for-the-little-ones-a-mini-nursery-opens-in-sumegpraga-2\\\/\"]}]},{\"@type\":\"ImageObject\",\"inLanguage\":\"hu\",\"@id\":\"https:\\\/\\\/egyuttfejlodunk.hu\\\/en\\\/new-opportunities-for-the-little-ones-a-mini-nursery-opens-in-sumegpraga-2\\\/#primaryimage\",\"url\":\"https:\\\/\\\/egyuttfejlodunk.hu\\\/wp-content\\\/uploads\\\/2025\\\/11\\\/DSC_0031_34351516-1.jpg\",\"contentUrl\":\"https:\\\/\\\/egyuttfejlodunk.hu\\\/wp-content\\\/uploads\\\/2025\\\/11\\\/DSC_0031_34351516-1.jpg\",\"width\":1920,\"height\":948},{\"@type\":\"BreadcrumbList\",\"@id\":\"https:\\\/\\\/egyuttfejlodunk.hu\\\/en\\\/new-opportunities-for-the-little-ones-a-mini-nursery-opens-in-sumegpraga-2\\\/#breadcrumb\",\"itemListElement\":[{\"@type\":\"ListItem\",\"position\":1,\"name\":\"Home\",\"item\":\"https:\\\/\\\/egyuttfejlodunk.hu\\\/\"},{\"@type\":\"ListItem\",\"position\":2,\"name\":\"New opportunities for the little ones \u2013 a mini nursery opens in S\u00fcmegpr\u00e1ga\"}]},{\"@type\":\"WebSite\",\"@id\":\"https:\\\/\\\/egyuttfejlodunk.hu\\\/#website\",\"url\":\"https:\\\/\\\/egyuttfejlodunk.hu\\\/\",\"name\":\"Egy\u00fctt fejl\u0151d\u00fcnk\",\"description\":\"\",\"publisher\":{\"@id\":\"https:\\\/\\\/egyuttfejlodunk.hu\\\/#organization\"},\"potentialAction\":[{\"@type\":\"SearchAction\",\"target\":{\"@type\":\"EntryPoint\",\"urlTemplate\":\"https:\\\/\\\/egyuttfejlodunk.hu\\\/?s={search_term_string}\"},\"query-input\":{\"@type\":\"PropertyValueSpecification\",\"valueRequired\":true,\"valueName\":\"search_term_string\"}}],\"inLanguage\":\"hu\"},{\"@type\":\"Organization\",\"@id\":\"https:\\\/\\\/egyuttfejlodunk.hu\\\/#organization\",\"name\":\"Egy\u00fctt fejl\u0151d\u00fcnk\",\"url\":\"https:\\\/\\\/egyuttfejlodunk.hu\\\/\",\"logo\":{\"@type\":\"ImageObject\",\"inLanguage\":\"hu\",\"@id\":\"https:\\\/\\\/egyuttfejlodunk.hu\\\/#\\\/schema\\\/logo\\\/image\\\/\",\"url\":\"https:\\\/\\\/egyuttfejlodunk.hu\\\/wp-content\\\/uploads\\\/2026\\\/04\\\/ujlogo.jpg\",\"contentUrl\":\"https:\\\/\\\/egyuttfejlodunk.hu\\\/wp-content\\\/uploads\\\/2026\\\/04\\\/ujlogo.jpg\",\"width\":350,\"height\":110,\"caption\":\"Egy\u00fctt fejl\u0151d\u00fcnk\"},\"image\":{\"@id\":\"https:\\\/\\\/egyuttfejlodunk.hu\\\/#\\\/schema\\\/logo\\\/image\\\/\"}},{\"@type\":\"Person\",\"@id\":\"https:\\\/\\\/egyuttfejlodunk.hu\\\/#\\\/schema\\\/person\\\/74d5e3661b874eed1958599cd4ca7bbd\",\"name\":\"B\u00e1cskai Gabriella\"}]}<\/script>\n<!-- \/ Yoast SEO Premium plugin. -->","yoast_head_json":{"title":"New opportunities for the little ones \u2013 a mini nursery opens in S\u00fcmegpr\u00e1ga - Egy\u00fctt fejl\u0151d\u00fcnk","robots":{"index":"noindex","follow":"follow","max-snippet":"max-snippet:-1","max-image-preview":"max-image-preview:large","max-video-preview":"max-video-preview:-1"},"og_locale":"hu_HU","og_type":"article","og_title":"New opportunities for the little ones \u2013 a mini nursery opens in S\u00fcmegpr\u00e1ga","og_description":"Creating a nursery is a major milestone in the life of a small community. For young children, it opens the door to a world filled with play, laughter, and small adventures. For parents, it offers the chance to return to work. It also makes the village more appealing to young families, contributing to long-term renewal and growth. With these goals in mind, the Municipality of S\u00fcmegpr\u00e1ga has established a mini nursery with support from the...","og_url":"https:\/\/egyuttfejlodunk.hu\/en\/new-opportunities-for-the-little-ones-a-mini-nursery-opens-in-sumegpraga-2\/","og_site_name":"Egy\u00fctt fejl\u0151d\u00fcnk","article_published_time":"2025-11-28T15:07:34+00:00","og_image":[{"width":1920,"height":948,"url":"https:\/\/egyuttfejlodunk.hu\/wp-content\/uploads\/2025\/11\/DSC_0031_34351516-1.jpg","type":"image\/jpeg"}],"author":"B\u00e1cskai Gabriella","twitter_card":"summary_large_image","twitter_misc":{"Szerz\u0151:":"B\u00e1cskai Gabriella","Becs\u00fclt olvas\u00e1si id\u0151":"1 perc"},"schema":{"@context":"https:\/\/schema.org","@graph":[{"@type":"Article","@id":"https:\/\/egyuttfejlodunk.hu\/en\/new-opportunities-for-the-little-ones-a-mini-nursery-opens-in-sumegpraga-2\/#article","isPartOf":{"@id":"https:\/\/egyuttfejlodunk.hu\/en\/new-opportunities-for-the-little-ones-a-mini-nursery-opens-in-sumegpraga-2\/"},"author":{"name":"B\u00e1cskai Gabriella","@id":"https:\/\/egyuttfejlodunk.hu\/#\/schema\/person\/74d5e3661b874eed1958599cd4ca7bbd"},"headline":"New opportunities for the little ones \u2013 a mini nursery opens in S\u00fcmegpr\u00e1ga","datePublished":"2025-11-28T15:07:34+00:00","mainEntityOfPage":{"@id":"https:\/\/egyuttfejlodunk.hu\/en\/new-opportunities-for-the-little-ones-a-mini-nursery-opens-in-sumegpraga-2\/"},"wordCount":299,"publisher":{"@id":"https:\/\/egyuttfejlodunk.hu\/#organization"},"image":{"@id":"https:\/\/egyuttfejlodunk.hu\/en\/new-opportunities-for-the-little-ones-a-mini-nursery-opens-in-sumegpraga-2\/#primaryimage"},"thumbnailUrl":"https:\/\/egyuttfejlodunk.hu\/wp-content\/uploads\/2025\/11\/DSC_0031_34351516-1.jpg","articleSection":["Top"],"inLanguage":"hu"},{"@type":"WebPage","@id":"https:\/\/egyuttfejlodunk.hu\/en\/new-opportunities-for-the-little-ones-a-mini-nursery-opens-in-sumegpraga-2\/","url":"https:\/\/egyuttfejlodunk.hu\/en\/new-opportunities-for-the-little-ones-a-mini-nursery-opens-in-sumegpraga-2\/","name":"New opportunities for the little ones \u2013 a mini nursery opens in S\u00fcmegpr\u00e1ga - Egy\u00fctt fejl\u0151d\u00fcnk","isPartOf":{"@id":"https:\/\/egyuttfejlodunk.hu\/#website"},"primaryImageOfPage":{"@id":"https:\/\/egyuttfejlodunk.hu\/en\/new-opportunities-for-the-little-ones-a-mini-nursery-opens-in-sumegpraga-2\/#primaryimage"},"image":{"@id":"https:\/\/egyuttfejlodunk.hu\/en\/new-opportunities-for-the-little-ones-a-mini-nursery-opens-in-sumegpraga-2\/#primaryimage"},"thumbnailUrl":"https:\/\/egyuttfejlodunk.hu\/wp-content\/uploads\/2025\/11\/DSC_0031_34351516-1.jpg","datePublished":"2025-11-28T15:07:34+00:00","breadcrumb":{"@id":"https:\/\/egyuttfejlodunk.hu\/en\/new-opportunities-for-the-little-ones-a-mini-nursery-opens-in-sumegpraga-2\/#breadcrumb"},"inLanguage":"hu","potentialAction":[{"@type":"ReadAction","target":["https:\/\/egyuttfejlodunk.hu\/en\/new-opportunities-for-the-little-ones-a-mini-nursery-opens-in-sumegpraga-2\/"]}]},{"@type":"ImageObject","inLanguage":"hu","@id":"https:\/\/egyuttfejlodunk.hu\/en\/new-opportunities-for-the-little-ones-a-mini-nursery-opens-in-sumegpraga-2\/#primaryimage","url":"https:\/\/egyuttfejlodunk.hu\/wp-content\/uploads\/2025\/11\/DSC_0031_34351516-1.jpg","contentUrl":"https:\/\/egyuttfejlodunk.hu\/wp-content\/uploads\/2025\/11\/DSC_0031_34351516-1.jpg","width":1920,"height":948},{"@type":"BreadcrumbList","@id":"https:\/\/egyuttfejlodunk.hu\/en\/new-opportunities-for-the-little-ones-a-mini-nursery-opens-in-sumegpraga-2\/#breadcrumb","itemListElement":[{"@type":"ListItem","position":1,"name":"Home","item":"https:\/\/egyuttfejlodunk.hu\/"},{"@type":"ListItem","position":2,"name":"New opportunities for the little ones \u2013 a mini nursery opens in S\u00fcmegpr\u00e1ga"}]},{"@type":"WebSite","@id":"https:\/\/egyuttfejlodunk.hu\/#website","url":"https:\/\/egyuttfejlodunk.hu\/","name":"Egy\u00fctt fejl\u0151d\u00fcnk","description":"","publisher":{"@id":"https:\/\/egyuttfejlodunk.hu\/#organization"},"potentialAction":[{"@type":"SearchAction","target":{"@type":"EntryPoint","urlTemplate":"https:\/\/egyuttfejlodunk.hu\/?s={search_term_string}"},"query-input":{"@type":"PropertyValueSpecification","valueRequired":true,"valueName":"search_term_string"}}],"inLanguage":"hu"},{"@type":"Organization","@id":"https:\/\/egyuttfejlodunk.hu\/#organization","name":"Egy\u00fctt fejl\u0151d\u00fcnk","url":"https:\/\/egyuttfejlodunk.hu\/","logo":{"@type":"ImageObject","inLanguage":"hu","@id":"https:\/\/egyuttfejlodunk.hu\/#\/schema\/logo\/image\/","url":"https:\/\/egyuttfejlodunk.hu\/wp-content\/uploads\/2026\/04\/ujlogo.jpg","contentUrl":"https:\/\/egyuttfejlodunk.hu\/wp-content\/uploads\/2026\/04\/ujlogo.jpg","width":350,"height":110,"caption":"Egy\u00fctt fejl\u0151d\u00fcnk"},"image":{"@id":"https:\/\/egyuttfejlodunk.hu\/#\/schema\/logo\/image\/"}},{"@type":"Person","@id":"https:\/\/egyuttfejlodunk.hu\/#\/schema\/person\/74d5e3661b874eed1958599cd4ca7bbd","name":"B\u00e1cskai Gabriella"}]}},"_links":{"self":[{"href":"https:\/\/egyuttfejlodunk.hu\/wp-json\/wp\/v2\/posts\/9357","targetHints":{"allow":["GET"]}}],"collection":[{"href":"https:\/\/egyuttfejlodunk.hu\/wp-json\/wp\/v2\/posts"}],"about":[{"href":"https:\/\/egyuttfejlodunk.hu\/wp-json\/wp\/v2\/types\/post"}],"author":[{"embeddable":true,"href":"https:\/\/egyuttfejlodunk.hu\/wp-json\/wp\/v2\/users\/17"}],"replies":[{"embeddable":true,"href":"https:\/\/egyuttfejlodunk.hu\/wp-json\/wp\/v2\/comments?post=9357"}],"version-history":[{"count":1,"href":"https:\/\/egyuttfejlodunk.hu\/wp-json\/wp\/v2\/posts\/9357\/revisions"}],"predecessor-version":[{"id":9358,"href":"https:\/\/egyuttfejlodunk.hu\/wp-json\/wp\/v2\/posts\/9357\/revisions\/9358"}],"wp:featuredmedia":[{"embeddable":true,"href":"https:\/\/egyuttfejlodunk.hu\/wp-json\/wp\/v2\/media\/9352"}],"wp:attachment":[{"href":"https:\/\/egyuttfejlodunk.hu\/wp-json\/wp\/v2\/media?parent=9357"}],"wp:term":[{"taxonomy":"category","embeddable":true,"href":"https:\/\/egyuttfejlodunk.hu\/wp-json\/wp\/v2\/categories?post=9357"},{"taxonomy":"post_tag","embeddable":true,"href":"https:\/\/egyuttfejlodunk.hu\/wp-json\/wp\/v2\/tags?post=9357"},{"taxonomy":"megye","embeddable":true,"href":"https:\/\/egyuttfejlodunk.hu\/wp-json\/wp\/v2\/megye?post=9357"}],"curies":[{"name":"wp","href":"https:\/\/api.w.org\/{rel}","templated":true}]}}