{"id":9385,"date":"2025-12-01T12:36:37","date_gmt":"2025-12-01T11:36:37","guid":{"rendered":"https:\/\/teszt.s152.mediacenter.hu\/egyuttfejlodunk\/?p=9385"},"modified":"2025-11-25T11:40:22","modified_gmt":"2025-11-25T10:40:22","slug":"st-stephen-square-in-esztergom-gets-a-stunning-makeover","status":"publish","type":"post","link":"https:\/\/egyuttfejlodunk.hu\/en\/st-stephen-square-in-esztergom-gets-a-stunning-makeover\/","title":{"rendered":"St. Stephen square in Esztergom gets a stunning makeover"},"content":{"rendered":"<p><strong>Among Esztergom\u2019s tourist attractions, the Basilica is undoubtedly the crown jewel. This impressive monument is becoming increasingly popular with both domestic and international visitors. Thanks to an EU-funded project, its surroundings have been upgraded and revitalized, giving a fresh boost to local tourism.<\/strong><\/p>\n<p>The Basilica is not only a historical and cultural landmark but also a spiritual center and a major tourist destination. The renovation has increased Esztergom\u2019s tourism appeal and marketing value, attracting more visitors to the city.<\/p>\n<table>\n<tbody>\n<tr>\n<td><span style=\"font-weight: 400;\">Castle Hill in Esztergom has been a key site in Hungarian history since the founding of the state. During Prince G\u00e9za\u2019s reign, it served as a royal seat, and St. Stephen was later crowned here. After the establishment of the Archdiocese of Esztergom, the old St. Adalbert Cathedral was built on the site. Following centuries of history, construction of the current monumental Basilica began in 1822 under Archbishop S\u00e1ndor Rudnay, based on the grand designs of P\u00e1l K\u00fchnel and J\u00e1nos Packh. The church was consecrated in 1856 and has since stood as Hungary\u2019s largest ecclesiastical building and a symbol of the country\u2019s Catholic life.<\/span><\/td>\n<\/tr>\n<\/tbody>\n<\/table>\n<p>Visitors approach the Basilica via a large artificial ramp from St. Stephen Square. As part of the project, the ramp was completely renovated, and the cobblestone paths leading to the main cathedral were rebuilt. The landscaping project covered nearly 7,000 square meters, adding lawns, flowerbeds, and scattered paving for visual variety. A wide range of trees, shrubs, perennials, and saplings were planted, supported by an irrigation system. The electrical network and public lighting were upgraded, and 18 new benches and six informational boards were installed.<\/p>\n<p>A modern Tourinform Point was also established on the square. Part of a nationwide network of nearly 100 offices, it provides visitors with helpful information about the region. The project also produced a seven-language guide to Castle Hill.<\/p>\n<p>Thanks to these renovations, St. Stephen Square and Castle Hill are now more beautiful and visitor-friendly than ever, further enhancing the Basilica\u2019s and Esztergom\u2019s appeal as a top tourist destination.<\/p>\nngg_shortcode_0_placeholder\n<p>The development was implemented from EU funding in the project GINOP-7.1.9-17-2020-00043 under the Economic Development and Innovation Operational Programme.<\/p>\n<p>Find out more about the project in the Project Finder:&nbsp;<a class=\"tovabb\" href=\"https:\/\/www.palyazat.gov.hu\/eredmenyek\/tamogatott-projektek\/2566330201\" target=\"_blank\" rel=\"noopener\">Details<\/a><\/p>\n","protected":false},"excerpt":{"rendered":"<p>Among Esztergom\u2019s tourist attractions, the Basilica is undoubtedly the crown jewel. This impressive monument is becoming increasingly popular with both domestic and international visitors. Thanks to an EU-funded project, its surroundings have been upgraded and revitalized, giving a fresh boost to local tourism. The Basilica is not only a historical and cultural landmark but also a spiritual center and a major tourist destination. The renovation has increased Esztergom\u2019s tourism appeal and marketing value, attracting more&#8230;<\/p>\n","protected":false},"author":17,"featured_media":9362,"comment_status":"closed","ping_status":"closed","sticky":false,"template":"","format":"gallery","meta":{"_acf_changed":false,"ngg_post_thumbnail":0,"footnotes":""},"categories":[240],"tags":[],"megye":[],"class_list":["post-9385","post","type-post","status-publish","format-gallery","has-post-thumbnail","hentry","category-ginop-en","post_format-post-format-gallery"],"acf":[],"yoast_head":"<!-- This site is optimized with the Yoast SEO Premium plugin v28.4 (Yoast SEO v28.4) - https:\/\/yoast.com\/product\/yoast-seo-premium-wordpress\/ -->\n<title>St. Stephen square in Esztergom gets a stunning makeover - Egy\u00fctt fejl\u0151d\u00fcnk<\/title>\n<meta name=\"robots\" content=\"noindex, follow, max-snippet:-1, max-image-preview:large, max-video-preview:-1\" \/>\n<meta property=\"og:locale\" content=\"hu_HU\" \/>\n<meta property=\"og:type\" content=\"article\" \/>\n<meta property=\"og:title\" content=\"St. Stephen square in Esztergom gets a stunning makeover\" \/>\n<meta property=\"og:description\" content=\"Among Esztergom\u2019s tourist attractions, the Basilica is undoubtedly the crown jewel. This impressive monument is becoming increasingly popular with both domestic and international visitors. Thanks to an EU-funded project, its surroundings have been upgraded and revitalized, giving a fresh boost to local tourism. The Basilica is not only a historical and cultural landmark but also a spiritual center and a major tourist destination. The renovation has increased Esztergom\u2019s tourism appeal and marketing value, attracting more...\" \/>\n<meta property=\"og:url\" content=\"https:\/\/egyuttfejlodunk.hu\/en\/st-stephen-square-in-esztergom-gets-a-stunning-makeover\/\" \/>\n<meta property=\"og:site_name\" content=\"Egy\u00fctt fejl\u0151d\u00fcnk\" \/>\n<meta property=\"article:published_time\" content=\"2025-12-01T11:36:37+00:00\" \/>\n<meta property=\"og:image\" content=\"https:\/\/egyuttfejlodunk.hu\/wp-content\/uploads\/2025\/11\/Szent_istvan_ter_rampa-1.jpg\" \/>\n\t<meta property=\"og:image:width\" content=\"1600\" \/>\n\t<meta property=\"og:image:height\" content=\"942\" \/>\n\t<meta property=\"og:image:type\" content=\"image\/jpeg\" \/>\n<meta name=\"author\" content=\"B\u00e1cskai Gabriella\" \/>\n<meta name=\"twitter:card\" content=\"summary_large_image\" \/>\n<meta name=\"twitter:label1\" content=\"Szerz\u0151:\" \/>\n\t<meta name=\"twitter:data1\" content=\"B\u00e1cskai Gabriella\" \/>\n\t<meta name=\"twitter:label2\" content=\"Becs\u00fclt olvas\u00e1si id\u0151\" \/>\n\t<meta name=\"twitter:data2\" content=\"2 perc\" \/>\n<script type=\"application\/ld+json\" class=\"yoast-schema-graph\">{\"@context\":\"https:\\\/\\\/schema.org\",\"@graph\":[{\"@type\":\"Article\",\"@id\":\"https:\\\/\\\/egyuttfejlodunk.hu\\\/en\\\/st-stephen-square-in-esztergom-gets-a-stunning-makeover\\\/#article\",\"isPartOf\":{\"@id\":\"https:\\\/\\\/egyuttfejlodunk.hu\\\/en\\\/st-stephen-square-in-esztergom-gets-a-stunning-makeover\\\/\"},\"author\":{\"name\":\"B\u00e1cskai Gabriella\",\"@id\":\"https:\\\/\\\/egyuttfejlodunk.hu\\\/#\\\/schema\\\/person\\\/74d5e3661b874eed1958599cd4ca7bbd\"},\"headline\":\"St. Stephen square in Esztergom gets a stunning makeover\",\"datePublished\":\"2025-12-01T11:36:37+00:00\",\"mainEntityOfPage\":{\"@id\":\"https:\\\/\\\/egyuttfejlodunk.hu\\\/en\\\/st-stephen-square-in-esztergom-gets-a-stunning-makeover\\\/\"},\"wordCount\":394,\"publisher\":{\"@id\":\"https:\\\/\\\/egyuttfejlodunk.hu\\\/#organization\"},\"image\":{\"@id\":\"https:\\\/\\\/egyuttfejlodunk.hu\\\/en\\\/st-stephen-square-in-esztergom-gets-a-stunning-makeover\\\/#primaryimage\"},\"thumbnailUrl\":\"https:\\\/\\\/egyuttfejlodunk.hu\\\/wp-content\\\/uploads\\\/2025\\\/11\\\/Szent_istvan_ter_rampa-1.jpg\",\"articleSection\":[\"Ginop\"],\"inLanguage\":\"hu\"},{\"@type\":\"WebPage\",\"@id\":\"https:\\\/\\\/egyuttfejlodunk.hu\\\/en\\\/st-stephen-square-in-esztergom-gets-a-stunning-makeover\\\/\",\"url\":\"https:\\\/\\\/egyuttfejlodunk.hu\\\/en\\\/st-stephen-square-in-esztergom-gets-a-stunning-makeover\\\/\",\"name\":\"St. Stephen square in Esztergom gets a stunning makeover - Egy\u00fctt fejl\u0151d\u00fcnk\",\"isPartOf\":{\"@id\":\"https:\\\/\\\/egyuttfejlodunk.hu\\\/#website\"},\"primaryImageOfPage\":{\"@id\":\"https:\\\/\\\/egyuttfejlodunk.hu\\\/en\\\/st-stephen-square-in-esztergom-gets-a-stunning-makeover\\\/#primaryimage\"},\"image\":{\"@id\":\"https:\\\/\\\/egyuttfejlodunk.hu\\\/en\\\/st-stephen-square-in-esztergom-gets-a-stunning-makeover\\\/#primaryimage\"},\"thumbnailUrl\":\"https:\\\/\\\/egyuttfejlodunk.hu\\\/wp-content\\\/uploads\\\/2025\\\/11\\\/Szent_istvan_ter_rampa-1.jpg\",\"datePublished\":\"2025-12-01T11:36:37+00:00\",\"breadcrumb\":{\"@id\":\"https:\\\/\\\/egyuttfejlodunk.hu\\\/en\\\/st-stephen-square-in-esztergom-gets-a-stunning-makeover\\\/#breadcrumb\"},\"inLanguage\":\"hu\",\"potentialAction\":[{\"@type\":\"ReadAction\",\"target\":[\"https:\\\/\\\/egyuttfejlodunk.hu\\\/en\\\/st-stephen-square-in-esztergom-gets-a-stunning-makeover\\\/\"]}]},{\"@type\":\"ImageObject\",\"inLanguage\":\"hu\",\"@id\":\"https:\\\/\\\/egyuttfejlodunk.hu\\\/en\\\/st-stephen-square-in-esztergom-gets-a-stunning-makeover\\\/#primaryimage\",\"url\":\"https:\\\/\\\/egyuttfejlodunk.hu\\\/wp-content\\\/uploads\\\/2025\\\/11\\\/Szent_istvan_ter_rampa-1.jpg\",\"contentUrl\":\"https:\\\/\\\/egyuttfejlodunk.hu\\\/wp-content\\\/uploads\\\/2025\\\/11\\\/Szent_istvan_ter_rampa-1.jpg\",\"width\":1600,\"height\":942},{\"@type\":\"BreadcrumbList\",\"@id\":\"https:\\\/\\\/egyuttfejlodunk.hu\\\/en\\\/st-stephen-square-in-esztergom-gets-a-stunning-makeover\\\/#breadcrumb\",\"itemListElement\":[{\"@type\":\"ListItem\",\"position\":1,\"name\":\"Home\",\"item\":\"https:\\\/\\\/egyuttfejlodunk.hu\\\/\"},{\"@type\":\"ListItem\",\"position\":2,\"name\":\"St. Stephen square in Esztergom gets a stunning makeover\"}]},{\"@type\":\"WebSite\",\"@id\":\"https:\\\/\\\/egyuttfejlodunk.hu\\\/#website\",\"url\":\"https:\\\/\\\/egyuttfejlodunk.hu\\\/\",\"name\":\"Egy\u00fctt fejl\u0151d\u00fcnk\",\"description\":\"\",\"publisher\":{\"@id\":\"https:\\\/\\\/egyuttfejlodunk.hu\\\/#organization\"},\"potentialAction\":[{\"@type\":\"SearchAction\",\"target\":{\"@type\":\"EntryPoint\",\"urlTemplate\":\"https:\\\/\\\/egyuttfejlodunk.hu\\\/?s={search_term_string}\"},\"query-input\":{\"@type\":\"PropertyValueSpecification\",\"valueRequired\":true,\"valueName\":\"search_term_string\"}}],\"inLanguage\":\"hu\"},{\"@type\":\"Organization\",\"@id\":\"https:\\\/\\\/egyuttfejlodunk.hu\\\/#organization\",\"name\":\"Egy\u00fctt fejl\u0151d\u00fcnk\",\"url\":\"https:\\\/\\\/egyuttfejlodunk.hu\\\/\",\"logo\":{\"@type\":\"ImageObject\",\"inLanguage\":\"hu\",\"@id\":\"https:\\\/\\\/egyuttfejlodunk.hu\\\/#\\\/schema\\\/logo\\\/image\\\/\",\"url\":\"https:\\\/\\\/egyuttfejlodunk.hu\\\/wp-content\\\/uploads\\\/2026\\\/04\\\/ujlogo.jpg\",\"contentUrl\":\"https:\\\/\\\/egyuttfejlodunk.hu\\\/wp-content\\\/uploads\\\/2026\\\/04\\\/ujlogo.jpg\",\"width\":350,\"height\":110,\"caption\":\"Egy\u00fctt fejl\u0151d\u00fcnk\"},\"image\":{\"@id\":\"https:\\\/\\\/egyuttfejlodunk.hu\\\/#\\\/schema\\\/logo\\\/image\\\/\"}},{\"@type\":\"Person\",\"@id\":\"https:\\\/\\\/egyuttfejlodunk.hu\\\/#\\\/schema\\\/person\\\/74d5e3661b874eed1958599cd4ca7bbd\",\"name\":\"B\u00e1cskai Gabriella\"}]}<\/script>\n<!-- \/ Yoast SEO Premium plugin. -->","yoast_head_json":{"title":"St. Stephen square in Esztergom gets a stunning makeover - Egy\u00fctt fejl\u0151d\u00fcnk","robots":{"index":"noindex","follow":"follow","max-snippet":"max-snippet:-1","max-image-preview":"max-image-preview:large","max-video-preview":"max-video-preview:-1"},"og_locale":"hu_HU","og_type":"article","og_title":"St. Stephen square in Esztergom gets a stunning makeover","og_description":"Among Esztergom\u2019s tourist attractions, the Basilica is undoubtedly the crown jewel. This impressive monument is becoming increasingly popular with both domestic and international visitors. Thanks to an EU-funded project, its surroundings have been upgraded and revitalized, giving a fresh boost to local tourism. The Basilica is not only a historical and cultural landmark but also a spiritual center and a major tourist destination. The renovation has increased Esztergom\u2019s tourism appeal and marketing value, attracting more...","og_url":"https:\/\/egyuttfejlodunk.hu\/en\/st-stephen-square-in-esztergom-gets-a-stunning-makeover\/","og_site_name":"Egy\u00fctt fejl\u0151d\u00fcnk","article_published_time":"2025-12-01T11:36:37+00:00","og_image":[{"width":1600,"height":942,"url":"https:\/\/egyuttfejlodunk.hu\/wp-content\/uploads\/2025\/11\/Szent_istvan_ter_rampa-1.jpg","type":"image\/jpeg"}],"author":"B\u00e1cskai Gabriella","twitter_card":"summary_large_image","twitter_misc":{"Szerz\u0151:":"B\u00e1cskai Gabriella","Becs\u00fclt olvas\u00e1si id\u0151":"2 perc"},"schema":{"@context":"https:\/\/schema.org","@graph":[{"@type":"Article","@id":"https:\/\/egyuttfejlodunk.hu\/en\/st-stephen-square-in-esztergom-gets-a-stunning-makeover\/#article","isPartOf":{"@id":"https:\/\/egyuttfejlodunk.hu\/en\/st-stephen-square-in-esztergom-gets-a-stunning-makeover\/"},"author":{"name":"B\u00e1cskai Gabriella","@id":"https:\/\/egyuttfejlodunk.hu\/#\/schema\/person\/74d5e3661b874eed1958599cd4ca7bbd"},"headline":"St. Stephen square in Esztergom gets a stunning makeover","datePublished":"2025-12-01T11:36:37+00:00","mainEntityOfPage":{"@id":"https:\/\/egyuttfejlodunk.hu\/en\/st-stephen-square-in-esztergom-gets-a-stunning-makeover\/"},"wordCount":394,"publisher":{"@id":"https:\/\/egyuttfejlodunk.hu\/#organization"},"image":{"@id":"https:\/\/egyuttfejlodunk.hu\/en\/st-stephen-square-in-esztergom-gets-a-stunning-makeover\/#primaryimage"},"thumbnailUrl":"https:\/\/egyuttfejlodunk.hu\/wp-content\/uploads\/2025\/11\/Szent_istvan_ter_rampa-1.jpg","articleSection":["Ginop"],"inLanguage":"hu"},{"@type":"WebPage","@id":"https:\/\/egyuttfejlodunk.hu\/en\/st-stephen-square-in-esztergom-gets-a-stunning-makeover\/","url":"https:\/\/egyuttfejlodunk.hu\/en\/st-stephen-square-in-esztergom-gets-a-stunning-makeover\/","name":"St. Stephen square in Esztergom gets a stunning makeover - Egy\u00fctt fejl\u0151d\u00fcnk","isPartOf":{"@id":"https:\/\/egyuttfejlodunk.hu\/#website"},"primaryImageOfPage":{"@id":"https:\/\/egyuttfejlodunk.hu\/en\/st-stephen-square-in-esztergom-gets-a-stunning-makeover\/#primaryimage"},"image":{"@id":"https:\/\/egyuttfejlodunk.hu\/en\/st-stephen-square-in-esztergom-gets-a-stunning-makeover\/#primaryimage"},"thumbnailUrl":"https:\/\/egyuttfejlodunk.hu\/wp-content\/uploads\/2025\/11\/Szent_istvan_ter_rampa-1.jpg","datePublished":"2025-12-01T11:36:37+00:00","breadcrumb":{"@id":"https:\/\/egyuttfejlodunk.hu\/en\/st-stephen-square-in-esztergom-gets-a-stunning-makeover\/#breadcrumb"},"inLanguage":"hu","potentialAction":[{"@type":"ReadAction","target":["https:\/\/egyuttfejlodunk.hu\/en\/st-stephen-square-in-esztergom-gets-a-stunning-makeover\/"]}]},{"@type":"ImageObject","inLanguage":"hu","@id":"https:\/\/egyuttfejlodunk.hu\/en\/st-stephen-square-in-esztergom-gets-a-stunning-makeover\/#primaryimage","url":"https:\/\/egyuttfejlodunk.hu\/wp-content\/uploads\/2025\/11\/Szent_istvan_ter_rampa-1.jpg","contentUrl":"https:\/\/egyuttfejlodunk.hu\/wp-content\/uploads\/2025\/11\/Szent_istvan_ter_rampa-1.jpg","width":1600,"height":942},{"@type":"BreadcrumbList","@id":"https:\/\/egyuttfejlodunk.hu\/en\/st-stephen-square-in-esztergom-gets-a-stunning-makeover\/#breadcrumb","itemListElement":[{"@type":"ListItem","position":1,"name":"Home","item":"https:\/\/egyuttfejlodunk.hu\/"},{"@type":"ListItem","position":2,"name":"St. Stephen square in Esztergom gets a stunning makeover"}]},{"@type":"WebSite","@id":"https:\/\/egyuttfejlodunk.hu\/#website","url":"https:\/\/egyuttfejlodunk.hu\/","name":"Egy\u00fctt fejl\u0151d\u00fcnk","description":"","publisher":{"@id":"https:\/\/egyuttfejlodunk.hu\/#organization"},"potentialAction":[{"@type":"SearchAction","target":{"@type":"EntryPoint","urlTemplate":"https:\/\/egyuttfejlodunk.hu\/?s={search_term_string}"},"query-input":{"@type":"PropertyValueSpecification","valueRequired":true,"valueName":"search_term_string"}}],"inLanguage":"hu"},{"@type":"Organization","@id":"https:\/\/egyuttfejlodunk.hu\/#organization","name":"Egy\u00fctt fejl\u0151d\u00fcnk","url":"https:\/\/egyuttfejlodunk.hu\/","logo":{"@type":"ImageObject","inLanguage":"hu","@id":"https:\/\/egyuttfejlodunk.hu\/#\/schema\/logo\/image\/","url":"https:\/\/egyuttfejlodunk.hu\/wp-content\/uploads\/2026\/04\/ujlogo.jpg","contentUrl":"https:\/\/egyuttfejlodunk.hu\/wp-content\/uploads\/2026\/04\/ujlogo.jpg","width":350,"height":110,"caption":"Egy\u00fctt fejl\u0151d\u00fcnk"},"image":{"@id":"https:\/\/egyuttfejlodunk.hu\/#\/schema\/logo\/image\/"}},{"@type":"Person","@id":"https:\/\/egyuttfejlodunk.hu\/#\/schema\/person\/74d5e3661b874eed1958599cd4ca7bbd","name":"B\u00e1cskai Gabriella"}]}},"_links":{"self":[{"href":"https:\/\/egyuttfejlodunk.hu\/wp-json\/wp\/v2\/posts\/9385","targetHints":{"allow":["GET"]}}],"collection":[{"href":"https:\/\/egyuttfejlodunk.hu\/wp-json\/wp\/v2\/posts"}],"about":[{"href":"https:\/\/egyuttfejlodunk.hu\/wp-json\/wp\/v2\/types\/post"}],"author":[{"embeddable":true,"href":"https:\/\/egyuttfejlodunk.hu\/wp-json\/wp\/v2\/users\/17"}],"replies":[{"embeddable":true,"href":"https:\/\/egyuttfejlodunk.hu\/wp-json\/wp\/v2\/comments?post=9385"}],"version-history":[{"count":3,"href":"https:\/\/egyuttfejlodunk.hu\/wp-json\/wp\/v2\/posts\/9385\/revisions"}],"predecessor-version":[{"id":9390,"href":"https:\/\/egyuttfejlodunk.hu\/wp-json\/wp\/v2\/posts\/9385\/revisions\/9390"}],"wp:featuredmedia":[{"embeddable":true,"href":"https:\/\/egyuttfejlodunk.hu\/wp-json\/wp\/v2\/media\/9362"}],"wp:attachment":[{"href":"https:\/\/egyuttfejlodunk.hu\/wp-json\/wp\/v2\/media?parent=9385"}],"wp:term":[{"taxonomy":"category","embeddable":true,"href":"https:\/\/egyuttfejlodunk.hu\/wp-json\/wp\/v2\/categories?post=9385"},{"taxonomy":"post_tag","embeddable":true,"href":"https:\/\/egyuttfejlodunk.hu\/wp-json\/wp\/v2\/tags?post=9385"},{"taxonomy":"megye","embeddable":true,"href":"https:\/\/egyuttfejlodunk.hu\/wp-json\/wp\/v2\/megye?post=9385"}],"curies":[{"name":"wp","href":"https:\/\/api.w.org\/{rel}","templated":true}]}}