{"id":9442,"date":"2025-12-10T14:20:08","date_gmt":"2025-12-10T13:20:08","guid":{"rendered":"https:\/\/teszt.s152.mediacenter.hu\/egyuttfejlodunk\/?p=9442"},"modified":"2025-12-19T13:09:02","modified_gmt":"2025-12-19T12:09:02","slug":"the-future-of-kozarmisleny-for-the-youngest-residents","status":"publish","type":"post","link":"https:\/\/egyuttfejlodunk.hu\/en\/the-future-of-kozarmisleny-for-the-youngest-residents\/","title":{"rendered":"The future of Koz\u00e1rmisleny for the youngest residents"},"content":{"rendered":"<p><strong>For a smaller community like Koz\u00e1rmisleny, every development that improves the quality of life for local residents is a source of pride and joy. The expansion of the Janikovszky \u00c9va Nursery and Kindergarten is one such milestone: thanks to European Union funding, the institution has increased its capacity and acquired modern equipment.<\/strong><\/p>\n<p>For the youngest children, it is particularly important to have opportunities for early socialization, building relationships, and learning from both their peers and caregivers. Every parent finds it reassuring when the nursery their child attends provides a truly welcoming and nurturing environment. This sense of trust and calm also makes returning to work much easier.<\/p>\n<p>Previously, the Koz\u00e1rmisleny nursery could accommodate 42 children, but the project has added 14 new places. As part of the development, four fully accessible classrooms were created, equipped with modern furnishings and toys, allowing children to spend their days in a high-quality environment full of stimuli and experiences.<\/p>\n<p>The investment also included the installation of new, safe outdoor play equipment that supports children\u2019s physical development and joyful play. Sufficient parking spaces, including accessible spots, were added to make drop-offs and pick-ups easier for parents.<\/p>\n<p>As a result of this development, Koz\u00e1rmisleny now has an institution that will support families in their daily lives for years to come and strengthen the town\u2019s ability to retain its residents.<\/p>\nngg_shortcode_0_placeholder\n<p>The development was implemented from EU funding in the project TOP-1.4.1-19-BA1-2019-00005 under the Territorial and Settlement Development Operational Programme.<\/p>\n<p>Find out more about the project in the Project Finder:&nbsp;<a class=\"tovabb\" href=\"https:\/\/www.palyazat.gov.hu\/eredmenyek\/tamogatott-projektek\/2148450201\" target=\"_blank\" rel=\"noopener\">Details<\/a><\/p>\n","protected":false},"excerpt":{"rendered":"<p>For a smaller community like Koz\u00e1rmisleny, every development that improves the quality of life for local residents is a source of pride and joy. The expansion of the Janikovszky \u00c9va Nursery and Kindergarten is one such milestone: thanks to European Union funding, the institution has increased its capacity and acquired modern equipment. For the youngest children, it is particularly important to have opportunities for early socialization, building relationships, and learning from both their peers and&#8230;<\/p>\n","protected":false},"author":23,"featured_media":9430,"comment_status":"closed","ping_status":"closed","sticky":false,"template":"","format":"standard","meta":{"_acf_changed":false,"ngg_post_thumbnail":0,"footnotes":""},"categories":[380],"tags":[],"megye":[],"class_list":["post-9442","post","type-post","status-publish","format-standard","has-post-thumbnail","hentry","category-top-en"],"acf":[],"yoast_head":"<!-- This site is optimized with the Yoast SEO Premium plugin v28.4 (Yoast SEO v28.4) - https:\/\/yoast.com\/product\/yoast-seo-premium-wordpress\/ -->\n<title>The future of Koz\u00e1rmisleny for the youngest residents - Egy\u00fctt fejl\u0151d\u00fcnk<\/title>\n<meta name=\"robots\" content=\"noindex, follow, max-snippet:-1, max-image-preview:large, max-video-preview:-1\" \/>\n<meta property=\"og:locale\" content=\"hu_HU\" \/>\n<meta property=\"og:type\" content=\"article\" \/>\n<meta property=\"og:title\" content=\"The future of Koz\u00e1rmisleny for the youngest residents\" \/>\n<meta property=\"og:description\" content=\"For a smaller community like Koz\u00e1rmisleny, every development that improves the quality of life for local residents is a source of pride and joy. The expansion of the Janikovszky \u00c9va Nursery and Kindergarten is one such milestone: thanks to European Union funding, the institution has increased its capacity and acquired modern equipment. For the youngest children, it is particularly important to have opportunities for early socialization, building relationships, and learning from both their peers and...\" \/>\n<meta property=\"og:url\" content=\"https:\/\/egyuttfejlodunk.hu\/en\/the-future-of-kozarmisleny-for-the-youngest-residents\/\" \/>\n<meta property=\"og:site_name\" content=\"Egy\u00fctt fejl\u0151d\u00fcnk\" \/>\n<meta property=\"article:published_time\" content=\"2025-12-10T13:20:08+00:00\" \/>\n<meta property=\"article:modified_time\" content=\"2025-12-19T12:09:02+00:00\" \/>\n<meta property=\"og:image\" content=\"https:\/\/egyuttfejlodunk.hu\/wp-content\/uploads\/2025\/12\/pexels-pixabay-47220.jpg\" \/>\n\t<meta property=\"og:image:width\" content=\"1920\" \/>\n\t<meta property=\"og:image:height\" content=\"931\" \/>\n\t<meta property=\"og:image:type\" content=\"image\/jpeg\" \/>\n<meta name=\"author\" content=\"Szab\u00f3 Evelin\" \/>\n<meta name=\"twitter:card\" content=\"summary_large_image\" \/>\n<meta name=\"twitter:label1\" content=\"Szerz\u0151:\" \/>\n\t<meta name=\"twitter:data1\" content=\"Szab\u00f3 Evelin\" \/>\n\t<meta name=\"twitter:label2\" content=\"Becs\u00fclt olvas\u00e1si id\u0151\" \/>\n\t<meta name=\"twitter:data2\" content=\"1 perc\" \/>\n<script type=\"application\/ld+json\" class=\"yoast-schema-graph\">{\"@context\":\"https:\\\/\\\/schema.org\",\"@graph\":[{\"@type\":\"Article\",\"@id\":\"https:\\\/\\\/egyuttfejlodunk.hu\\\/en\\\/the-future-of-kozarmisleny-for-the-youngest-residents\\\/#article\",\"isPartOf\":{\"@id\":\"https:\\\/\\\/egyuttfejlodunk.hu\\\/en\\\/the-future-of-kozarmisleny-for-the-youngest-residents\\\/\"},\"author\":{\"name\":\"Szab\u00f3 Evelin\",\"@id\":\"https:\\\/\\\/egyuttfejlodunk.hu\\\/#\\\/schema\\\/person\\\/172a88f23f4f1fb8bbd7bfcddb0ce254\"},\"headline\":\"The future of Koz\u00e1rmisleny for the youngest residents\",\"datePublished\":\"2025-12-10T13:20:08+00:00\",\"dateModified\":\"2025-12-19T12:09:02+00:00\",\"mainEntityOfPage\":{\"@id\":\"https:\\\/\\\/egyuttfejlodunk.hu\\\/en\\\/the-future-of-kozarmisleny-for-the-youngest-residents\\\/\"},\"wordCount\":278,\"publisher\":{\"@id\":\"https:\\\/\\\/egyuttfejlodunk.hu\\\/#organization\"},\"image\":{\"@id\":\"https:\\\/\\\/egyuttfejlodunk.hu\\\/en\\\/the-future-of-kozarmisleny-for-the-youngest-residents\\\/#primaryimage\"},\"thumbnailUrl\":\"https:\\\/\\\/egyuttfejlodunk.hu\\\/wp-content\\\/uploads\\\/2025\\\/12\\\/pexels-pixabay-47220.jpg\",\"articleSection\":[\"Top\"],\"inLanguage\":\"hu\"},{\"@type\":\"WebPage\",\"@id\":\"https:\\\/\\\/egyuttfejlodunk.hu\\\/en\\\/the-future-of-kozarmisleny-for-the-youngest-residents\\\/\",\"url\":\"https:\\\/\\\/egyuttfejlodunk.hu\\\/en\\\/the-future-of-kozarmisleny-for-the-youngest-residents\\\/\",\"name\":\"The future of Koz\u00e1rmisleny for the youngest residents - Egy\u00fctt fejl\u0151d\u00fcnk\",\"isPartOf\":{\"@id\":\"https:\\\/\\\/egyuttfejlodunk.hu\\\/#website\"},\"primaryImageOfPage\":{\"@id\":\"https:\\\/\\\/egyuttfejlodunk.hu\\\/en\\\/the-future-of-kozarmisleny-for-the-youngest-residents\\\/#primaryimage\"},\"image\":{\"@id\":\"https:\\\/\\\/egyuttfejlodunk.hu\\\/en\\\/the-future-of-kozarmisleny-for-the-youngest-residents\\\/#primaryimage\"},\"thumbnailUrl\":\"https:\\\/\\\/egyuttfejlodunk.hu\\\/wp-content\\\/uploads\\\/2025\\\/12\\\/pexels-pixabay-47220.jpg\",\"datePublished\":\"2025-12-10T13:20:08+00:00\",\"dateModified\":\"2025-12-19T12:09:02+00:00\",\"breadcrumb\":{\"@id\":\"https:\\\/\\\/egyuttfejlodunk.hu\\\/en\\\/the-future-of-kozarmisleny-for-the-youngest-residents\\\/#breadcrumb\"},\"inLanguage\":\"hu\",\"potentialAction\":[{\"@type\":\"ReadAction\",\"target\":[\"https:\\\/\\\/egyuttfejlodunk.hu\\\/en\\\/the-future-of-kozarmisleny-for-the-youngest-residents\\\/\"]}]},{\"@type\":\"ImageObject\",\"inLanguage\":\"hu\",\"@id\":\"https:\\\/\\\/egyuttfejlodunk.hu\\\/en\\\/the-future-of-kozarmisleny-for-the-youngest-residents\\\/#primaryimage\",\"url\":\"https:\\\/\\\/egyuttfejlodunk.hu\\\/wp-content\\\/uploads\\\/2025\\\/12\\\/pexels-pixabay-47220.jpg\",\"contentUrl\":\"https:\\\/\\\/egyuttfejlodunk.hu\\\/wp-content\\\/uploads\\\/2025\\\/12\\\/pexels-pixabay-47220.jpg\",\"width\":1920,\"height\":931},{\"@type\":\"BreadcrumbList\",\"@id\":\"https:\\\/\\\/egyuttfejlodunk.hu\\\/en\\\/the-future-of-kozarmisleny-for-the-youngest-residents\\\/#breadcrumb\",\"itemListElement\":[{\"@type\":\"ListItem\",\"position\":1,\"name\":\"Home\",\"item\":\"https:\\\/\\\/egyuttfejlodunk.hu\\\/\"},{\"@type\":\"ListItem\",\"position\":2,\"name\":\"The future of Koz\u00e1rmisleny for the youngest residents\"}]},{\"@type\":\"WebSite\",\"@id\":\"https:\\\/\\\/egyuttfejlodunk.hu\\\/#website\",\"url\":\"https:\\\/\\\/egyuttfejlodunk.hu\\\/\",\"name\":\"Egy\u00fctt fejl\u0151d\u00fcnk\",\"description\":\"\",\"publisher\":{\"@id\":\"https:\\\/\\\/egyuttfejlodunk.hu\\\/#organization\"},\"potentialAction\":[{\"@type\":\"SearchAction\",\"target\":{\"@type\":\"EntryPoint\",\"urlTemplate\":\"https:\\\/\\\/egyuttfejlodunk.hu\\\/?s={search_term_string}\"},\"query-input\":{\"@type\":\"PropertyValueSpecification\",\"valueRequired\":true,\"valueName\":\"search_term_string\"}}],\"inLanguage\":\"hu\"},{\"@type\":\"Organization\",\"@id\":\"https:\\\/\\\/egyuttfejlodunk.hu\\\/#organization\",\"name\":\"Egy\u00fctt fejl\u0151d\u00fcnk\",\"url\":\"https:\\\/\\\/egyuttfejlodunk.hu\\\/\",\"logo\":{\"@type\":\"ImageObject\",\"inLanguage\":\"hu\",\"@id\":\"https:\\\/\\\/egyuttfejlodunk.hu\\\/#\\\/schema\\\/logo\\\/image\\\/\",\"url\":\"https:\\\/\\\/egyuttfejlodunk.hu\\\/wp-content\\\/uploads\\\/2026\\\/04\\\/ujlogo.jpg\",\"contentUrl\":\"https:\\\/\\\/egyuttfejlodunk.hu\\\/wp-content\\\/uploads\\\/2026\\\/04\\\/ujlogo.jpg\",\"width\":350,\"height\":110,\"caption\":\"Egy\u00fctt fejl\u0151d\u00fcnk\"},\"image\":{\"@id\":\"https:\\\/\\\/egyuttfejlodunk.hu\\\/#\\\/schema\\\/logo\\\/image\\\/\"}},{\"@type\":\"Person\",\"@id\":\"https:\\\/\\\/egyuttfejlodunk.hu\\\/#\\\/schema\\\/person\\\/172a88f23f4f1fb8bbd7bfcddb0ce254\",\"name\":\"Szab\u00f3 Evelin\"}]}<\/script>\n<!-- \/ Yoast SEO Premium plugin. -->","yoast_head_json":{"title":"The future of Koz\u00e1rmisleny for the youngest residents - Egy\u00fctt fejl\u0151d\u00fcnk","robots":{"index":"noindex","follow":"follow","max-snippet":"max-snippet:-1","max-image-preview":"max-image-preview:large","max-video-preview":"max-video-preview:-1"},"og_locale":"hu_HU","og_type":"article","og_title":"The future of Koz\u00e1rmisleny for the youngest residents","og_description":"For a smaller community like Koz\u00e1rmisleny, every development that improves the quality of life for local residents is a source of pride and joy. The expansion of the Janikovszky \u00c9va Nursery and Kindergarten is one such milestone: thanks to European Union funding, the institution has increased its capacity and acquired modern equipment. For the youngest children, it is particularly important to have opportunities for early socialization, building relationships, and learning from both their peers and...","og_url":"https:\/\/egyuttfejlodunk.hu\/en\/the-future-of-kozarmisleny-for-the-youngest-residents\/","og_site_name":"Egy\u00fctt fejl\u0151d\u00fcnk","article_published_time":"2025-12-10T13:20:08+00:00","article_modified_time":"2025-12-19T12:09:02+00:00","og_image":[{"width":1920,"height":931,"url":"https:\/\/egyuttfejlodunk.hu\/wp-content\/uploads\/2025\/12\/pexels-pixabay-47220.jpg","type":"image\/jpeg"}],"author":"Szab\u00f3 Evelin","twitter_card":"summary_large_image","twitter_misc":{"Szerz\u0151:":"Szab\u00f3 Evelin","Becs\u00fclt olvas\u00e1si id\u0151":"1 perc"},"schema":{"@context":"https:\/\/schema.org","@graph":[{"@type":"Article","@id":"https:\/\/egyuttfejlodunk.hu\/en\/the-future-of-kozarmisleny-for-the-youngest-residents\/#article","isPartOf":{"@id":"https:\/\/egyuttfejlodunk.hu\/en\/the-future-of-kozarmisleny-for-the-youngest-residents\/"},"author":{"name":"Szab\u00f3 Evelin","@id":"https:\/\/egyuttfejlodunk.hu\/#\/schema\/person\/172a88f23f4f1fb8bbd7bfcddb0ce254"},"headline":"The future of Koz\u00e1rmisleny for the youngest residents","datePublished":"2025-12-10T13:20:08+00:00","dateModified":"2025-12-19T12:09:02+00:00","mainEntityOfPage":{"@id":"https:\/\/egyuttfejlodunk.hu\/en\/the-future-of-kozarmisleny-for-the-youngest-residents\/"},"wordCount":278,"publisher":{"@id":"https:\/\/egyuttfejlodunk.hu\/#organization"},"image":{"@id":"https:\/\/egyuttfejlodunk.hu\/en\/the-future-of-kozarmisleny-for-the-youngest-residents\/#primaryimage"},"thumbnailUrl":"https:\/\/egyuttfejlodunk.hu\/wp-content\/uploads\/2025\/12\/pexels-pixabay-47220.jpg","articleSection":["Top"],"inLanguage":"hu"},{"@type":"WebPage","@id":"https:\/\/egyuttfejlodunk.hu\/en\/the-future-of-kozarmisleny-for-the-youngest-residents\/","url":"https:\/\/egyuttfejlodunk.hu\/en\/the-future-of-kozarmisleny-for-the-youngest-residents\/","name":"The future of Koz\u00e1rmisleny for the youngest residents - Egy\u00fctt fejl\u0151d\u00fcnk","isPartOf":{"@id":"https:\/\/egyuttfejlodunk.hu\/#website"},"primaryImageOfPage":{"@id":"https:\/\/egyuttfejlodunk.hu\/en\/the-future-of-kozarmisleny-for-the-youngest-residents\/#primaryimage"},"image":{"@id":"https:\/\/egyuttfejlodunk.hu\/en\/the-future-of-kozarmisleny-for-the-youngest-residents\/#primaryimage"},"thumbnailUrl":"https:\/\/egyuttfejlodunk.hu\/wp-content\/uploads\/2025\/12\/pexels-pixabay-47220.jpg","datePublished":"2025-12-10T13:20:08+00:00","dateModified":"2025-12-19T12:09:02+00:00","breadcrumb":{"@id":"https:\/\/egyuttfejlodunk.hu\/en\/the-future-of-kozarmisleny-for-the-youngest-residents\/#breadcrumb"},"inLanguage":"hu","potentialAction":[{"@type":"ReadAction","target":["https:\/\/egyuttfejlodunk.hu\/en\/the-future-of-kozarmisleny-for-the-youngest-residents\/"]}]},{"@type":"ImageObject","inLanguage":"hu","@id":"https:\/\/egyuttfejlodunk.hu\/en\/the-future-of-kozarmisleny-for-the-youngest-residents\/#primaryimage","url":"https:\/\/egyuttfejlodunk.hu\/wp-content\/uploads\/2025\/12\/pexels-pixabay-47220.jpg","contentUrl":"https:\/\/egyuttfejlodunk.hu\/wp-content\/uploads\/2025\/12\/pexels-pixabay-47220.jpg","width":1920,"height":931},{"@type":"BreadcrumbList","@id":"https:\/\/egyuttfejlodunk.hu\/en\/the-future-of-kozarmisleny-for-the-youngest-residents\/#breadcrumb","itemListElement":[{"@type":"ListItem","position":1,"name":"Home","item":"https:\/\/egyuttfejlodunk.hu\/"},{"@type":"ListItem","position":2,"name":"The future of Koz\u00e1rmisleny for the youngest residents"}]},{"@type":"WebSite","@id":"https:\/\/egyuttfejlodunk.hu\/#website","url":"https:\/\/egyuttfejlodunk.hu\/","name":"Egy\u00fctt fejl\u0151d\u00fcnk","description":"","publisher":{"@id":"https:\/\/egyuttfejlodunk.hu\/#organization"},"potentialAction":[{"@type":"SearchAction","target":{"@type":"EntryPoint","urlTemplate":"https:\/\/egyuttfejlodunk.hu\/?s={search_term_string}"},"query-input":{"@type":"PropertyValueSpecification","valueRequired":true,"valueName":"search_term_string"}}],"inLanguage":"hu"},{"@type":"Organization","@id":"https:\/\/egyuttfejlodunk.hu\/#organization","name":"Egy\u00fctt fejl\u0151d\u00fcnk","url":"https:\/\/egyuttfejlodunk.hu\/","logo":{"@type":"ImageObject","inLanguage":"hu","@id":"https:\/\/egyuttfejlodunk.hu\/#\/schema\/logo\/image\/","url":"https:\/\/egyuttfejlodunk.hu\/wp-content\/uploads\/2026\/04\/ujlogo.jpg","contentUrl":"https:\/\/egyuttfejlodunk.hu\/wp-content\/uploads\/2026\/04\/ujlogo.jpg","width":350,"height":110,"caption":"Egy\u00fctt fejl\u0151d\u00fcnk"},"image":{"@id":"https:\/\/egyuttfejlodunk.hu\/#\/schema\/logo\/image\/"}},{"@type":"Person","@id":"https:\/\/egyuttfejlodunk.hu\/#\/schema\/person\/172a88f23f4f1fb8bbd7bfcddb0ce254","name":"Szab\u00f3 Evelin"}]}},"_links":{"self":[{"href":"https:\/\/egyuttfejlodunk.hu\/wp-json\/wp\/v2\/posts\/9442","targetHints":{"allow":["GET"]}}],"collection":[{"href":"https:\/\/egyuttfejlodunk.hu\/wp-json\/wp\/v2\/posts"}],"about":[{"href":"https:\/\/egyuttfejlodunk.hu\/wp-json\/wp\/v2\/types\/post"}],"author":[{"embeddable":true,"href":"https:\/\/egyuttfejlodunk.hu\/wp-json\/wp\/v2\/users\/23"}],"replies":[{"embeddable":true,"href":"https:\/\/egyuttfejlodunk.hu\/wp-json\/wp\/v2\/comments?post=9442"}],"version-history":[{"count":2,"href":"https:\/\/egyuttfejlodunk.hu\/wp-json\/wp\/v2\/posts\/9442\/revisions"}],"predecessor-version":[{"id":9541,"href":"https:\/\/egyuttfejlodunk.hu\/wp-json\/wp\/v2\/posts\/9442\/revisions\/9541"}],"wp:featuredmedia":[{"embeddable":true,"href":"https:\/\/egyuttfejlodunk.hu\/wp-json\/wp\/v2\/media\/9430"}],"wp:attachment":[{"href":"https:\/\/egyuttfejlodunk.hu\/wp-json\/wp\/v2\/media?parent=9442"}],"wp:term":[{"taxonomy":"category","embeddable":true,"href":"https:\/\/egyuttfejlodunk.hu\/wp-json\/wp\/v2\/categories?post=9442"},{"taxonomy":"post_tag","embeddable":true,"href":"https:\/\/egyuttfejlodunk.hu\/wp-json\/wp\/v2\/tags?post=9442"},{"taxonomy":"megye","embeddable":true,"href":"https:\/\/egyuttfejlodunk.hu\/wp-json\/wp\/v2\/megye?post=9442"}],"curies":[{"name":"wp","href":"https:\/\/api.w.org\/{rel}","templated":true}]}}