{"id":9512,"date":"2026-01-04T13:16:35","date_gmt":"2026-01-04T12:16:35","guid":{"rendered":"https:\/\/teszt.s152.mediacenter.hu\/egyuttfejlodunk\/?p=9512"},"modified":"2025-12-22T14:48:56","modified_gmt":"2025-12-22T13:48:56","slug":"supportive-environment-strong-community-new-opportunities-for-people-with-disabilities","status":"publish","type":"post","link":"https:\/\/egyuttfejlodunk.hu\/en\/supportive-environment-strong-community-new-opportunities-for-people-with-disabilities\/","title":{"rendered":"Supportive environment, strong community \u2013 new opportunities for people with disabilities"},"content":{"rendered":"<p>For people living with disabilities, any form of support that brings them closer to becoming full and active members of society is of invaluable importance. In the Sz\u0151ny district of Kom\u00e1rom, a development has been implemented that creates real opportunities and provides a stable foundation for everyday life for those in need of support.<\/p>\n<p>The \u201cWarmth of the Hearth\u201d Complex Supported Housing Programme was launched with the support of the European Union and enabled the purchase of two properties. As a result of the project, one of the buildings now operates as a modern, fully accessible social basic services centre, while the other offers supported, safe housing for twelve people with disabilities in a welcoming, home-like environment. Supported housing is available to adults who are employed and partly capable of independent living, but who require assistance and guidance in their daily lives.<\/p>\n<p>Beyond its essential support functions, the centre also serves as a genuine community space. Through day-care services, community programmes, and personalised support, participants gain experiences that strengthen social connections, increase independence, and help them cope with everyday challenges. Parent clubs, self-help groups, a wide range of cultural and leisure activities, as well as employment preparation programmes all contribute to making the centre a vibrant, inclusive, and supportive community hub. Accessibility was a key consideration during the planning phase, ensuring that services are easy for everyone to reach.<\/p>\n<p>The benefits of the project are significant on multiple levels. It provides complex, personalised support for people with disabilities, promotes independence, and improves quality of life, while also fostering social inclusion by enabling active participation in community life.<\/p>\nngg_shortcode_0_placeholder\n<p>The development was implemented from EU funding in the project EFOP-2.2.25-22-2022-00028 under the Human Resource Development Operational Programme.<\/p>\n<p>Find out more about the project in the Project Finder:<a class=\"tovabb\" href=\"https:\/\/www.palyazat.gov.hu\/eredmenyek\/tamogatott-projektek\/3671560201\" target=\"_blank\" rel=\"noopener\">Details<\/a><\/p>\n","protected":false},"excerpt":{"rendered":"<p>For people living with disabilities, any form of support that brings them closer to becoming full and active members of society is of invaluable importance. In the Sz\u0151ny district of Kom\u00e1rom, a development has been implemented that creates real opportunities and provides a stable foundation for everyday life for those in need of support. The \u201cWarmth of the Hearth\u201d Complex Supported Housing Programme was launched with the support of the European Union and enabled the&#8230;<\/p>\n","protected":false},"author":23,"featured_media":9479,"comment_status":"closed","ping_status":"closed","sticky":false,"template":"","format":"gallery","meta":{"_acf_changed":false,"ngg_post_thumbnail":0,"footnotes":""},"categories":[342],"tags":[],"megye":[],"class_list":["post-9512","post","type-post","status-publish","format-gallery","has-post-thumbnail","hentry","category-efop-en","post_format-post-format-gallery"],"acf":[],"yoast_head":"<!-- This site is optimized with the Yoast SEO Premium plugin v28.4 (Yoast SEO v28.4) - https:\/\/yoast.com\/product\/yoast-seo-premium-wordpress\/ -->\n<title>Supportive environment, strong community \u2013 new opportunities for people with disabilities - Egy\u00fctt fejl\u0151d\u00fcnk<\/title>\n<meta name=\"robots\" content=\"noindex, follow, max-snippet:-1, max-image-preview:large, max-video-preview:-1\" \/>\n<meta property=\"og:locale\" content=\"hu_HU\" \/>\n<meta property=\"og:type\" content=\"article\" \/>\n<meta property=\"og:title\" content=\"Supportive environment, strong community \u2013 new opportunities for people with disabilities\" \/>\n<meta property=\"og:description\" content=\"For people living with disabilities, any form of support that brings them closer to becoming full and active members of society is of invaluable importance. In the Sz\u0151ny district of Kom\u00e1rom, a development has been implemented that creates real opportunities and provides a stable foundation for everyday life for those in need of support. The \u201cWarmth of the Hearth\u201d Complex Supported Housing Programme was launched with the support of the European Union and enabled the...\" \/>\n<meta property=\"og:url\" content=\"https:\/\/egyuttfejlodunk.hu\/en\/supportive-environment-strong-community-new-opportunities-for-people-with-disabilities\/\" \/>\n<meta property=\"og:site_name\" content=\"Egy\u00fctt fejl\u0151d\u00fcnk\" \/>\n<meta property=\"article:published_time\" content=\"2026-01-04T12:16:35+00:00\" \/>\n<meta property=\"og:image\" content=\"https:\/\/egyuttfejlodunk.hu\/wp-content\/uploads\/2025\/12\/pexels-shotbyrain-4061216.jpg\" \/>\n\t<meta property=\"og:image:width\" content=\"1709\" \/>\n\t<meta property=\"og:image:height\" content=\"1920\" \/>\n\t<meta property=\"og:image:type\" content=\"image\/jpeg\" \/>\n<meta name=\"author\" content=\"Szab\u00f3 Evelin\" \/>\n<meta name=\"twitter:card\" content=\"summary_large_image\" \/>\n<meta name=\"twitter:label1\" content=\"Szerz\u0151:\" \/>\n\t<meta name=\"twitter:data1\" content=\"Szab\u00f3 Evelin\" \/>\n\t<meta name=\"twitter:label2\" content=\"Becs\u00fclt olvas\u00e1si id\u0151\" \/>\n\t<meta name=\"twitter:data2\" content=\"2 perc\" \/>\n<script type=\"application\/ld+json\" class=\"yoast-schema-graph\">{\"@context\":\"https:\\\/\\\/schema.org\",\"@graph\":[{\"@type\":\"Article\",\"@id\":\"https:\\\/\\\/egyuttfejlodunk.hu\\\/en\\\/supportive-environment-strong-community-new-opportunities-for-people-with-disabilities\\\/#article\",\"isPartOf\":{\"@id\":\"https:\\\/\\\/egyuttfejlodunk.hu\\\/en\\\/supportive-environment-strong-community-new-opportunities-for-people-with-disabilities\\\/\"},\"author\":{\"name\":\"Szab\u00f3 Evelin\",\"@id\":\"https:\\\/\\\/egyuttfejlodunk.hu\\\/#\\\/schema\\\/person\\\/172a88f23f4f1fb8bbd7bfcddb0ce254\"},\"headline\":\"Supportive environment, strong community \u2013 new opportunities for people with disabilities\",\"datePublished\":\"2026-01-04T12:16:35+00:00\",\"mainEntityOfPage\":{\"@id\":\"https:\\\/\\\/egyuttfejlodunk.hu\\\/en\\\/supportive-environment-strong-community-new-opportunities-for-people-with-disabilities\\\/\"},\"wordCount\":319,\"publisher\":{\"@id\":\"https:\\\/\\\/egyuttfejlodunk.hu\\\/#organization\"},\"image\":{\"@id\":\"https:\\\/\\\/egyuttfejlodunk.hu\\\/en\\\/supportive-environment-strong-community-new-opportunities-for-people-with-disabilities\\\/#primaryimage\"},\"thumbnailUrl\":\"https:\\\/\\\/egyuttfejlodunk.hu\\\/wp-content\\\/uploads\\\/2025\\\/12\\\/pexels-shotbyrain-4061216.jpg\",\"articleSection\":[\"EFOP\"],\"inLanguage\":\"hu\"},{\"@type\":\"WebPage\",\"@id\":\"https:\\\/\\\/egyuttfejlodunk.hu\\\/en\\\/supportive-environment-strong-community-new-opportunities-for-people-with-disabilities\\\/\",\"url\":\"https:\\\/\\\/egyuttfejlodunk.hu\\\/en\\\/supportive-environment-strong-community-new-opportunities-for-people-with-disabilities\\\/\",\"name\":\"Supportive environment, strong community \u2013 new opportunities for people with disabilities - Egy\u00fctt fejl\u0151d\u00fcnk\",\"isPartOf\":{\"@id\":\"https:\\\/\\\/egyuttfejlodunk.hu\\\/#website\"},\"primaryImageOfPage\":{\"@id\":\"https:\\\/\\\/egyuttfejlodunk.hu\\\/en\\\/supportive-environment-strong-community-new-opportunities-for-people-with-disabilities\\\/#primaryimage\"},\"image\":{\"@id\":\"https:\\\/\\\/egyuttfejlodunk.hu\\\/en\\\/supportive-environment-strong-community-new-opportunities-for-people-with-disabilities\\\/#primaryimage\"},\"thumbnailUrl\":\"https:\\\/\\\/egyuttfejlodunk.hu\\\/wp-content\\\/uploads\\\/2025\\\/12\\\/pexels-shotbyrain-4061216.jpg\",\"datePublished\":\"2026-01-04T12:16:35+00:00\",\"breadcrumb\":{\"@id\":\"https:\\\/\\\/egyuttfejlodunk.hu\\\/en\\\/supportive-environment-strong-community-new-opportunities-for-people-with-disabilities\\\/#breadcrumb\"},\"inLanguage\":\"hu\",\"potentialAction\":[{\"@type\":\"ReadAction\",\"target\":[\"https:\\\/\\\/egyuttfejlodunk.hu\\\/en\\\/supportive-environment-strong-community-new-opportunities-for-people-with-disabilities\\\/\"]}]},{\"@type\":\"ImageObject\",\"inLanguage\":\"hu\",\"@id\":\"https:\\\/\\\/egyuttfejlodunk.hu\\\/en\\\/supportive-environment-strong-community-new-opportunities-for-people-with-disabilities\\\/#primaryimage\",\"url\":\"https:\\\/\\\/egyuttfejlodunk.hu\\\/wp-content\\\/uploads\\\/2025\\\/12\\\/pexels-shotbyrain-4061216.jpg\",\"contentUrl\":\"https:\\\/\\\/egyuttfejlodunk.hu\\\/wp-content\\\/uploads\\\/2025\\\/12\\\/pexels-shotbyrain-4061216.jpg\",\"width\":1709,\"height\":1920},{\"@type\":\"BreadcrumbList\",\"@id\":\"https:\\\/\\\/egyuttfejlodunk.hu\\\/en\\\/supportive-environment-strong-community-new-opportunities-for-people-with-disabilities\\\/#breadcrumb\",\"itemListElement\":[{\"@type\":\"ListItem\",\"position\":1,\"name\":\"Home\",\"item\":\"https:\\\/\\\/egyuttfejlodunk.hu\\\/\"},{\"@type\":\"ListItem\",\"position\":2,\"name\":\"Supportive environment, strong community \u2013 new opportunities for people with disabilities\"}]},{\"@type\":\"WebSite\",\"@id\":\"https:\\\/\\\/egyuttfejlodunk.hu\\\/#website\",\"url\":\"https:\\\/\\\/egyuttfejlodunk.hu\\\/\",\"name\":\"Egy\u00fctt fejl\u0151d\u00fcnk\",\"description\":\"\",\"publisher\":{\"@id\":\"https:\\\/\\\/egyuttfejlodunk.hu\\\/#organization\"},\"potentialAction\":[{\"@type\":\"SearchAction\",\"target\":{\"@type\":\"EntryPoint\",\"urlTemplate\":\"https:\\\/\\\/egyuttfejlodunk.hu\\\/?s={search_term_string}\"},\"query-input\":{\"@type\":\"PropertyValueSpecification\",\"valueRequired\":true,\"valueName\":\"search_term_string\"}}],\"inLanguage\":\"hu\"},{\"@type\":\"Organization\",\"@id\":\"https:\\\/\\\/egyuttfejlodunk.hu\\\/#organization\",\"name\":\"Egy\u00fctt fejl\u0151d\u00fcnk\",\"url\":\"https:\\\/\\\/egyuttfejlodunk.hu\\\/\",\"logo\":{\"@type\":\"ImageObject\",\"inLanguage\":\"hu\",\"@id\":\"https:\\\/\\\/egyuttfejlodunk.hu\\\/#\\\/schema\\\/logo\\\/image\\\/\",\"url\":\"https:\\\/\\\/egyuttfejlodunk.hu\\\/wp-content\\\/uploads\\\/2026\\\/04\\\/ujlogo.jpg\",\"contentUrl\":\"https:\\\/\\\/egyuttfejlodunk.hu\\\/wp-content\\\/uploads\\\/2026\\\/04\\\/ujlogo.jpg\",\"width\":350,\"height\":110,\"caption\":\"Egy\u00fctt fejl\u0151d\u00fcnk\"},\"image\":{\"@id\":\"https:\\\/\\\/egyuttfejlodunk.hu\\\/#\\\/schema\\\/logo\\\/image\\\/\"}},{\"@type\":\"Person\",\"@id\":\"https:\\\/\\\/egyuttfejlodunk.hu\\\/#\\\/schema\\\/person\\\/172a88f23f4f1fb8bbd7bfcddb0ce254\",\"name\":\"Szab\u00f3 Evelin\"}]}<\/script>\n<!-- \/ Yoast SEO Premium plugin. -->","yoast_head_json":{"title":"Supportive environment, strong community \u2013 new opportunities for people with disabilities - Egy\u00fctt fejl\u0151d\u00fcnk","robots":{"index":"noindex","follow":"follow","max-snippet":"max-snippet:-1","max-image-preview":"max-image-preview:large","max-video-preview":"max-video-preview:-1"},"og_locale":"hu_HU","og_type":"article","og_title":"Supportive environment, strong community \u2013 new opportunities for people with disabilities","og_description":"For people living with disabilities, any form of support that brings them closer to becoming full and active members of society is of invaluable importance. In the Sz\u0151ny district of Kom\u00e1rom, a development has been implemented that creates real opportunities and provides a stable foundation for everyday life for those in need of support. The \u201cWarmth of the Hearth\u201d Complex Supported Housing Programme was launched with the support of the European Union and enabled the...","og_url":"https:\/\/egyuttfejlodunk.hu\/en\/supportive-environment-strong-community-new-opportunities-for-people-with-disabilities\/","og_site_name":"Egy\u00fctt fejl\u0151d\u00fcnk","article_published_time":"2026-01-04T12:16:35+00:00","og_image":[{"width":1709,"height":1920,"url":"https:\/\/egyuttfejlodunk.hu\/wp-content\/uploads\/2025\/12\/pexels-shotbyrain-4061216.jpg","type":"image\/jpeg"}],"author":"Szab\u00f3 Evelin","twitter_card":"summary_large_image","twitter_misc":{"Szerz\u0151:":"Szab\u00f3 Evelin","Becs\u00fclt olvas\u00e1si id\u0151":"2 perc"},"schema":{"@context":"https:\/\/schema.org","@graph":[{"@type":"Article","@id":"https:\/\/egyuttfejlodunk.hu\/en\/supportive-environment-strong-community-new-opportunities-for-people-with-disabilities\/#article","isPartOf":{"@id":"https:\/\/egyuttfejlodunk.hu\/en\/supportive-environment-strong-community-new-opportunities-for-people-with-disabilities\/"},"author":{"name":"Szab\u00f3 Evelin","@id":"https:\/\/egyuttfejlodunk.hu\/#\/schema\/person\/172a88f23f4f1fb8bbd7bfcddb0ce254"},"headline":"Supportive environment, strong community \u2013 new opportunities for people with disabilities","datePublished":"2026-01-04T12:16:35+00:00","mainEntityOfPage":{"@id":"https:\/\/egyuttfejlodunk.hu\/en\/supportive-environment-strong-community-new-opportunities-for-people-with-disabilities\/"},"wordCount":319,"publisher":{"@id":"https:\/\/egyuttfejlodunk.hu\/#organization"},"image":{"@id":"https:\/\/egyuttfejlodunk.hu\/en\/supportive-environment-strong-community-new-opportunities-for-people-with-disabilities\/#primaryimage"},"thumbnailUrl":"https:\/\/egyuttfejlodunk.hu\/wp-content\/uploads\/2025\/12\/pexels-shotbyrain-4061216.jpg","articleSection":["EFOP"],"inLanguage":"hu"},{"@type":"WebPage","@id":"https:\/\/egyuttfejlodunk.hu\/en\/supportive-environment-strong-community-new-opportunities-for-people-with-disabilities\/","url":"https:\/\/egyuttfejlodunk.hu\/en\/supportive-environment-strong-community-new-opportunities-for-people-with-disabilities\/","name":"Supportive environment, strong community \u2013 new opportunities for people with disabilities - Egy\u00fctt fejl\u0151d\u00fcnk","isPartOf":{"@id":"https:\/\/egyuttfejlodunk.hu\/#website"},"primaryImageOfPage":{"@id":"https:\/\/egyuttfejlodunk.hu\/en\/supportive-environment-strong-community-new-opportunities-for-people-with-disabilities\/#primaryimage"},"image":{"@id":"https:\/\/egyuttfejlodunk.hu\/en\/supportive-environment-strong-community-new-opportunities-for-people-with-disabilities\/#primaryimage"},"thumbnailUrl":"https:\/\/egyuttfejlodunk.hu\/wp-content\/uploads\/2025\/12\/pexels-shotbyrain-4061216.jpg","datePublished":"2026-01-04T12:16:35+00:00","breadcrumb":{"@id":"https:\/\/egyuttfejlodunk.hu\/en\/supportive-environment-strong-community-new-opportunities-for-people-with-disabilities\/#breadcrumb"},"inLanguage":"hu","potentialAction":[{"@type":"ReadAction","target":["https:\/\/egyuttfejlodunk.hu\/en\/supportive-environment-strong-community-new-opportunities-for-people-with-disabilities\/"]}]},{"@type":"ImageObject","inLanguage":"hu","@id":"https:\/\/egyuttfejlodunk.hu\/en\/supportive-environment-strong-community-new-opportunities-for-people-with-disabilities\/#primaryimage","url":"https:\/\/egyuttfejlodunk.hu\/wp-content\/uploads\/2025\/12\/pexels-shotbyrain-4061216.jpg","contentUrl":"https:\/\/egyuttfejlodunk.hu\/wp-content\/uploads\/2025\/12\/pexels-shotbyrain-4061216.jpg","width":1709,"height":1920},{"@type":"BreadcrumbList","@id":"https:\/\/egyuttfejlodunk.hu\/en\/supportive-environment-strong-community-new-opportunities-for-people-with-disabilities\/#breadcrumb","itemListElement":[{"@type":"ListItem","position":1,"name":"Home","item":"https:\/\/egyuttfejlodunk.hu\/"},{"@type":"ListItem","position":2,"name":"Supportive environment, strong community \u2013 new opportunities for people with disabilities"}]},{"@type":"WebSite","@id":"https:\/\/egyuttfejlodunk.hu\/#website","url":"https:\/\/egyuttfejlodunk.hu\/","name":"Egy\u00fctt fejl\u0151d\u00fcnk","description":"","publisher":{"@id":"https:\/\/egyuttfejlodunk.hu\/#organization"},"potentialAction":[{"@type":"SearchAction","target":{"@type":"EntryPoint","urlTemplate":"https:\/\/egyuttfejlodunk.hu\/?s={search_term_string}"},"query-input":{"@type":"PropertyValueSpecification","valueRequired":true,"valueName":"search_term_string"}}],"inLanguage":"hu"},{"@type":"Organization","@id":"https:\/\/egyuttfejlodunk.hu\/#organization","name":"Egy\u00fctt fejl\u0151d\u00fcnk","url":"https:\/\/egyuttfejlodunk.hu\/","logo":{"@type":"ImageObject","inLanguage":"hu","@id":"https:\/\/egyuttfejlodunk.hu\/#\/schema\/logo\/image\/","url":"https:\/\/egyuttfejlodunk.hu\/wp-content\/uploads\/2026\/04\/ujlogo.jpg","contentUrl":"https:\/\/egyuttfejlodunk.hu\/wp-content\/uploads\/2026\/04\/ujlogo.jpg","width":350,"height":110,"caption":"Egy\u00fctt fejl\u0151d\u00fcnk"},"image":{"@id":"https:\/\/egyuttfejlodunk.hu\/#\/schema\/logo\/image\/"}},{"@type":"Person","@id":"https:\/\/egyuttfejlodunk.hu\/#\/schema\/person\/172a88f23f4f1fb8bbd7bfcddb0ce254","name":"Szab\u00f3 Evelin"}]}},"_links":{"self":[{"href":"https:\/\/egyuttfejlodunk.hu\/wp-json\/wp\/v2\/posts\/9512","targetHints":{"allow":["GET"]}}],"collection":[{"href":"https:\/\/egyuttfejlodunk.hu\/wp-json\/wp\/v2\/posts"}],"about":[{"href":"https:\/\/egyuttfejlodunk.hu\/wp-json\/wp\/v2\/types\/post"}],"author":[{"embeddable":true,"href":"https:\/\/egyuttfejlodunk.hu\/wp-json\/wp\/v2\/users\/23"}],"replies":[{"embeddable":true,"href":"https:\/\/egyuttfejlodunk.hu\/wp-json\/wp\/v2\/comments?post=9512"}],"version-history":[{"count":1,"href":"https:\/\/egyuttfejlodunk.hu\/wp-json\/wp\/v2\/posts\/9512\/revisions"}],"predecessor-version":[{"id":9514,"href":"https:\/\/egyuttfejlodunk.hu\/wp-json\/wp\/v2\/posts\/9512\/revisions\/9514"}],"wp:featuredmedia":[{"embeddable":true,"href":"https:\/\/egyuttfejlodunk.hu\/wp-json\/wp\/v2\/media\/9479"}],"wp:attachment":[{"href":"https:\/\/egyuttfejlodunk.hu\/wp-json\/wp\/v2\/media?parent=9512"}],"wp:term":[{"taxonomy":"category","embeddable":true,"href":"https:\/\/egyuttfejlodunk.hu\/wp-json\/wp\/v2\/categories?post=9512"},{"taxonomy":"post_tag","embeddable":true,"href":"https:\/\/egyuttfejlodunk.hu\/wp-json\/wp\/v2\/tags?post=9512"},{"taxonomy":"megye","embeddable":true,"href":"https:\/\/egyuttfejlodunk.hu\/wp-json\/wp\/v2\/megye?post=9512"}],"curies":[{"name":"wp","href":"https:\/\/api.w.org\/{rel}","templated":true}]}}