{"id":9601,"date":"2026-01-13T17:09:43","date_gmt":"2026-01-13T16:09:43","guid":{"rendered":"https:\/\/teszt.s152.mediacenter.hu\/egyuttfejlodunk\/?p=9601"},"modified":"2026-06-01T14:29:12","modified_gmt":"2026-06-01T12:29:12","slug":"we-were-there-too-eu-funded-developments-at-the-educatio-exhibition","status":"publish","type":"post","link":"https:\/\/egyuttfejlodunk.hu\/?p=9601&lang=en","title":{"rendered":"We were there too: EU-funded developments at the Educatio Exhibition"},"content":{"rendered":"<p><strong>At the beginning of 2026, between January 8\u201310, the 26th Educatio Exhibition was held \u2014 Hungary\u2019s largest higher education fair. Each year, the event provides guidance to tens of thousands of visitors on further education and career planning. Hungarian and international higher education institutions, language schools, and labor market stakeholders are represented at the exhibition.<\/strong><\/p>\n<p>The National Development Center (NFK) was also present as an exhibitor. The aim of its participation was to engage young people preparing to choose a career path through interactive project presentations and prize games, to strengthen awareness of the <em>\u201cEgy\u00fctt fejl\u0151d\u00fcnk\u201d<\/em> brand responsible for communicating the results of Hungary\u2019s development policy, and last but not least, to present in an accessible way the achievements of the 2014\u20132020 programming period as well as the development directions and funding opportunities of the 2021\u20132027 period.<\/p>\n<p>One of the highlighted elements of the stand was the presentation of public education textbook and digital learning material developments implemented within the framework of the Human Resources Development Operational Programme (EFOP). As part of this, visitors were able to try the online game <em>\u201cAre You Smarter Than a Fifth Grader?\u201d<\/em>, available on the National Public Education Portal of the Education Authority. Today, the portal offers students more than one hundred digital textbooks, nearly fifty thousand interactive tasks, and content supporting visual learning.<\/p>\n<p>NFK also prepared various games to promote the <em>\u201cEgy\u00fctt fejl\u0151d\u00fcnk\u201d<\/em> brand platforms and, through them, projects implemented with EU funding.<\/p>\n<p>In the EU-themed quiz, several Pillar projects of key importance to Hungary\u2019s development policy were featured. The questions covered topics such as the <a href=\"https:\/\/www.palyazat.gov.hu\/eredmenyek\/tamogatott-projektek\/3802680201\">Teacher Career Model<\/a>, <a href=\"https:\/\/www.palyazat.gov.hu\/eredmenyek\/tamogatott-projektek\/3715460201\">Youth Guarantee Plus<\/a>, <a href=\"https:\/\/www.palyazat.gov.hu\/programok\/szechenyi-terv-plusz\/ginop-plusz\/ginop_plusz-5.3.2-25\/alapadatok\">vocational training disadvantage compensation programs and flexible learning pathways<\/a>, the establishment of <a href=\"https:\/\/www.palyazat.gov.hu\/programok\/szechenyi-terv-plusz\/ginop-plusz\/ginop_plusz-5.1.1-24\/alapadatok\">Sectoral Skills Centers<\/a> in vocational education, and the <a href=\"https:\/\/www.palyazat.gov.hu\/programok\/szechenyi-terv-plusz\/top-plusz\/top-plusz-333-23-ba1\/alapadatok\">development of public education infrastructure<\/a>. The <a href=\"https:\/\/www.palyazat.gov.hu\/eredmenyek\/tamogatott-projektek\/3722810201\">Ap\u00e1czai Scholarship Program<\/a> was also discussed. During the three-day event, NFK reached nearly 5,000 visitors, helping them gain a closer understanding of the goals and results of EU-funded developments.<\/p>\n<p><iframe title=\"Mi is ott voltunk: uni\u00f3s fejleszt\u00e9sek az Educatio Ki\u00e1ll\u00edt\u00e1son\" width=\"1200\" height=\"675\" src=\"https:\/\/www.youtube.com\/embed\/w9zyqtv2cd4?feature=oembed\" frameborder=\"0\" allow=\"accelerometer; autoplay; clipboard-write; encrypted-media; gyroscope; picture-in-picture; web-share\" referrerpolicy=\"strict-origin-when-cross-origin\" allowfullscreen><\/iframe><\/p>\nngg_shortcode_0_placeholder\n","protected":false},"excerpt":{"rendered":"<p>At the beginning of 2026, between January 8\u201310, the 26th Educatio Exhibition was held \u2014 Hungary\u2019s largest higher education fair. Each year, the event provides guidance to tens of thousands of visitors on further education and career planning. Hungarian and international higher education institutions, language schools, and labor market stakeholders are represented at the exhibition. The National Development Center (NFK) was also present as an exhibitor. The aim of its participation was to engage young&#8230;<\/p>\n","protected":false},"author":17,"featured_media":9576,"comment_status":"closed","ping_status":"closed","sticky":false,"template":"","format":"standard","meta":{"_acf_changed":false,"ngg_post_thumbnail":0,"footnotes":""},"categories":[797],"tags":[1112],"megye":[],"class_list":["post-9601","post","type-post","status-publish","format-standard","has-post-thumbnail","hentry","category-szechenyi-plusz-news-en","tag-piller-en"],"acf":[],"yoast_head":"<!-- This site is optimized with the Yoast SEO Premium plugin v28.4 (Yoast SEO v28.4) - https:\/\/yoast.com\/product\/yoast-seo-premium-wordpress\/ -->\n<title>We were there too: EU-funded developments at the Educatio Exhibition - Egy\u00fctt fejl\u0151d\u00fcnk<\/title>\n<meta name=\"robots\" content=\"noindex, follow, max-snippet:-1, max-image-preview:large, max-video-preview:-1\" \/>\n<meta property=\"og:locale\" content=\"hu_HU\" \/>\n<meta property=\"og:type\" content=\"article\" \/>\n<meta property=\"og:title\" content=\"We were there too: EU-funded developments at the Educatio Exhibition\" \/>\n<meta property=\"og:description\" content=\"At the beginning of 2026, between January 8\u201310, the 26th Educatio Exhibition was held \u2014 Hungary\u2019s largest higher education fair. Each year, the event provides guidance to tens of thousands of visitors on further education and career planning. Hungarian and international higher education institutions, language schools, and labor market stakeholders are represented at the exhibition. The National Development Center (NFK) was also present as an exhibitor. The aim of its participation was to engage young...\" \/>\n<meta property=\"og:url\" content=\"https:\/\/egyuttfejlodunk.hu\/?p=9601&amp;lang=en\" \/>\n<meta property=\"og:site_name\" content=\"Egy\u00fctt fejl\u0151d\u00fcnk\" \/>\n<meta property=\"article:published_time\" content=\"2026-01-13T16:09:43+00:00\" \/>\n<meta property=\"article:modified_time\" content=\"2026-06-01T12:29:12+00:00\" \/>\n<meta property=\"og:image\" content=\"https:\/\/egyuttfejlodunk.hu\/wp-content\/uploads\/2026\/01\/CR6_3168.jpg\" \/>\n\t<meta property=\"og:image:width\" content=\"1920\" \/>\n\t<meta property=\"og:image:height\" content=\"1077\" \/>\n\t<meta property=\"og:image:type\" content=\"image\/jpeg\" \/>\n<meta name=\"author\" content=\"B\u00e1cskai Gabriella\" \/>\n<meta name=\"twitter:card\" content=\"summary_large_image\" \/>\n<meta name=\"twitter:label1\" content=\"Szerz\u0151:\" \/>\n\t<meta name=\"twitter:data1\" content=\"B\u00e1cskai Gabriella\" \/>\n\t<meta name=\"twitter:label2\" content=\"Becs\u00fclt olvas\u00e1si id\u0151\" \/>\n\t<meta name=\"twitter:data2\" content=\"2 perc\" \/>\n<script type=\"application\/ld+json\" class=\"yoast-schema-graph\">{\"@context\":\"https:\\\/\\\/schema.org\",\"@graph\":[{\"@type\":\"Article\",\"@id\":\"https:\\\/\\\/egyuttfejlodunk.hu\\\/?p=9601&lang=en#article\",\"isPartOf\":{\"@id\":\"https:\\\/\\\/egyuttfejlodunk.hu\\\/?p=9601&lang=en\"},\"author\":{\"name\":\"B\u00e1cskai Gabriella\",\"@id\":\"https:\\\/\\\/egyuttfejlodunk.hu\\\/#\\\/schema\\\/person\\\/74d5e3661b874eed1958599cd4ca7bbd\"},\"headline\":\"We were there too: EU-funded developments at the Educatio Exhibition\",\"datePublished\":\"2026-01-13T16:09:43+00:00\",\"dateModified\":\"2026-06-01T12:29:12+00:00\",\"mainEntityOfPage\":{\"@id\":\"https:\\\/\\\/egyuttfejlodunk.hu\\\/?p=9601&lang=en\"},\"wordCount\":353,\"publisher\":{\"@id\":\"https:\\\/\\\/egyuttfejlodunk.hu\\\/#organization\"},\"image\":{\"@id\":\"https:\\\/\\\/egyuttfejlodunk.hu\\\/?p=9601&lang=en#primaryimage\"},\"thumbnailUrl\":\"https:\\\/\\\/egyuttfejlodunk.hu\\\/wp-content\\\/uploads\\\/2026\\\/01\\\/CR6_3168.jpg\",\"keywords\":[\"Pill\u00e9r\"],\"articleSection\":[\"sz\u00e9chenyi plusz news\"],\"inLanguage\":\"hu\"},{\"@type\":\"WebPage\",\"@id\":\"https:\\\/\\\/egyuttfejlodunk.hu\\\/?p=9601&lang=en\",\"url\":\"https:\\\/\\\/egyuttfejlodunk.hu\\\/?p=9601&lang=en\",\"name\":\"We were there too: EU-funded developments at the Educatio Exhibition - Egy\u00fctt fejl\u0151d\u00fcnk\",\"isPartOf\":{\"@id\":\"https:\\\/\\\/egyuttfejlodunk.hu\\\/#website\"},\"primaryImageOfPage\":{\"@id\":\"https:\\\/\\\/egyuttfejlodunk.hu\\\/?p=9601&lang=en#primaryimage\"},\"image\":{\"@id\":\"https:\\\/\\\/egyuttfejlodunk.hu\\\/?p=9601&lang=en#primaryimage\"},\"thumbnailUrl\":\"https:\\\/\\\/egyuttfejlodunk.hu\\\/wp-content\\\/uploads\\\/2026\\\/01\\\/CR6_3168.jpg\",\"datePublished\":\"2026-01-13T16:09:43+00:00\",\"dateModified\":\"2026-06-01T12:29:12+00:00\",\"breadcrumb\":{\"@id\":\"https:\\\/\\\/egyuttfejlodunk.hu\\\/?p=9601&lang=en#breadcrumb\"},\"inLanguage\":\"hu\",\"potentialAction\":[{\"@type\":\"ReadAction\",\"target\":[\"https:\\\/\\\/egyuttfejlodunk.hu\\\/?p=9601&lang=en\"]}]},{\"@type\":\"ImageObject\",\"inLanguage\":\"hu\",\"@id\":\"https:\\\/\\\/egyuttfejlodunk.hu\\\/?p=9601&lang=en#primaryimage\",\"url\":\"https:\\\/\\\/egyuttfejlodunk.hu\\\/wp-content\\\/uploads\\\/2026\\\/01\\\/CR6_3168.jpg\",\"contentUrl\":\"https:\\\/\\\/egyuttfejlodunk.hu\\\/wp-content\\\/uploads\\\/2026\\\/01\\\/CR6_3168.jpg\",\"width\":1920,\"height\":1077},{\"@type\":\"BreadcrumbList\",\"@id\":\"https:\\\/\\\/egyuttfejlodunk.hu\\\/?p=9601&lang=en#breadcrumb\",\"itemListElement\":[{\"@type\":\"ListItem\",\"position\":1,\"name\":\"Home\",\"item\":\"https:\\\/\\\/egyuttfejlodunk.hu\\\/\"},{\"@type\":\"ListItem\",\"position\":2,\"name\":\"We were there too: EU-funded developments at the Educatio Exhibition\"}]},{\"@type\":\"WebSite\",\"@id\":\"https:\\\/\\\/egyuttfejlodunk.hu\\\/#website\",\"url\":\"https:\\\/\\\/egyuttfejlodunk.hu\\\/\",\"name\":\"Egy\u00fctt fejl\u0151d\u00fcnk\",\"description\":\"\",\"publisher\":{\"@id\":\"https:\\\/\\\/egyuttfejlodunk.hu\\\/#organization\"},\"potentialAction\":[{\"@type\":\"SearchAction\",\"target\":{\"@type\":\"EntryPoint\",\"urlTemplate\":\"https:\\\/\\\/egyuttfejlodunk.hu\\\/?s={search_term_string}\"},\"query-input\":{\"@type\":\"PropertyValueSpecification\",\"valueRequired\":true,\"valueName\":\"search_term_string\"}}],\"inLanguage\":\"hu\"},{\"@type\":\"Organization\",\"@id\":\"https:\\\/\\\/egyuttfejlodunk.hu\\\/#organization\",\"name\":\"Egy\u00fctt fejl\u0151d\u00fcnk\",\"url\":\"https:\\\/\\\/egyuttfejlodunk.hu\\\/\",\"logo\":{\"@type\":\"ImageObject\",\"inLanguage\":\"hu\",\"@id\":\"https:\\\/\\\/egyuttfejlodunk.hu\\\/#\\\/schema\\\/logo\\\/image\\\/\",\"url\":\"https:\\\/\\\/egyuttfejlodunk.hu\\\/wp-content\\\/uploads\\\/2026\\\/04\\\/ujlogo.jpg\",\"contentUrl\":\"https:\\\/\\\/egyuttfejlodunk.hu\\\/wp-content\\\/uploads\\\/2026\\\/04\\\/ujlogo.jpg\",\"width\":350,\"height\":110,\"caption\":\"Egy\u00fctt fejl\u0151d\u00fcnk\"},\"image\":{\"@id\":\"https:\\\/\\\/egyuttfejlodunk.hu\\\/#\\\/schema\\\/logo\\\/image\\\/\"}},{\"@type\":\"Person\",\"@id\":\"https:\\\/\\\/egyuttfejlodunk.hu\\\/#\\\/schema\\\/person\\\/74d5e3661b874eed1958599cd4ca7bbd\",\"name\":\"B\u00e1cskai Gabriella\"}]}<\/script>\n<!-- \/ Yoast SEO Premium plugin. -->","yoast_head_json":{"title":"We were there too: EU-funded developments at the Educatio Exhibition - Egy\u00fctt fejl\u0151d\u00fcnk","robots":{"index":"noindex","follow":"follow","max-snippet":"max-snippet:-1","max-image-preview":"max-image-preview:large","max-video-preview":"max-video-preview:-1"},"og_locale":"hu_HU","og_type":"article","og_title":"We were there too: EU-funded developments at the Educatio Exhibition","og_description":"At the beginning of 2026, between January 8\u201310, the 26th Educatio Exhibition was held \u2014 Hungary\u2019s largest higher education fair. Each year, the event provides guidance to tens of thousands of visitors on further education and career planning. Hungarian and international higher education institutions, language schools, and labor market stakeholders are represented at the exhibition. The National Development Center (NFK) was also present as an exhibitor. The aim of its participation was to engage young...","og_url":"https:\/\/egyuttfejlodunk.hu\/?p=9601&lang=en","og_site_name":"Egy\u00fctt fejl\u0151d\u00fcnk","article_published_time":"2026-01-13T16:09:43+00:00","article_modified_time":"2026-06-01T12:29:12+00:00","og_image":[{"width":1920,"height":1077,"url":"https:\/\/egyuttfejlodunk.hu\/wp-content\/uploads\/2026\/01\/CR6_3168.jpg","type":"image\/jpeg"}],"author":"B\u00e1cskai Gabriella","twitter_card":"summary_large_image","twitter_misc":{"Szerz\u0151:":"B\u00e1cskai Gabriella","Becs\u00fclt olvas\u00e1si id\u0151":"2 perc"},"schema":{"@context":"https:\/\/schema.org","@graph":[{"@type":"Article","@id":"https:\/\/egyuttfejlodunk.hu\/?p=9601&lang=en#article","isPartOf":{"@id":"https:\/\/egyuttfejlodunk.hu\/?p=9601&lang=en"},"author":{"name":"B\u00e1cskai Gabriella","@id":"https:\/\/egyuttfejlodunk.hu\/#\/schema\/person\/74d5e3661b874eed1958599cd4ca7bbd"},"headline":"We were there too: EU-funded developments at the Educatio Exhibition","datePublished":"2026-01-13T16:09:43+00:00","dateModified":"2026-06-01T12:29:12+00:00","mainEntityOfPage":{"@id":"https:\/\/egyuttfejlodunk.hu\/?p=9601&lang=en"},"wordCount":353,"publisher":{"@id":"https:\/\/egyuttfejlodunk.hu\/#organization"},"image":{"@id":"https:\/\/egyuttfejlodunk.hu\/?p=9601&lang=en#primaryimage"},"thumbnailUrl":"https:\/\/egyuttfejlodunk.hu\/wp-content\/uploads\/2026\/01\/CR6_3168.jpg","keywords":["Pill\u00e9r"],"articleSection":["sz\u00e9chenyi plusz news"],"inLanguage":"hu"},{"@type":"WebPage","@id":"https:\/\/egyuttfejlodunk.hu\/?p=9601&lang=en","url":"https:\/\/egyuttfejlodunk.hu\/?p=9601&lang=en","name":"We were there too: EU-funded developments at the Educatio Exhibition - Egy\u00fctt fejl\u0151d\u00fcnk","isPartOf":{"@id":"https:\/\/egyuttfejlodunk.hu\/#website"},"primaryImageOfPage":{"@id":"https:\/\/egyuttfejlodunk.hu\/?p=9601&lang=en#primaryimage"},"image":{"@id":"https:\/\/egyuttfejlodunk.hu\/?p=9601&lang=en#primaryimage"},"thumbnailUrl":"https:\/\/egyuttfejlodunk.hu\/wp-content\/uploads\/2026\/01\/CR6_3168.jpg","datePublished":"2026-01-13T16:09:43+00:00","dateModified":"2026-06-01T12:29:12+00:00","breadcrumb":{"@id":"https:\/\/egyuttfejlodunk.hu\/?p=9601&lang=en#breadcrumb"},"inLanguage":"hu","potentialAction":[{"@type":"ReadAction","target":["https:\/\/egyuttfejlodunk.hu\/?p=9601&lang=en"]}]},{"@type":"ImageObject","inLanguage":"hu","@id":"https:\/\/egyuttfejlodunk.hu\/?p=9601&lang=en#primaryimage","url":"https:\/\/egyuttfejlodunk.hu\/wp-content\/uploads\/2026\/01\/CR6_3168.jpg","contentUrl":"https:\/\/egyuttfejlodunk.hu\/wp-content\/uploads\/2026\/01\/CR6_3168.jpg","width":1920,"height":1077},{"@type":"BreadcrumbList","@id":"https:\/\/egyuttfejlodunk.hu\/?p=9601&lang=en#breadcrumb","itemListElement":[{"@type":"ListItem","position":1,"name":"Home","item":"https:\/\/egyuttfejlodunk.hu\/"},{"@type":"ListItem","position":2,"name":"We were there too: EU-funded developments at the Educatio Exhibition"}]},{"@type":"WebSite","@id":"https:\/\/egyuttfejlodunk.hu\/#website","url":"https:\/\/egyuttfejlodunk.hu\/","name":"Egy\u00fctt fejl\u0151d\u00fcnk","description":"","publisher":{"@id":"https:\/\/egyuttfejlodunk.hu\/#organization"},"potentialAction":[{"@type":"SearchAction","target":{"@type":"EntryPoint","urlTemplate":"https:\/\/egyuttfejlodunk.hu\/?s={search_term_string}"},"query-input":{"@type":"PropertyValueSpecification","valueRequired":true,"valueName":"search_term_string"}}],"inLanguage":"hu"},{"@type":"Organization","@id":"https:\/\/egyuttfejlodunk.hu\/#organization","name":"Egy\u00fctt fejl\u0151d\u00fcnk","url":"https:\/\/egyuttfejlodunk.hu\/","logo":{"@type":"ImageObject","inLanguage":"hu","@id":"https:\/\/egyuttfejlodunk.hu\/#\/schema\/logo\/image\/","url":"https:\/\/egyuttfejlodunk.hu\/wp-content\/uploads\/2026\/04\/ujlogo.jpg","contentUrl":"https:\/\/egyuttfejlodunk.hu\/wp-content\/uploads\/2026\/04\/ujlogo.jpg","width":350,"height":110,"caption":"Egy\u00fctt fejl\u0151d\u00fcnk"},"image":{"@id":"https:\/\/egyuttfejlodunk.hu\/#\/schema\/logo\/image\/"}},{"@type":"Person","@id":"https:\/\/egyuttfejlodunk.hu\/#\/schema\/person\/74d5e3661b874eed1958599cd4ca7bbd","name":"B\u00e1cskai Gabriella"}]}},"_links":{"self":[{"href":"https:\/\/egyuttfejlodunk.hu\/index.php?rest_route=\/wp\/v2\/posts\/9601","targetHints":{"allow":["GET"]}}],"collection":[{"href":"https:\/\/egyuttfejlodunk.hu\/index.php?rest_route=\/wp\/v2\/posts"}],"about":[{"href":"https:\/\/egyuttfejlodunk.hu\/index.php?rest_route=\/wp\/v2\/types\/post"}],"author":[{"embeddable":true,"href":"https:\/\/egyuttfejlodunk.hu\/index.php?rest_route=\/wp\/v2\/users\/17"}],"replies":[{"embeddable":true,"href":"https:\/\/egyuttfejlodunk.hu\/index.php?rest_route=%2Fwp%2Fv2%2Fcomments&post=9601"}],"version-history":[{"count":3,"href":"https:\/\/egyuttfejlodunk.hu\/index.php?rest_route=\/wp\/v2\/posts\/9601\/revisions"}],"predecessor-version":[{"id":9649,"href":"https:\/\/egyuttfejlodunk.hu\/index.php?rest_route=\/wp\/v2\/posts\/9601\/revisions\/9649"}],"wp:featuredmedia":[{"embeddable":true,"href":"https:\/\/egyuttfejlodunk.hu\/index.php?rest_route=\/wp\/v2\/media\/9576"}],"wp:attachment":[{"href":"https:\/\/egyuttfejlodunk.hu\/index.php?rest_route=%2Fwp%2Fv2%2Fmedia&parent=9601"}],"wp:term":[{"taxonomy":"category","embeddable":true,"href":"https:\/\/egyuttfejlodunk.hu\/index.php?rest_route=%2Fwp%2Fv2%2Fcategories&post=9601"},{"taxonomy":"post_tag","embeddable":true,"href":"https:\/\/egyuttfejlodunk.hu\/index.php?rest_route=%2Fwp%2Fv2%2Ftags&post=9601"},{"taxonomy":"megye","embeddable":true,"href":"https:\/\/egyuttfejlodunk.hu\/index.php?rest_route=%2Fwp%2Fv2%2Fmegye&post=9601"}],"curies":[{"name":"wp","href":"https:\/\/api.w.org\/{rel}","templated":true}]}}