{"id":9615,"date":"2026-01-26T10:50:22","date_gmt":"2026-01-26T09:50:22","guid":{"rendered":"https:\/\/teszt.s152.mediacenter.hu\/egyuttfejlodunk\/?p=9615"},"modified":"2026-08-28T10:33:40","modified_gmt":"2026-08-28T08:33:40","slug":"evtizedes-hianybol-varosi-elony-uj-osszekoto-ut-tatabanyan","status":"publish","type":"post","link":"https:\/\/egyuttfejlodunk.hu\/?p=9615","title":{"rendered":"\u00c9vtizedes hi\u00e1nyb\u00f3l v\u00e1rosi el\u0151ny \u2013 \u00faj \u00f6sszek\u00f6t\u0151 \u00fat Tatab\u00e1ny\u00e1n"},"content":{"rendered":"<p><strong>Tatab\u00e1nya \u00fajabb fontos l\u00e9p\u00e9st tett a fejl\u0151d\u00e9s \u00fatj\u00e1n: elk\u00e9sz\u00fclt a B\u00e1nhida \u00e9s S\u00e1rberek v\u00e1rosr\u00e9szeket \u00f6sszek\u00f6t\u0151 \u00fat, amely nemcsak k\u00f6zleked\u00e9si beruh\u00e1z\u00e1s, hanem val\u00f3di v\u00e1rosfejleszt\u00e9si m\u00e9rf\u00f6ldk\u0151. Az \u00faj \u00fatszakasz meg\u00e9p\u00edt\u00e9s\u00e9vel t\u00f6bb mint egy \u00e9vtizedes hi\u00e1nyt siker\u00fclt p\u00f3tolni a telep\u00fcl\u00e9s k\u00f6z\u00fath\u00e1l\u00f3zat\u00e1ban.<\/strong><\/p>\n<p>A beruh\u00e1z\u00e1s keret\u00e9ben egy 824 m\u00e9ter hossz\u00fa, korszer\u0171 \u00fatszakasz j\u00f6tt l\u00e9tre, amelyhez kisz\u00e9les\u00edtett csom\u00f3pontok, egyes\u00edtett ker\u00e9kp\u00e1r- \u00e9s gyalog\u00fat, valamint k\u00e9t busz\u00f6b\u00f6l is kapcsol\u00f3dik. Az uni\u00f3s t\u00e1mogat\u00e1s\u00fa projekt egyik legjelent\u0151sebb eleme az \u00faj vas\u00fati alulj\u00e1r\u00f3 meg\u00e9p\u00edt\u00e9se volt, mivel lehet\u0151v\u00e9 teszi, hogy az \u00fat alulr\u00f3l keresztezze a Budapest\u2013Hegyeshalom vas\u00fatvonalat, ami biztons\u00e1gosabb \u00e1thalad\u00e1st biztos\u00edt a gyalogosok, ker\u00e9kp\u00e1rosok \u00e9s g\u00e9pj\u00e1rm\u0171vek sz\u00e1m\u00e1ra egyar\u00e1nt, cs\u00f6kkenti a balesetek kock\u00e1zat\u00e1t \u00e9s a forgalmi torl\u00f3d\u00e1sokat.<\/p>\n<p>A j\u00f3 megk\u00f6zel\u00edthet\u0151s\u00e9g \u00e9s a biztons\u00e1gos k\u00f6zleked\u00e9s alapvet\u0151en hozz\u00e1j\u00e1rul a gazdas\u00e1g \u00e9l\u00e9nk\u00edt\u00e9s\u00e9hez \u00e9s az \u00e9lhet\u0151bb v\u00e1rosi k\u00f6rnyezet kialak\u00edt\u00e1s\u00e1hoz. Az \u00faj \u00f6sszek\u00f6t\u0151 \u00fat k\u00e9zzelfoghat\u00f3 el\u0151ny\u00f6ket hozott a lak\u00f3k sz\u00e1m\u00e1ra. Gyorsabb \u00e9s biztons\u00e1gosabb az \u00e1tj\u00e1r\u00e1s a k\u00e9t v\u00e1rosr\u00e9sz k\u00f6z\u00f6tt, jelent\u0151sen jav\u00edtva a mindennapi k\u00f6zleked\u00e9st \u00e9s a munkaer\u0151 mobilit\u00e1s\u00e1t. A b\u00e1nhidai lakosok sz\u00e1m\u00e1ra k\u00f6nnyebben el\u00e9rhet\u0151v\u00e9 v\u00e1lt Tatab\u00e1nya z\u00f6ld sz\u00edve, a Millennium park, a Cs\u00f3nak\u00e1z\u00f3-t\u00f3, valamint azok soksz\u00edn\u0171 szabadid\u0151s lehet\u0151s\u00e9gei. Gazdas\u00e1gi szempontb\u00f3l szint\u00e9n komoly el\u0151rel\u00e9p\u00e9st jelentett a beruh\u00e1z\u00e1s, hiszen a Tatab\u00e1nyai Ipari Park megk\u00f6zel\u00edthet\u0151s\u00e9ge is jelent\u0151sen javult, amely hossz\u00fa t\u00e1von \u00faj befektet\u00e9seket \u00e9s munkahelyeket is vonzhat a t\u00e9rs\u00e9gbe.<\/p>\n<p>Az \u00faj \u00f6sszek\u00f6t\u0151 \u00fat meg\u00e9p\u00edt\u00e9se j\u00f3l mutatja Tatab\u00e1nya tudatos v\u00e1rosfejleszt\u00e9si t\u00f6rekv\u00e9seit, mik\u00f6zben k\u00e9zzelfoghat\u00f3an jav\u00edtja a k\u00f6zleked\u00e9st \u00e9s a v\u00e1rosr\u00e9szek k\u00f6z\u00f6tti kapcsolatot egy m\u00e9g biztons\u00e1gosabb, \u00e9lhet\u0151bb v\u00e1ros l\u00e9trej\u00f6tte \u00e9rdek\u00e9ben.<\/p>\nngg_shortcode_0_placeholder\n<p>A program a TOP-6.1.5-16-TB1-2017-00002 projekt keret\u00e9ben, eur\u00f3pai uni\u00f3s forr\u00e1s bevon\u00e1s\u00e1val val\u00f3sult meg.<\/p>\n<p>Tov\u00e1bbi r\u00e9szletek a t\u00e1mogatott projekt keres\u0151ben:<a class=\"tovabb\" href=\"https:\/\/www.palyazat.gov.hu\/eredmenyek\/tamogatott-projektek\/1732960201\" target=\"_blank\" rel=\"noopener\">Tov\u00e1bb<\/a><\/p>\n","protected":false},"excerpt":{"rendered":"<p>Tatab\u00e1nya \u00fajabb fontos l\u00e9p\u00e9st tett a fejl\u0151d\u00e9s \u00fatj\u00e1n: elk\u00e9sz\u00fclt a B\u00e1nhida \u00e9s S\u00e1rberek v\u00e1rosr\u00e9szeket \u00f6sszek\u00f6t\u0151 \u00fat, amely nemcsak k\u00f6zleked\u00e9si beruh\u00e1z\u00e1s, hanem val\u00f3di v\u00e1rosfejleszt\u00e9si m\u00e9rf\u00f6ldk\u0151. Az \u00faj \u00fatszakasz meg\u00e9p\u00edt\u00e9s\u00e9vel t\u00f6bb mint egy \u00e9vtizedes hi\u00e1nyt siker\u00fclt p\u00f3tolni a telep\u00fcl\u00e9s k\u00f6z\u00fath\u00e1l\u00f3zat\u00e1ban. A beruh\u00e1z\u00e1s keret\u00e9ben egy 824 m\u00e9ter hossz\u00fa, korszer\u0171 \u00fatszakasz j\u00f6tt l\u00e9tre, amelyhez kisz\u00e9les\u00edtett csom\u00f3pontok, egyes\u00edtett ker\u00e9kp\u00e1r- \u00e9s gyalog\u00fat, valamint k\u00e9t busz\u00f6b\u00f6l is kapcsol\u00f3dik. Az uni\u00f3s t\u00e1mogat\u00e1s\u00fa projekt egyik legjelent\u0151sebb eleme az \u00faj vas\u00fati alulj\u00e1r\u00f3 meg\u00e9p\u00edt\u00e9se volt, mivel&#8230;<\/p>\n","protected":false},"author":17,"featured_media":9616,"comment_status":"closed","ping_status":"closed","sticky":false,"template":"","format":"gallery","meta":{"_acf_changed":false,"ngg_post_thumbnail":0,"footnotes":""},"categories":[173],"tags":[417,316],"megye":[1126],"class_list":["post-9615","post","type-post","status-publish","format-gallery","has-post-thumbnail","hentry","category-top-hu","tag-kozlekedesfejlesztes","tag-telepulesfejlesztes","post_format-post-format-gallery","megye-komarom-esztergom-megye"],"acf":[],"yoast_head":"<!-- This site is optimized with the Yoast SEO Premium plugin v28.4 (Yoast SEO v28.4) - https:\/\/yoast.com\/product\/yoast-seo-premium-wordpress\/ -->\n<title>\u00c9vtizedes hi\u00e1nyb\u00f3l v\u00e1rosi el\u0151ny \u2013 \u00faj \u00f6sszek\u00f6t\u0151 \u00fat Tatab\u00e1ny\u00e1n - Egy\u00fctt fejl\u0151d\u00fcnk<\/title>\n<meta name=\"robots\" content=\"noindex, follow, max-snippet:-1, max-image-preview:large, max-video-preview:-1\" \/>\n<meta property=\"og:locale\" content=\"hu_HU\" \/>\n<meta property=\"og:type\" content=\"article\" \/>\n<meta property=\"og:title\" content=\"\u00c9vtizedes hi\u00e1nyb\u00f3l v\u00e1rosi el\u0151ny \u2013 \u00faj \u00f6sszek\u00f6t\u0151 \u00fat Tatab\u00e1ny\u00e1n\" \/>\n<meta property=\"og:description\" content=\"Tatab\u00e1nya \u00fajabb fontos l\u00e9p\u00e9st tett a fejl\u0151d\u00e9s \u00fatj\u00e1n: elk\u00e9sz\u00fclt a B\u00e1nhida \u00e9s S\u00e1rberek v\u00e1rosr\u00e9szeket \u00f6sszek\u00f6t\u0151 \u00fat, amely nemcsak k\u00f6zleked\u00e9si beruh\u00e1z\u00e1s, hanem val\u00f3di v\u00e1rosfejleszt\u00e9si m\u00e9rf\u00f6ldk\u0151. Az \u00faj \u00fatszakasz meg\u00e9p\u00edt\u00e9s\u00e9vel t\u00f6bb mint egy \u00e9vtizedes hi\u00e1nyt siker\u00fclt p\u00f3tolni a telep\u00fcl\u00e9s k\u00f6z\u00fath\u00e1l\u00f3zat\u00e1ban. A beruh\u00e1z\u00e1s keret\u00e9ben egy 824 m\u00e9ter hossz\u00fa, korszer\u0171 \u00fatszakasz j\u00f6tt l\u00e9tre, amelyhez kisz\u00e9les\u00edtett csom\u00f3pontok, egyes\u00edtett ker\u00e9kp\u00e1r- \u00e9s gyalog\u00fat, valamint k\u00e9t busz\u00f6b\u00f6l is kapcsol\u00f3dik. Az uni\u00f3s t\u00e1mogat\u00e1s\u00fa projekt egyik legjelent\u0151sebb eleme az \u00faj vas\u00fati alulj\u00e1r\u00f3 meg\u00e9p\u00edt\u00e9se volt, mivel...\" \/>\n<meta property=\"og:url\" content=\"https:\/\/egyuttfejlodunk.hu\/?p=9615\" \/>\n<meta property=\"og:site_name\" content=\"Egy\u00fctt fejl\u0151d\u00fcnk\" \/>\n<meta property=\"article:published_time\" content=\"2026-01-26T09:50:22+00:00\" \/>\n<meta property=\"article:modified_time\" content=\"2026-08-28T08:33:40+00:00\" \/>\n<meta property=\"og:image\" content=\"https:\/\/egyuttfejlodunk.hu\/wp-content\/uploads\/2026\/01\/Banhida_Sarberek_utatado_nevado_2023_005_87370432.jpg\" \/>\n\t<meta property=\"og:image:width\" content=\"1920\" \/>\n\t<meta property=\"og:image:height\" content=\"708\" \/>\n\t<meta property=\"og:image:type\" content=\"image\/jpeg\" \/>\n<meta name=\"author\" content=\"B\u00e1cskai Gabriella\" \/>\n<meta name=\"twitter:card\" content=\"summary_large_image\" \/>\n<meta name=\"twitter:label1\" content=\"Szerz\u0151:\" \/>\n\t<meta name=\"twitter:data1\" content=\"B\u00e1cskai Gabriella\" \/>\n\t<meta name=\"twitter:label2\" content=\"Becs\u00fclt olvas\u00e1si id\u0151\" \/>\n\t<meta name=\"twitter:data2\" content=\"2 perc\" \/>\n<script type=\"application\/ld+json\" class=\"yoast-schema-graph\">{\"@context\":\"https:\\\/\\\/schema.org\",\"@graph\":[{\"@type\":\"Article\",\"@id\":\"https:\\\/\\\/egyuttfejlodunk.hu\\\/?p=9615#article\",\"isPartOf\":{\"@id\":\"https:\\\/\\\/egyuttfejlodunk.hu\\\/?p=9615\"},\"author\":{\"name\":\"B\u00e1cskai Gabriella\",\"@id\":\"https:\\\/\\\/egyuttfejlodunk.hu\\\/#\\\/schema\\\/person\\\/74d5e3661b874eed1958599cd4ca7bbd\"},\"headline\":\"\u00c9vtizedes hi\u00e1nyb\u00f3l v\u00e1rosi el\u0151ny \u2013 \u00faj \u00f6sszek\u00f6t\u0151 \u00fat Tatab\u00e1ny\u00e1n\",\"datePublished\":\"2026-01-26T09:50:22+00:00\",\"dateModified\":\"2026-08-28T08:33:40+00:00\",\"mainEntityOfPage\":{\"@id\":\"https:\\\/\\\/egyuttfejlodunk.hu\\\/?p=9615\"},\"wordCount\":470,\"publisher\":{\"@id\":\"https:\\\/\\\/egyuttfejlodunk.hu\\\/#organization\"},\"image\":{\"@id\":\"https:\\\/\\\/egyuttfejlodunk.hu\\\/?p=9615#primaryimage\"},\"thumbnailUrl\":\"https:\\\/\\\/egyuttfejlodunk.hu\\\/wp-content\\\/uploads\\\/2026\\\/01\\\/Banhida_Sarberek_utatado_nevado_2023_005_87370432.jpg\",\"keywords\":[\"k\u00f6zleked\u00e9sfejleszt\u00e9s\",\"Telep\u00fcl\u00e9sfejleszt\u00e9s\"],\"articleSection\":[\"Top\"],\"inLanguage\":\"hu\"},{\"@type\":\"WebPage\",\"@id\":\"https:\\\/\\\/egyuttfejlodunk.hu\\\/?p=9615\",\"url\":\"https:\\\/\\\/egyuttfejlodunk.hu\\\/?p=9615\",\"name\":\"\u00c9vtizedes hi\u00e1nyb\u00f3l v\u00e1rosi el\u0151ny \u2013 \u00faj \u00f6sszek\u00f6t\u0151 \u00fat Tatab\u00e1ny\u00e1n - Egy\u00fctt fejl\u0151d\u00fcnk\",\"isPartOf\":{\"@id\":\"https:\\\/\\\/egyuttfejlodunk.hu\\\/#website\"},\"primaryImageOfPage\":{\"@id\":\"https:\\\/\\\/egyuttfejlodunk.hu\\\/?p=9615#primaryimage\"},\"image\":{\"@id\":\"https:\\\/\\\/egyuttfejlodunk.hu\\\/?p=9615#primaryimage\"},\"thumbnailUrl\":\"https:\\\/\\\/egyuttfejlodunk.hu\\\/wp-content\\\/uploads\\\/2026\\\/01\\\/Banhida_Sarberek_utatado_nevado_2023_005_87370432.jpg\",\"datePublished\":\"2026-01-26T09:50:22+00:00\",\"dateModified\":\"2026-08-28T08:33:40+00:00\",\"breadcrumb\":{\"@id\":\"https:\\\/\\\/egyuttfejlodunk.hu\\\/?p=9615#breadcrumb\"},\"inLanguage\":\"hu\",\"potentialAction\":[{\"@type\":\"ReadAction\",\"target\":[\"https:\\\/\\\/egyuttfejlodunk.hu\\\/?p=9615\"]}]},{\"@type\":\"ImageObject\",\"inLanguage\":\"hu\",\"@id\":\"https:\\\/\\\/egyuttfejlodunk.hu\\\/?p=9615#primaryimage\",\"url\":\"https:\\\/\\\/egyuttfejlodunk.hu\\\/wp-content\\\/uploads\\\/2026\\\/01\\\/Banhida_Sarberek_utatado_nevado_2023_005_87370432.jpg\",\"contentUrl\":\"https:\\\/\\\/egyuttfejlodunk.hu\\\/wp-content\\\/uploads\\\/2026\\\/01\\\/Banhida_Sarberek_utatado_nevado_2023_005_87370432.jpg\",\"width\":1920,\"height\":708},{\"@type\":\"BreadcrumbList\",\"@id\":\"https:\\\/\\\/egyuttfejlodunk.hu\\\/?p=9615#breadcrumb\",\"itemListElement\":[{\"@type\":\"ListItem\",\"position\":1,\"name\":\"Home\",\"item\":\"https:\\\/\\\/egyuttfejlodunk.hu\\\/\"},{\"@type\":\"ListItem\",\"position\":2,\"name\":\"\u00c9vtizedes hi\u00e1nyb\u00f3l v\u00e1rosi el\u0151ny \u2013 \u00faj \u00f6sszek\u00f6t\u0151 \u00fat Tatab\u00e1ny\u00e1n\"}]},{\"@type\":\"WebSite\",\"@id\":\"https:\\\/\\\/egyuttfejlodunk.hu\\\/#website\",\"url\":\"https:\\\/\\\/egyuttfejlodunk.hu\\\/\",\"name\":\"Egy\u00fctt fejl\u0151d\u00fcnk\",\"description\":\"\",\"publisher\":{\"@id\":\"https:\\\/\\\/egyuttfejlodunk.hu\\\/#organization\"},\"potentialAction\":[{\"@type\":\"SearchAction\",\"target\":{\"@type\":\"EntryPoint\",\"urlTemplate\":\"https:\\\/\\\/egyuttfejlodunk.hu\\\/?s={search_term_string}\"},\"query-input\":{\"@type\":\"PropertyValueSpecification\",\"valueRequired\":true,\"valueName\":\"search_term_string\"}}],\"inLanguage\":\"hu\"},{\"@type\":\"Organization\",\"@id\":\"https:\\\/\\\/egyuttfejlodunk.hu\\\/#organization\",\"name\":\"Egy\u00fctt fejl\u0151d\u00fcnk\",\"url\":\"https:\\\/\\\/egyuttfejlodunk.hu\\\/\",\"logo\":{\"@type\":\"ImageObject\",\"inLanguage\":\"hu\",\"@id\":\"https:\\\/\\\/egyuttfejlodunk.hu\\\/#\\\/schema\\\/logo\\\/image\\\/\",\"url\":\"https:\\\/\\\/egyuttfejlodunk.hu\\\/wp-content\\\/uploads\\\/2026\\\/04\\\/ujlogo.jpg\",\"contentUrl\":\"https:\\\/\\\/egyuttfejlodunk.hu\\\/wp-content\\\/uploads\\\/2026\\\/04\\\/ujlogo.jpg\",\"width\":350,\"height\":110,\"caption\":\"Egy\u00fctt fejl\u0151d\u00fcnk\"},\"image\":{\"@id\":\"https:\\\/\\\/egyuttfejlodunk.hu\\\/#\\\/schema\\\/logo\\\/image\\\/\"}},{\"@type\":\"Person\",\"@id\":\"https:\\\/\\\/egyuttfejlodunk.hu\\\/#\\\/schema\\\/person\\\/74d5e3661b874eed1958599cd4ca7bbd\",\"name\":\"B\u00e1cskai Gabriella\"}]}<\/script>\n<!-- \/ Yoast SEO Premium plugin. -->","yoast_head_json":{"title":"\u00c9vtizedes hi\u00e1nyb\u00f3l v\u00e1rosi el\u0151ny \u2013 \u00faj \u00f6sszek\u00f6t\u0151 \u00fat Tatab\u00e1ny\u00e1n - Egy\u00fctt fejl\u0151d\u00fcnk","robots":{"index":"noindex","follow":"follow","max-snippet":"max-snippet:-1","max-image-preview":"max-image-preview:large","max-video-preview":"max-video-preview:-1"},"og_locale":"hu_HU","og_type":"article","og_title":"\u00c9vtizedes hi\u00e1nyb\u00f3l v\u00e1rosi el\u0151ny \u2013 \u00faj \u00f6sszek\u00f6t\u0151 \u00fat Tatab\u00e1ny\u00e1n","og_description":"Tatab\u00e1nya \u00fajabb fontos l\u00e9p\u00e9st tett a fejl\u0151d\u00e9s \u00fatj\u00e1n: elk\u00e9sz\u00fclt a B\u00e1nhida \u00e9s S\u00e1rberek v\u00e1rosr\u00e9szeket \u00f6sszek\u00f6t\u0151 \u00fat, amely nemcsak k\u00f6zleked\u00e9si beruh\u00e1z\u00e1s, hanem val\u00f3di v\u00e1rosfejleszt\u00e9si m\u00e9rf\u00f6ldk\u0151. Az \u00faj \u00fatszakasz meg\u00e9p\u00edt\u00e9s\u00e9vel t\u00f6bb mint egy \u00e9vtizedes hi\u00e1nyt siker\u00fclt p\u00f3tolni a telep\u00fcl\u00e9s k\u00f6z\u00fath\u00e1l\u00f3zat\u00e1ban. A beruh\u00e1z\u00e1s keret\u00e9ben egy 824 m\u00e9ter hossz\u00fa, korszer\u0171 \u00fatszakasz j\u00f6tt l\u00e9tre, amelyhez kisz\u00e9les\u00edtett csom\u00f3pontok, egyes\u00edtett ker\u00e9kp\u00e1r- \u00e9s gyalog\u00fat, valamint k\u00e9t busz\u00f6b\u00f6l is kapcsol\u00f3dik. Az uni\u00f3s t\u00e1mogat\u00e1s\u00fa projekt egyik legjelent\u0151sebb eleme az \u00faj vas\u00fati alulj\u00e1r\u00f3 meg\u00e9p\u00edt\u00e9se volt, mivel...","og_url":"https:\/\/egyuttfejlodunk.hu\/?p=9615","og_site_name":"Egy\u00fctt fejl\u0151d\u00fcnk","article_published_time":"2026-01-26T09:50:22+00:00","article_modified_time":"2026-08-28T08:33:40+00:00","og_image":[{"width":1920,"height":708,"url":"https:\/\/egyuttfejlodunk.hu\/wp-content\/uploads\/2026\/01\/Banhida_Sarberek_utatado_nevado_2023_005_87370432.jpg","type":"image\/jpeg"}],"author":"B\u00e1cskai Gabriella","twitter_card":"summary_large_image","twitter_misc":{"Szerz\u0151:":"B\u00e1cskai Gabriella","Becs\u00fclt olvas\u00e1si id\u0151":"2 perc"},"schema":{"@context":"https:\/\/schema.org","@graph":[{"@type":"Article","@id":"https:\/\/egyuttfejlodunk.hu\/?p=9615#article","isPartOf":{"@id":"https:\/\/egyuttfejlodunk.hu\/?p=9615"},"author":{"name":"B\u00e1cskai Gabriella","@id":"https:\/\/egyuttfejlodunk.hu\/#\/schema\/person\/74d5e3661b874eed1958599cd4ca7bbd"},"headline":"\u00c9vtizedes hi\u00e1nyb\u00f3l v\u00e1rosi el\u0151ny \u2013 \u00faj \u00f6sszek\u00f6t\u0151 \u00fat Tatab\u00e1ny\u00e1n","datePublished":"2026-01-26T09:50:22+00:00","dateModified":"2026-08-28T08:33:40+00:00","mainEntityOfPage":{"@id":"https:\/\/egyuttfejlodunk.hu\/?p=9615"},"wordCount":470,"publisher":{"@id":"https:\/\/egyuttfejlodunk.hu\/#organization"},"image":{"@id":"https:\/\/egyuttfejlodunk.hu\/?p=9615#primaryimage"},"thumbnailUrl":"https:\/\/egyuttfejlodunk.hu\/wp-content\/uploads\/2026\/01\/Banhida_Sarberek_utatado_nevado_2023_005_87370432.jpg","keywords":["k\u00f6zleked\u00e9sfejleszt\u00e9s","Telep\u00fcl\u00e9sfejleszt\u00e9s"],"articleSection":["Top"],"inLanguage":"hu"},{"@type":"WebPage","@id":"https:\/\/egyuttfejlodunk.hu\/?p=9615","url":"https:\/\/egyuttfejlodunk.hu\/?p=9615","name":"\u00c9vtizedes hi\u00e1nyb\u00f3l v\u00e1rosi el\u0151ny \u2013 \u00faj \u00f6sszek\u00f6t\u0151 \u00fat Tatab\u00e1ny\u00e1n - Egy\u00fctt fejl\u0151d\u00fcnk","isPartOf":{"@id":"https:\/\/egyuttfejlodunk.hu\/#website"},"primaryImageOfPage":{"@id":"https:\/\/egyuttfejlodunk.hu\/?p=9615#primaryimage"},"image":{"@id":"https:\/\/egyuttfejlodunk.hu\/?p=9615#primaryimage"},"thumbnailUrl":"https:\/\/egyuttfejlodunk.hu\/wp-content\/uploads\/2026\/01\/Banhida_Sarberek_utatado_nevado_2023_005_87370432.jpg","datePublished":"2026-01-26T09:50:22+00:00","dateModified":"2026-08-28T08:33:40+00:00","breadcrumb":{"@id":"https:\/\/egyuttfejlodunk.hu\/?p=9615#breadcrumb"},"inLanguage":"hu","potentialAction":[{"@type":"ReadAction","target":["https:\/\/egyuttfejlodunk.hu\/?p=9615"]}]},{"@type":"ImageObject","inLanguage":"hu","@id":"https:\/\/egyuttfejlodunk.hu\/?p=9615#primaryimage","url":"https:\/\/egyuttfejlodunk.hu\/wp-content\/uploads\/2026\/01\/Banhida_Sarberek_utatado_nevado_2023_005_87370432.jpg","contentUrl":"https:\/\/egyuttfejlodunk.hu\/wp-content\/uploads\/2026\/01\/Banhida_Sarberek_utatado_nevado_2023_005_87370432.jpg","width":1920,"height":708},{"@type":"BreadcrumbList","@id":"https:\/\/egyuttfejlodunk.hu\/?p=9615#breadcrumb","itemListElement":[{"@type":"ListItem","position":1,"name":"Home","item":"https:\/\/egyuttfejlodunk.hu\/"},{"@type":"ListItem","position":2,"name":"\u00c9vtizedes hi\u00e1nyb\u00f3l v\u00e1rosi el\u0151ny \u2013 \u00faj \u00f6sszek\u00f6t\u0151 \u00fat Tatab\u00e1ny\u00e1n"}]},{"@type":"WebSite","@id":"https:\/\/egyuttfejlodunk.hu\/#website","url":"https:\/\/egyuttfejlodunk.hu\/","name":"Egy\u00fctt fejl\u0151d\u00fcnk","description":"","publisher":{"@id":"https:\/\/egyuttfejlodunk.hu\/#organization"},"potentialAction":[{"@type":"SearchAction","target":{"@type":"EntryPoint","urlTemplate":"https:\/\/egyuttfejlodunk.hu\/?s={search_term_string}"},"query-input":{"@type":"PropertyValueSpecification","valueRequired":true,"valueName":"search_term_string"}}],"inLanguage":"hu"},{"@type":"Organization","@id":"https:\/\/egyuttfejlodunk.hu\/#organization","name":"Egy\u00fctt fejl\u0151d\u00fcnk","url":"https:\/\/egyuttfejlodunk.hu\/","logo":{"@type":"ImageObject","inLanguage":"hu","@id":"https:\/\/egyuttfejlodunk.hu\/#\/schema\/logo\/image\/","url":"https:\/\/egyuttfejlodunk.hu\/wp-content\/uploads\/2026\/04\/ujlogo.jpg","contentUrl":"https:\/\/egyuttfejlodunk.hu\/wp-content\/uploads\/2026\/04\/ujlogo.jpg","width":350,"height":110,"caption":"Egy\u00fctt fejl\u0151d\u00fcnk"},"image":{"@id":"https:\/\/egyuttfejlodunk.hu\/#\/schema\/logo\/image\/"}},{"@type":"Person","@id":"https:\/\/egyuttfejlodunk.hu\/#\/schema\/person\/74d5e3661b874eed1958599cd4ca7bbd","name":"B\u00e1cskai Gabriella"}]}},"_links":{"self":[{"href":"https:\/\/egyuttfejlodunk.hu\/index.php?rest_route=\/wp\/v2\/posts\/9615","targetHints":{"allow":["GET"]}}],"collection":[{"href":"https:\/\/egyuttfejlodunk.hu\/index.php?rest_route=\/wp\/v2\/posts"}],"about":[{"href":"https:\/\/egyuttfejlodunk.hu\/index.php?rest_route=\/wp\/v2\/types\/post"}],"author":[{"embeddable":true,"href":"https:\/\/egyuttfejlodunk.hu\/index.php?rest_route=\/wp\/v2\/users\/17"}],"replies":[{"embeddable":true,"href":"https:\/\/egyuttfejlodunk.hu\/index.php?rest_route=%2Fwp%2Fv2%2Fcomments&post=9615"}],"version-history":[{"count":1,"href":"https:\/\/egyuttfejlodunk.hu\/index.php?rest_route=\/wp\/v2\/posts\/9615\/revisions"}],"predecessor-version":[{"id":9620,"href":"https:\/\/egyuttfejlodunk.hu\/index.php?rest_route=\/wp\/v2\/posts\/9615\/revisions\/9620"}],"wp:featuredmedia":[{"embeddable":true,"href":"https:\/\/egyuttfejlodunk.hu\/index.php?rest_route=\/wp\/v2\/media\/9616"}],"wp:attachment":[{"href":"https:\/\/egyuttfejlodunk.hu\/index.php?rest_route=%2Fwp%2Fv2%2Fmedia&parent=9615"}],"wp:term":[{"taxonomy":"category","embeddable":true,"href":"https:\/\/egyuttfejlodunk.hu\/index.php?rest_route=%2Fwp%2Fv2%2Fcategories&post=9615"},{"taxonomy":"post_tag","embeddable":true,"href":"https:\/\/egyuttfejlodunk.hu\/index.php?rest_route=%2Fwp%2Fv2%2Ftags&post=9615"},{"taxonomy":"megye","embeddable":true,"href":"https:\/\/egyuttfejlodunk.hu\/index.php?rest_route=%2Fwp%2Fv2%2Fmegye&post=9615"}],"curies":[{"name":"wp","href":"https:\/\/api.w.org\/{rel}","templated":true}]}}