{"id":9704,"date":"2026-01-29T09:29:25","date_gmt":"2026-01-29T08:29:25","guid":{"rendered":"https:\/\/teszt.s152.mediacenter.hu\/egyuttfejlodunk\/?p=9704"},"modified":"2026-06-01T12:03:24","modified_gmt":"2026-06-01T10:03:24","slug":"uj-efop-plusz-piller-projekt-indult-a-legkisebbekert","status":"publish","type":"post","link":"https:\/\/egyuttfejlodunk.hu\/?p=9704","title":{"rendered":"\u00daj EFOP Plusz Pill\u00e9r projekt indult a legkisebbek\u00e9rt"},"content":{"rendered":"<p><b>2025. december 10-\u00e9n indult el az az uni\u00f3s t\u00e1rsfinansz\u00edroz\u00e1s\u00fa, mintegy 7,3 milli\u00e1rd forint \u00e9rt\u00e9k\u0171 projekt, amely a h\u00e1tr\u00e1nyos helyzetben \u00e9l\u0151 \u00f3vod\u00e1s gyermekeket seg\u00edti. A projekt megval\u00f3s\u00edt\u00e1sa sor\u00e1n a r\u00e1szorul\u00f3 gyermekek olyan csomagokat kapnak, amelyek tartalmazz\u00e1k a mindennapjaikhoz sz\u00fcks\u00e9ges \u00e9s fejl\u0151d\u00e9s\u00fcket t\u00e1mogat\u00f3 eszk\u00f6z\u00f6ket.<\/b><\/p>\n<p>Az Emberi Er\u0151forr\u00e1s Fejleszt\u00e9si Operat\u00edv Program Plusz (EFOP Plusz) keret\u00e9ben megval\u00f3sul\u00f3 <a href=\"https:\/\/www.palyazat.gov.hu\/eredmenyek\/tamogatott-projektek\/4070530201\" rel=\"noopener noreferrer nofollow\">program<\/a> koordin\u00e1ci\u00f3j\u00e1t a Magyar M\u00e1ltai Szeretetszolg\u00e1lat Egyes\u00fclet l\u00e1tja el, melynek budapesti logisztikai k\u00f6zpontj\u00e1b\u00f3l ind\u00edtj\u00e1k \u00fatj\u00e1ra a csomagokat.<\/p>\n<p>A projekt m\u00e9rf\u00f6ldk\u0151 nemcsak a szervezet, hanem mindazon csal\u00e1dok \u00e9s gyermekek sz\u00e1m\u00e1ra is, akiket a 2029 okt\u00f3ber\u00e9ig tart\u00f3 megval\u00f3s\u00edt\u00e1s sor\u00e1n el\u00e9rnek. A kezdem\u00e9nyez\u00e9s a tervek szerint \u00e9vente 13 ezer \u00f3vod\u00e1s kor\u00fa gyermek t\u00e1mogat\u00e1s\u00e1t teszi lehet\u0151v\u00e9 a 300 legh\u00e1tr\u00e1nyosabb helyzet\u0171, \u00fagynevezett <em>Felz\u00e1rk\u00f3z\u00f3 Telep\u00fcl\u00e9seken<\/em>. C\u00e9l, hogy az \u00e9rintett gyermekek meger\u0151s\u00f6d\u00f6tt es\u00e9lyekkel kezdhess\u00e9k meg az iskol\u00e1t. Az \u00e9letkori saj\u00e1toss\u00e1gok figyelembev\u00e9tel\u00e9vel \u00f6ssze\u00e1ll\u00edtott csomagokba a c\u00e9lcsoport sz\u00e1m\u00e1ra nehezen el\u00e9rhet\u0151 j\u00e1t\u00e9kok, fejleszt\u0151 eszk\u00f6z\u00f6k, ezen t\u00fal multivitamin, tiszt\u00e1lkod\u00e1si eszk\u00f6z\u00f6k, takar\u00f3k, p\u00e1rn\u00e1k \u00e9s t\u00e9li ruhanem\u0171 is ker\u00fcl.<\/p>\n<p>A 300 telep\u00fcl\u00e9sen kell \u00f6sszehangoltan, a helyi sz\u00fcks\u00e9gletekhez igazodva megszervezni a munk\u00e1t. E feladatot mintegy harminc konzorciumi partner \u2013 karitat\u00edv \u00e9s egyh\u00e1zi szervezetek \u2013 bevon\u00e1s\u00e1val val\u00f3s\u00edtj\u00e1k meg. A projekt Pill\u00e9rk\u00e9nt j\u00e1rul hozz\u00e1 az EFOP Plusz \u00e1tfog\u00f3 c\u00e9lkit\u0171z\u00e9seihez, ezen bel\u00fcl a r\u00e1szorul\u00f3 szem\u00e9lyek t\u00e1mogat\u00e1s\u00e1hoz.<\/p>\n<p><img fetchpriority=\"high\" decoding=\"async\" class=\"alignnone size-medium wp-image-9708\" src=\"https:\/\/egyuttfejlodunk.hu\/wp-content\/uploads\/2026\/01\/8dbeef9e-8f08-4e10-9fb0-48adcb48b101-640x423.jpg\" alt=\"\" width=\"640\" height=\"423\" srcset=\"https:\/\/egyuttfejlodunk.hu\/wp-content\/uploads\/2026\/01\/8dbeef9e-8f08-4e10-9fb0-48adcb48b101-640x423.jpg 640w, https:\/\/egyuttfejlodunk.hu\/wp-content\/uploads\/2026\/01\/8dbeef9e-8f08-4e10-9fb0-48adcb48b101-1280x846.jpg 1280w, https:\/\/egyuttfejlodunk.hu\/wp-content\/uploads\/2026\/01\/8dbeef9e-8f08-4e10-9fb0-48adcb48b101-768x508.jpg 768w, https:\/\/egyuttfejlodunk.hu\/wp-content\/uploads\/2026\/01\/8dbeef9e-8f08-4e10-9fb0-48adcb48b101-1536x1015.jpg 1536w, https:\/\/egyuttfejlodunk.hu\/wp-content\/uploads\/2026\/01\/8dbeef9e-8f08-4e10-9fb0-48adcb48b101-320x212.jpg 320w, https:\/\/egyuttfejlodunk.hu\/wp-content\/uploads\/2026\/01\/8dbeef9e-8f08-4e10-9fb0-48adcb48b101.jpg 1794w\" sizes=\"(max-width: 640px) 100vw, 640px\" \/><\/p>\n<p>&nbsp;<\/p>\n","protected":false},"excerpt":{"rendered":"<p>2025. december 10-\u00e9n indult el az az uni\u00f3s t\u00e1rsfinansz\u00edroz\u00e1s\u00fa, mintegy 7,3 milli\u00e1rd forint \u00e9rt\u00e9k\u0171 projekt, amely a h\u00e1tr\u00e1nyos helyzetben \u00e9l\u0151 \u00f3vod\u00e1s gyermekeket seg\u00edti. A projekt megval\u00f3s\u00edt\u00e1sa sor\u00e1n a r\u00e1szorul\u00f3 gyermekek olyan csomagokat kapnak, amelyek tartalmazz\u00e1k a mindennapjaikhoz sz\u00fcks\u00e9ges \u00e9s fejl\u0151d\u00e9s\u00fcket t\u00e1mogat\u00f3 eszk\u00f6z\u00f6ket. Az Emberi Er\u0151forr\u00e1s Fejleszt\u00e9si Operat\u00edv Program Plusz (EFOP Plusz) keret\u00e9ben megval\u00f3sul\u00f3 program koordin\u00e1ci\u00f3j\u00e1t a Magyar M\u00e1ltai Szeretetszolg\u00e1lat Egyes\u00fclet l\u00e1tja el, melynek budapesti logisztikai k\u00f6zpontj\u00e1b\u00f3l ind\u00edtj\u00e1k \u00fatj\u00e1ra a csomagokat. A projekt m\u00e9rf\u00f6ldk\u0151 nemcsak a&#8230;<\/p>\n","protected":false},"author":17,"featured_media":9705,"comment_status":"closed","ping_status":"closed","sticky":false,"template":"","format":"standard","meta":{"_acf_changed":false,"ngg_post_thumbnail":0,"footnotes":""},"categories":[795],"tags":[787],"megye":[],"class_list":["post-9704","post","type-post","status-publish","format-standard","has-post-thumbnail","hentry","category-szechenyi-plusz-piller-hu","tag-piller"],"acf":[],"yoast_head":"<!-- This site is optimized with the Yoast SEO Premium plugin v28.4 (Yoast SEO v28.4) - https:\/\/yoast.com\/product\/yoast-seo-premium-wordpress\/ -->\n<title>\u00daj EFOP Plusz Pill\u00e9r projekt indult a legkisebbek\u00e9rt - Egy\u00fctt fejl\u0151d\u00fcnk<\/title>\n<meta name=\"robots\" content=\"noindex, follow, max-snippet:-1, max-image-preview:large, max-video-preview:-1\" \/>\n<meta property=\"og:locale\" content=\"hu_HU\" \/>\n<meta property=\"og:type\" content=\"article\" \/>\n<meta property=\"og:title\" content=\"\u00daj EFOP Plusz Pill\u00e9r projekt indult a legkisebbek\u00e9rt\" \/>\n<meta property=\"og:description\" content=\"2025. december 10-\u00e9n indult el az az uni\u00f3s t\u00e1rsfinansz\u00edroz\u00e1s\u00fa, mintegy 7,3 milli\u00e1rd forint \u00e9rt\u00e9k\u0171 projekt, amely a h\u00e1tr\u00e1nyos helyzetben \u00e9l\u0151 \u00f3vod\u00e1s gyermekeket seg\u00edti. A projekt megval\u00f3s\u00edt\u00e1sa sor\u00e1n a r\u00e1szorul\u00f3 gyermekek olyan csomagokat kapnak, amelyek tartalmazz\u00e1k a mindennapjaikhoz sz\u00fcks\u00e9ges \u00e9s fejl\u0151d\u00e9s\u00fcket t\u00e1mogat\u00f3 eszk\u00f6z\u00f6ket. Az Emberi Er\u0151forr\u00e1s Fejleszt\u00e9si Operat\u00edv Program Plusz (EFOP Plusz) keret\u00e9ben megval\u00f3sul\u00f3 program koordin\u00e1ci\u00f3j\u00e1t a Magyar M\u00e1ltai Szeretetszolg\u00e1lat Egyes\u00fclet l\u00e1tja el, melynek budapesti logisztikai k\u00f6zpontj\u00e1b\u00f3l ind\u00edtj\u00e1k \u00fatj\u00e1ra a csomagokat. A projekt m\u00e9rf\u00f6ldk\u0151 nemcsak a...\" \/>\n<meta property=\"og:url\" content=\"https:\/\/egyuttfejlodunk.hu\/?p=9704\" \/>\n<meta property=\"og:site_name\" content=\"Egy\u00fctt fejl\u0151d\u00fcnk\" \/>\n<meta property=\"article:published_time\" content=\"2026-01-29T08:29:25+00:00\" \/>\n<meta property=\"article:modified_time\" content=\"2026-06-01T10:03:24+00:00\" \/>\n<meta property=\"og:image\" content=\"https:\/\/egyuttfejlodunk.hu\/wp-content\/uploads\/2026\/01\/fbf3dca0-8350-4023-9096-55fd59729439.jpg\" \/>\n\t<meta property=\"og:image:width\" content=\"999\" \/>\n\t<meta property=\"og:image:height\" content=\"544\" \/>\n\t<meta property=\"og:image:type\" content=\"image\/jpeg\" \/>\n<meta name=\"author\" content=\"B\u00e1cskai Gabriella\" \/>\n<meta name=\"twitter:card\" content=\"summary_large_image\" \/>\n<meta name=\"twitter:label1\" content=\"Szerz\u0151:\" \/>\n\t<meta name=\"twitter:data1\" content=\"B\u00e1cskai Gabriella\" \/>\n\t<meta name=\"twitter:label2\" content=\"Becs\u00fclt olvas\u00e1si id\u0151\" \/>\n\t<meta name=\"twitter:data2\" content=\"2 perc\" \/>\n<script type=\"application\/ld+json\" class=\"yoast-schema-graph\">{\"@context\":\"https:\\\/\\\/schema.org\",\"@graph\":[{\"@type\":\"Article\",\"@id\":\"https:\\\/\\\/egyuttfejlodunk.hu\\\/?p=9704#article\",\"isPartOf\":{\"@id\":\"https:\\\/\\\/egyuttfejlodunk.hu\\\/?p=9704\"},\"author\":{\"name\":\"B\u00e1cskai Gabriella\",\"@id\":\"https:\\\/\\\/egyuttfejlodunk.hu\\\/#\\\/schema\\\/person\\\/74d5e3661b874eed1958599cd4ca7bbd\"},\"headline\":\"\u00daj EFOP Plusz Pill\u00e9r projekt indult a legkisebbek\u00e9rt\",\"datePublished\":\"2026-01-29T08:29:25+00:00\",\"dateModified\":\"2026-06-01T10:03:24+00:00\",\"mainEntityOfPage\":{\"@id\":\"https:\\\/\\\/egyuttfejlodunk.hu\\\/?p=9704\"},\"wordCount\":319,\"publisher\":{\"@id\":\"https:\\\/\\\/egyuttfejlodunk.hu\\\/#organization\"},\"image\":{\"@id\":\"https:\\\/\\\/egyuttfejlodunk.hu\\\/?p=9704#primaryimage\"},\"thumbnailUrl\":\"https:\\\/\\\/egyuttfejlodunk.hu\\\/wp-content\\\/uploads\\\/2026\\\/01\\\/fbf3dca0-8350-4023-9096-55fd59729439.jpg\",\"keywords\":[\"Pill\u00e9r\"],\"articleSection\":[\"sz\u00e9chenyi plusz pill\u00e9r\"],\"inLanguage\":\"hu\"},{\"@type\":\"WebPage\",\"@id\":\"https:\\\/\\\/egyuttfejlodunk.hu\\\/?p=9704\",\"url\":\"https:\\\/\\\/egyuttfejlodunk.hu\\\/?p=9704\",\"name\":\"\u00daj EFOP Plusz Pill\u00e9r projekt indult a legkisebbek\u00e9rt - Egy\u00fctt fejl\u0151d\u00fcnk\",\"isPartOf\":{\"@id\":\"https:\\\/\\\/egyuttfejlodunk.hu\\\/#website\"},\"primaryImageOfPage\":{\"@id\":\"https:\\\/\\\/egyuttfejlodunk.hu\\\/?p=9704#primaryimage\"},\"image\":{\"@id\":\"https:\\\/\\\/egyuttfejlodunk.hu\\\/?p=9704#primaryimage\"},\"thumbnailUrl\":\"https:\\\/\\\/egyuttfejlodunk.hu\\\/wp-content\\\/uploads\\\/2026\\\/01\\\/fbf3dca0-8350-4023-9096-55fd59729439.jpg\",\"datePublished\":\"2026-01-29T08:29:25+00:00\",\"dateModified\":\"2026-06-01T10:03:24+00:00\",\"breadcrumb\":{\"@id\":\"https:\\\/\\\/egyuttfejlodunk.hu\\\/?p=9704#breadcrumb\"},\"inLanguage\":\"hu\",\"potentialAction\":[{\"@type\":\"ReadAction\",\"target\":[\"https:\\\/\\\/egyuttfejlodunk.hu\\\/?p=9704\"]}]},{\"@type\":\"ImageObject\",\"inLanguage\":\"hu\",\"@id\":\"https:\\\/\\\/egyuttfejlodunk.hu\\\/?p=9704#primaryimage\",\"url\":\"https:\\\/\\\/egyuttfejlodunk.hu\\\/wp-content\\\/uploads\\\/2026\\\/01\\\/fbf3dca0-8350-4023-9096-55fd59729439.jpg\",\"contentUrl\":\"https:\\\/\\\/egyuttfejlodunk.hu\\\/wp-content\\\/uploads\\\/2026\\\/01\\\/fbf3dca0-8350-4023-9096-55fd59729439.jpg\",\"width\":999,\"height\":544},{\"@type\":\"BreadcrumbList\",\"@id\":\"https:\\\/\\\/egyuttfejlodunk.hu\\\/?p=9704#breadcrumb\",\"itemListElement\":[{\"@type\":\"ListItem\",\"position\":1,\"name\":\"Home\",\"item\":\"https:\\\/\\\/egyuttfejlodunk.hu\\\/\"},{\"@type\":\"ListItem\",\"position\":2,\"name\":\"\u00daj EFOP Plusz Pill\u00e9r projekt indult a legkisebbek\u00e9rt\"}]},{\"@type\":\"WebSite\",\"@id\":\"https:\\\/\\\/egyuttfejlodunk.hu\\\/#website\",\"url\":\"https:\\\/\\\/egyuttfejlodunk.hu\\\/\",\"name\":\"Egy\u00fctt fejl\u0151d\u00fcnk\",\"description\":\"\",\"publisher\":{\"@id\":\"https:\\\/\\\/egyuttfejlodunk.hu\\\/#organization\"},\"potentialAction\":[{\"@type\":\"SearchAction\",\"target\":{\"@type\":\"EntryPoint\",\"urlTemplate\":\"https:\\\/\\\/egyuttfejlodunk.hu\\\/?s={search_term_string}\"},\"query-input\":{\"@type\":\"PropertyValueSpecification\",\"valueRequired\":true,\"valueName\":\"search_term_string\"}}],\"inLanguage\":\"hu\"},{\"@type\":\"Organization\",\"@id\":\"https:\\\/\\\/egyuttfejlodunk.hu\\\/#organization\",\"name\":\"Egy\u00fctt fejl\u0151d\u00fcnk\",\"url\":\"https:\\\/\\\/egyuttfejlodunk.hu\\\/\",\"logo\":{\"@type\":\"ImageObject\",\"inLanguage\":\"hu\",\"@id\":\"https:\\\/\\\/egyuttfejlodunk.hu\\\/#\\\/schema\\\/logo\\\/image\\\/\",\"url\":\"https:\\\/\\\/egyuttfejlodunk.hu\\\/wp-content\\\/uploads\\\/2026\\\/04\\\/ujlogo.jpg\",\"contentUrl\":\"https:\\\/\\\/egyuttfejlodunk.hu\\\/wp-content\\\/uploads\\\/2026\\\/04\\\/ujlogo.jpg\",\"width\":350,\"height\":110,\"caption\":\"Egy\u00fctt fejl\u0151d\u00fcnk\"},\"image\":{\"@id\":\"https:\\\/\\\/egyuttfejlodunk.hu\\\/#\\\/schema\\\/logo\\\/image\\\/\"}},{\"@type\":\"Person\",\"@id\":\"https:\\\/\\\/egyuttfejlodunk.hu\\\/#\\\/schema\\\/person\\\/74d5e3661b874eed1958599cd4ca7bbd\",\"name\":\"B\u00e1cskai Gabriella\"}]}<\/script>\n<!-- \/ Yoast SEO Premium plugin. -->","yoast_head_json":{"title":"\u00daj EFOP Plusz Pill\u00e9r projekt indult a legkisebbek\u00e9rt - Egy\u00fctt fejl\u0151d\u00fcnk","robots":{"index":"noindex","follow":"follow","max-snippet":"max-snippet:-1","max-image-preview":"max-image-preview:large","max-video-preview":"max-video-preview:-1"},"og_locale":"hu_HU","og_type":"article","og_title":"\u00daj EFOP Plusz Pill\u00e9r projekt indult a legkisebbek\u00e9rt","og_description":"2025. december 10-\u00e9n indult el az az uni\u00f3s t\u00e1rsfinansz\u00edroz\u00e1s\u00fa, mintegy 7,3 milli\u00e1rd forint \u00e9rt\u00e9k\u0171 projekt, amely a h\u00e1tr\u00e1nyos helyzetben \u00e9l\u0151 \u00f3vod\u00e1s gyermekeket seg\u00edti. A projekt megval\u00f3s\u00edt\u00e1sa sor\u00e1n a r\u00e1szorul\u00f3 gyermekek olyan csomagokat kapnak, amelyek tartalmazz\u00e1k a mindennapjaikhoz sz\u00fcks\u00e9ges \u00e9s fejl\u0151d\u00e9s\u00fcket t\u00e1mogat\u00f3 eszk\u00f6z\u00f6ket. Az Emberi Er\u0151forr\u00e1s Fejleszt\u00e9si Operat\u00edv Program Plusz (EFOP Plusz) keret\u00e9ben megval\u00f3sul\u00f3 program koordin\u00e1ci\u00f3j\u00e1t a Magyar M\u00e1ltai Szeretetszolg\u00e1lat Egyes\u00fclet l\u00e1tja el, melynek budapesti logisztikai k\u00f6zpontj\u00e1b\u00f3l ind\u00edtj\u00e1k \u00fatj\u00e1ra a csomagokat. A projekt m\u00e9rf\u00f6ldk\u0151 nemcsak a...","og_url":"https:\/\/egyuttfejlodunk.hu\/?p=9704","og_site_name":"Egy\u00fctt fejl\u0151d\u00fcnk","article_published_time":"2026-01-29T08:29:25+00:00","article_modified_time":"2026-06-01T10:03:24+00:00","og_image":[{"width":999,"height":544,"url":"https:\/\/egyuttfejlodunk.hu\/wp-content\/uploads\/2026\/01\/fbf3dca0-8350-4023-9096-55fd59729439.jpg","type":"image\/jpeg"}],"author":"B\u00e1cskai Gabriella","twitter_card":"summary_large_image","twitter_misc":{"Szerz\u0151:":"B\u00e1cskai Gabriella","Becs\u00fclt olvas\u00e1si id\u0151":"2 perc"},"schema":{"@context":"https:\/\/schema.org","@graph":[{"@type":"Article","@id":"https:\/\/egyuttfejlodunk.hu\/?p=9704#article","isPartOf":{"@id":"https:\/\/egyuttfejlodunk.hu\/?p=9704"},"author":{"name":"B\u00e1cskai Gabriella","@id":"https:\/\/egyuttfejlodunk.hu\/#\/schema\/person\/74d5e3661b874eed1958599cd4ca7bbd"},"headline":"\u00daj EFOP Plusz Pill\u00e9r projekt indult a legkisebbek\u00e9rt","datePublished":"2026-01-29T08:29:25+00:00","dateModified":"2026-06-01T10:03:24+00:00","mainEntityOfPage":{"@id":"https:\/\/egyuttfejlodunk.hu\/?p=9704"},"wordCount":319,"publisher":{"@id":"https:\/\/egyuttfejlodunk.hu\/#organization"},"image":{"@id":"https:\/\/egyuttfejlodunk.hu\/?p=9704#primaryimage"},"thumbnailUrl":"https:\/\/egyuttfejlodunk.hu\/wp-content\/uploads\/2026\/01\/fbf3dca0-8350-4023-9096-55fd59729439.jpg","keywords":["Pill\u00e9r"],"articleSection":["sz\u00e9chenyi plusz pill\u00e9r"],"inLanguage":"hu"},{"@type":"WebPage","@id":"https:\/\/egyuttfejlodunk.hu\/?p=9704","url":"https:\/\/egyuttfejlodunk.hu\/?p=9704","name":"\u00daj EFOP Plusz Pill\u00e9r projekt indult a legkisebbek\u00e9rt - Egy\u00fctt fejl\u0151d\u00fcnk","isPartOf":{"@id":"https:\/\/egyuttfejlodunk.hu\/#website"},"primaryImageOfPage":{"@id":"https:\/\/egyuttfejlodunk.hu\/?p=9704#primaryimage"},"image":{"@id":"https:\/\/egyuttfejlodunk.hu\/?p=9704#primaryimage"},"thumbnailUrl":"https:\/\/egyuttfejlodunk.hu\/wp-content\/uploads\/2026\/01\/fbf3dca0-8350-4023-9096-55fd59729439.jpg","datePublished":"2026-01-29T08:29:25+00:00","dateModified":"2026-06-01T10:03:24+00:00","breadcrumb":{"@id":"https:\/\/egyuttfejlodunk.hu\/?p=9704#breadcrumb"},"inLanguage":"hu","potentialAction":[{"@type":"ReadAction","target":["https:\/\/egyuttfejlodunk.hu\/?p=9704"]}]},{"@type":"ImageObject","inLanguage":"hu","@id":"https:\/\/egyuttfejlodunk.hu\/?p=9704#primaryimage","url":"https:\/\/egyuttfejlodunk.hu\/wp-content\/uploads\/2026\/01\/fbf3dca0-8350-4023-9096-55fd59729439.jpg","contentUrl":"https:\/\/egyuttfejlodunk.hu\/wp-content\/uploads\/2026\/01\/fbf3dca0-8350-4023-9096-55fd59729439.jpg","width":999,"height":544},{"@type":"BreadcrumbList","@id":"https:\/\/egyuttfejlodunk.hu\/?p=9704#breadcrumb","itemListElement":[{"@type":"ListItem","position":1,"name":"Home","item":"https:\/\/egyuttfejlodunk.hu\/"},{"@type":"ListItem","position":2,"name":"\u00daj EFOP Plusz Pill\u00e9r projekt indult a legkisebbek\u00e9rt"}]},{"@type":"WebSite","@id":"https:\/\/egyuttfejlodunk.hu\/#website","url":"https:\/\/egyuttfejlodunk.hu\/","name":"Egy\u00fctt fejl\u0151d\u00fcnk","description":"","publisher":{"@id":"https:\/\/egyuttfejlodunk.hu\/#organization"},"potentialAction":[{"@type":"SearchAction","target":{"@type":"EntryPoint","urlTemplate":"https:\/\/egyuttfejlodunk.hu\/?s={search_term_string}"},"query-input":{"@type":"PropertyValueSpecification","valueRequired":true,"valueName":"search_term_string"}}],"inLanguage":"hu"},{"@type":"Organization","@id":"https:\/\/egyuttfejlodunk.hu\/#organization","name":"Egy\u00fctt fejl\u0151d\u00fcnk","url":"https:\/\/egyuttfejlodunk.hu\/","logo":{"@type":"ImageObject","inLanguage":"hu","@id":"https:\/\/egyuttfejlodunk.hu\/#\/schema\/logo\/image\/","url":"https:\/\/egyuttfejlodunk.hu\/wp-content\/uploads\/2026\/04\/ujlogo.jpg","contentUrl":"https:\/\/egyuttfejlodunk.hu\/wp-content\/uploads\/2026\/04\/ujlogo.jpg","width":350,"height":110,"caption":"Egy\u00fctt fejl\u0151d\u00fcnk"},"image":{"@id":"https:\/\/egyuttfejlodunk.hu\/#\/schema\/logo\/image\/"}},{"@type":"Person","@id":"https:\/\/egyuttfejlodunk.hu\/#\/schema\/person\/74d5e3661b874eed1958599cd4ca7bbd","name":"B\u00e1cskai Gabriella"}]}},"_links":{"self":[{"href":"https:\/\/egyuttfejlodunk.hu\/index.php?rest_route=\/wp\/v2\/posts\/9704","targetHints":{"allow":["GET"]}}],"collection":[{"href":"https:\/\/egyuttfejlodunk.hu\/index.php?rest_route=\/wp\/v2\/posts"}],"about":[{"href":"https:\/\/egyuttfejlodunk.hu\/index.php?rest_route=\/wp\/v2\/types\/post"}],"author":[{"embeddable":true,"href":"https:\/\/egyuttfejlodunk.hu\/index.php?rest_route=\/wp\/v2\/users\/17"}],"replies":[{"embeddable":true,"href":"https:\/\/egyuttfejlodunk.hu\/index.php?rest_route=%2Fwp%2Fv2%2Fcomments&post=9704"}],"version-history":[{"count":2,"href":"https:\/\/egyuttfejlodunk.hu\/index.php?rest_route=\/wp\/v2\/posts\/9704\/revisions"}],"predecessor-version":[{"id":9709,"href":"https:\/\/egyuttfejlodunk.hu\/index.php?rest_route=\/wp\/v2\/posts\/9704\/revisions\/9709"}],"wp:featuredmedia":[{"embeddable":true,"href":"https:\/\/egyuttfejlodunk.hu\/index.php?rest_route=\/wp\/v2\/media\/9705"}],"wp:attachment":[{"href":"https:\/\/egyuttfejlodunk.hu\/index.php?rest_route=%2Fwp%2Fv2%2Fmedia&parent=9704"}],"wp:term":[{"taxonomy":"category","embeddable":true,"href":"https:\/\/egyuttfejlodunk.hu\/index.php?rest_route=%2Fwp%2Fv2%2Fcategories&post=9704"},{"taxonomy":"post_tag","embeddable":true,"href":"https:\/\/egyuttfejlodunk.hu\/index.php?rest_route=%2Fwp%2Fv2%2Ftags&post=9704"},{"taxonomy":"megye","embeddable":true,"href":"https:\/\/egyuttfejlodunk.hu\/index.php?rest_route=%2Fwp%2Fv2%2Fmegye&post=9704"}],"curies":[{"name":"wp","href":"https:\/\/api.w.org\/{rel}","templated":true}]}}