{"id":9792,"date":"2026-02-23T13:15:36","date_gmt":"2026-02-23T12:15:36","guid":{"rendered":"https:\/\/teszt.s152.mediacenter.hu\/egyuttfejlodunk\/?p=9792"},"modified":"2026-02-20T14:46:56","modified_gmt":"2026-02-20T13:46:56","slug":"new-nursery-opens-in-balatonszentgyorgy","status":"publish","type":"post","link":"https:\/\/egyuttfejlodunk.hu\/en\/new-nursery-opens-in-balatonszentgyorgy\/","title":{"rendered":"New nursery opens in Balatonszentgy\u00f6rgy"},"content":{"rendered":"<p><strong>The opening of a new nursery is more than the inauguration of a building \u2014 it brings real, tangible change to the everyday lives of families with young children and strengthens the entire community in the long term.<\/strong><\/p>\n<p>Built with funding from the European Union, the brand-new nursery has welcomed children from Balatonszentgy\u00f6rgy and nearby communities since September 2024. The facility makes it significantly easier for parents to return to work or manage daily responsibilities, offering peace of mind knowing their children are cared for by qualified professionals.<\/p>\n<p>Designed to accommodate 24 children, the nursery was created as a safe, warm, and child-friendly environment. Two group rooms, child-adapted washrooms and changing areas, as well as practical drop-off spaces ensure smooth daily operations. A stroller storage area and an accessible restroom further enhance convenience. The group rooms open directly onto terraces leading to the playground, where a variety of outdoor toys and equipment support the development of coordination and motor skills, inviting children to explore and play freely.<\/p>\n<p>Beyond its core functions, the nursery also offers additional services. A salt therapy room and a dedicated movement development space have been established, allowing children who require targeted support to receive care locally. Modern developmental tools \u2014 selected with the guidance of methodological experts \u2014 have been acquired specifically to support the skills and abilities of children under the age of three.<\/p>\n<p><iframe title=\"B\u00f6lcs\u0151de \u00e9p\u00edt\u00e9se Balatonszentgy\u00f6rgy\u00f6n\" width=\"1200\" height=\"675\" src=\"https:\/\/www.youtube.com\/embed\/LE33Ihx6MxE?feature=oembed\" frameborder=\"0\" allow=\"accelerometer; autoplay; clipboard-write; encrypted-media; gyroscope; picture-in-picture; web-share\" referrerpolicy=\"strict-origin-when-cross-origin\" allowfullscreen><\/iframe><\/p>\n<p>The development was implemented from EU funding in the project TOP-1.4.1-19-SO1-2019-00022 under the Territorial and Settlement Development Operational Programme.<\/p>\n<p>Find out more about the project in the Project Finder:<a class=\"tovabb\" href=\"https:\/\/www.palyazat.gov.hu\/eredmenyek\/tamogatott-projektek\/2226330201\" target=\"_blank\" rel=\"noopener\">Details<\/a><\/p>\n<p>&nbsp;<\/p>\n","protected":false},"excerpt":{"rendered":"<p>The opening of a new nursery is more than the inauguration of a building \u2014 it brings real, tangible change to the everyday lives of families with young children and strengthens the entire community in the long term. Built with funding from the European Union, the brand-new nursery has welcomed children from Balatonszentgy\u00f6rgy and nearby communities since September 2024. The facility makes it significantly easier for parents to return to work or manage daily responsibilities,&#8230;<\/p>\n","protected":false},"author":23,"featured_media":9779,"comment_status":"closed","ping_status":"closed","sticky":false,"template":"","format":"video","meta":{"_acf_changed":false,"ngg_post_thumbnail":0,"footnotes":""},"categories":[380],"tags":[],"megye":[],"class_list":["post-9792","post","type-post","status-publish","format-video","has-post-thumbnail","hentry","category-top-en","post_format-post-format-video"],"acf":[],"yoast_head":"<!-- This site is optimized with the Yoast SEO Premium plugin v28.4 (Yoast SEO v28.4) - https:\/\/yoast.com\/product\/yoast-seo-premium-wordpress\/ -->\n<title>New nursery opens in Balatonszentgy\u00f6rgy - Egy\u00fctt fejl\u0151d\u00fcnk<\/title>\n<meta name=\"robots\" content=\"noindex, follow, max-snippet:-1, max-image-preview:large, max-video-preview:-1\" \/>\n<meta property=\"og:locale\" content=\"hu_HU\" \/>\n<meta property=\"og:type\" content=\"article\" \/>\n<meta property=\"og:title\" content=\"New nursery opens in Balatonszentgy\u00f6rgy\" \/>\n<meta property=\"og:description\" content=\"The opening of a new nursery is more than the inauguration of a building \u2014 it brings real, tangible change to the everyday lives of families with young children and strengthens the entire community in the long term. Built with funding from the European Union, the brand-new nursery has welcomed children from Balatonszentgy\u00f6rgy and nearby communities since September 2024. The facility makes it significantly easier for parents to return to work or manage daily responsibilities,...\" \/>\n<meta property=\"og:url\" content=\"https:\/\/egyuttfejlodunk.hu\/en\/new-nursery-opens-in-balatonszentgyorgy\/\" \/>\n<meta property=\"og:site_name\" content=\"Egy\u00fctt fejl\u0151d\u00fcnk\" \/>\n<meta property=\"article:published_time\" content=\"2026-02-23T12:15:36+00:00\" \/>\n<meta property=\"og:image\" content=\"https:\/\/egyuttfejlodunk.hu\/wp-content\/uploads\/2026\/02\/2024_0213_130707_GPS.jpg\" \/>\n\t<meta property=\"og:image:width\" content=\"1920\" \/>\n\t<meta property=\"og:image:height\" content=\"1081\" \/>\n\t<meta property=\"og:image:type\" content=\"image\/jpeg\" \/>\n<meta name=\"author\" content=\"Szab\u00f3 Evelin\" \/>\n<meta name=\"twitter:card\" content=\"summary_large_image\" \/>\n<meta name=\"twitter:label1\" content=\"Szerz\u0151:\" \/>\n\t<meta name=\"twitter:data1\" content=\"Szab\u00f3 Evelin\" \/>\n\t<meta name=\"twitter:label2\" content=\"Becs\u00fclt olvas\u00e1si id\u0151\" \/>\n\t<meta name=\"twitter:data2\" content=\"1 perc\" \/>\n<script type=\"application\/ld+json\" class=\"yoast-schema-graph\">{\"@context\":\"https:\\\/\\\/schema.org\",\"@graph\":[{\"@type\":\"Article\",\"@id\":\"https:\\\/\\\/egyuttfejlodunk.hu\\\/en\\\/new-nursery-opens-in-balatonszentgyorgy\\\/#article\",\"isPartOf\":{\"@id\":\"https:\\\/\\\/egyuttfejlodunk.hu\\\/en\\\/new-nursery-opens-in-balatonszentgyorgy\\\/\"},\"author\":{\"name\":\"Szab\u00f3 Evelin\",\"@id\":\"https:\\\/\\\/egyuttfejlodunk.hu\\\/#\\\/schema\\\/person\\\/172a88f23f4f1fb8bbd7bfcddb0ce254\"},\"headline\":\"New nursery opens in Balatonszentgy\u00f6rgy\",\"datePublished\":\"2026-02-23T12:15:36+00:00\",\"mainEntityOfPage\":{\"@id\":\"https:\\\/\\\/egyuttfejlodunk.hu\\\/en\\\/new-nursery-opens-in-balatonszentgyorgy\\\/\"},\"wordCount\":274,\"publisher\":{\"@id\":\"https:\\\/\\\/egyuttfejlodunk.hu\\\/#organization\"},\"image\":{\"@id\":\"https:\\\/\\\/egyuttfejlodunk.hu\\\/en\\\/new-nursery-opens-in-balatonszentgyorgy\\\/#primaryimage\"},\"thumbnailUrl\":\"https:\\\/\\\/egyuttfejlodunk.hu\\\/wp-content\\\/uploads\\\/2026\\\/02\\\/2024_0213_130707_GPS.jpg\",\"articleSection\":[\"Top\"],\"inLanguage\":\"hu\"},{\"@type\":\"WebPage\",\"@id\":\"https:\\\/\\\/egyuttfejlodunk.hu\\\/en\\\/new-nursery-opens-in-balatonszentgyorgy\\\/\",\"url\":\"https:\\\/\\\/egyuttfejlodunk.hu\\\/en\\\/new-nursery-opens-in-balatonszentgyorgy\\\/\",\"name\":\"New nursery opens in Balatonszentgy\u00f6rgy - Egy\u00fctt fejl\u0151d\u00fcnk\",\"isPartOf\":{\"@id\":\"https:\\\/\\\/egyuttfejlodunk.hu\\\/#website\"},\"primaryImageOfPage\":{\"@id\":\"https:\\\/\\\/egyuttfejlodunk.hu\\\/en\\\/new-nursery-opens-in-balatonszentgyorgy\\\/#primaryimage\"},\"image\":{\"@id\":\"https:\\\/\\\/egyuttfejlodunk.hu\\\/en\\\/new-nursery-opens-in-balatonszentgyorgy\\\/#primaryimage\"},\"thumbnailUrl\":\"https:\\\/\\\/egyuttfejlodunk.hu\\\/wp-content\\\/uploads\\\/2026\\\/02\\\/2024_0213_130707_GPS.jpg\",\"datePublished\":\"2026-02-23T12:15:36+00:00\",\"breadcrumb\":{\"@id\":\"https:\\\/\\\/egyuttfejlodunk.hu\\\/en\\\/new-nursery-opens-in-balatonszentgyorgy\\\/#breadcrumb\"},\"inLanguage\":\"hu\",\"potentialAction\":[{\"@type\":\"ReadAction\",\"target\":[\"https:\\\/\\\/egyuttfejlodunk.hu\\\/en\\\/new-nursery-opens-in-balatonszentgyorgy\\\/\"]}]},{\"@type\":\"ImageObject\",\"inLanguage\":\"hu\",\"@id\":\"https:\\\/\\\/egyuttfejlodunk.hu\\\/en\\\/new-nursery-opens-in-balatonszentgyorgy\\\/#primaryimage\",\"url\":\"https:\\\/\\\/egyuttfejlodunk.hu\\\/wp-content\\\/uploads\\\/2026\\\/02\\\/2024_0213_130707_GPS.jpg\",\"contentUrl\":\"https:\\\/\\\/egyuttfejlodunk.hu\\\/wp-content\\\/uploads\\\/2026\\\/02\\\/2024_0213_130707_GPS.jpg\",\"width\":1920,\"height\":1081},{\"@type\":\"BreadcrumbList\",\"@id\":\"https:\\\/\\\/egyuttfejlodunk.hu\\\/en\\\/new-nursery-opens-in-balatonszentgyorgy\\\/#breadcrumb\",\"itemListElement\":[{\"@type\":\"ListItem\",\"position\":1,\"name\":\"Home\",\"item\":\"https:\\\/\\\/egyuttfejlodunk.hu\\\/\"},{\"@type\":\"ListItem\",\"position\":2,\"name\":\"New nursery opens in Balatonszentgy\u00f6rgy\"}]},{\"@type\":\"WebSite\",\"@id\":\"https:\\\/\\\/egyuttfejlodunk.hu\\\/#website\",\"url\":\"https:\\\/\\\/egyuttfejlodunk.hu\\\/\",\"name\":\"Egy\u00fctt fejl\u0151d\u00fcnk\",\"description\":\"\",\"publisher\":{\"@id\":\"https:\\\/\\\/egyuttfejlodunk.hu\\\/#organization\"},\"potentialAction\":[{\"@type\":\"SearchAction\",\"target\":{\"@type\":\"EntryPoint\",\"urlTemplate\":\"https:\\\/\\\/egyuttfejlodunk.hu\\\/?s={search_term_string}\"},\"query-input\":{\"@type\":\"PropertyValueSpecification\",\"valueRequired\":true,\"valueName\":\"search_term_string\"}}],\"inLanguage\":\"hu\"},{\"@type\":\"Organization\",\"@id\":\"https:\\\/\\\/egyuttfejlodunk.hu\\\/#organization\",\"name\":\"Egy\u00fctt fejl\u0151d\u00fcnk\",\"url\":\"https:\\\/\\\/egyuttfejlodunk.hu\\\/\",\"logo\":{\"@type\":\"ImageObject\",\"inLanguage\":\"hu\",\"@id\":\"https:\\\/\\\/egyuttfejlodunk.hu\\\/#\\\/schema\\\/logo\\\/image\\\/\",\"url\":\"https:\\\/\\\/egyuttfejlodunk.hu\\\/wp-content\\\/uploads\\\/2026\\\/04\\\/ujlogo.jpg\",\"contentUrl\":\"https:\\\/\\\/egyuttfejlodunk.hu\\\/wp-content\\\/uploads\\\/2026\\\/04\\\/ujlogo.jpg\",\"width\":350,\"height\":110,\"caption\":\"Egy\u00fctt fejl\u0151d\u00fcnk\"},\"image\":{\"@id\":\"https:\\\/\\\/egyuttfejlodunk.hu\\\/#\\\/schema\\\/logo\\\/image\\\/\"}},{\"@type\":\"Person\",\"@id\":\"https:\\\/\\\/egyuttfejlodunk.hu\\\/#\\\/schema\\\/person\\\/172a88f23f4f1fb8bbd7bfcddb0ce254\",\"name\":\"Szab\u00f3 Evelin\"}]}<\/script>\n<!-- \/ Yoast SEO Premium plugin. -->","yoast_head_json":{"title":"New nursery opens in Balatonszentgy\u00f6rgy - Egy\u00fctt fejl\u0151d\u00fcnk","robots":{"index":"noindex","follow":"follow","max-snippet":"max-snippet:-1","max-image-preview":"max-image-preview:large","max-video-preview":"max-video-preview:-1"},"og_locale":"hu_HU","og_type":"article","og_title":"New nursery opens in Balatonszentgy\u00f6rgy","og_description":"The opening of a new nursery is more than the inauguration of a building \u2014 it brings real, tangible change to the everyday lives of families with young children and strengthens the entire community in the long term. Built with funding from the European Union, the brand-new nursery has welcomed children from Balatonszentgy\u00f6rgy and nearby communities since September 2024. The facility makes it significantly easier for parents to return to work or manage daily responsibilities,...","og_url":"https:\/\/egyuttfejlodunk.hu\/en\/new-nursery-opens-in-balatonszentgyorgy\/","og_site_name":"Egy\u00fctt fejl\u0151d\u00fcnk","article_published_time":"2026-02-23T12:15:36+00:00","og_image":[{"width":1920,"height":1081,"url":"https:\/\/egyuttfejlodunk.hu\/wp-content\/uploads\/2026\/02\/2024_0213_130707_GPS.jpg","type":"image\/jpeg"}],"author":"Szab\u00f3 Evelin","twitter_card":"summary_large_image","twitter_misc":{"Szerz\u0151:":"Szab\u00f3 Evelin","Becs\u00fclt olvas\u00e1si id\u0151":"1 perc"},"schema":{"@context":"https:\/\/schema.org","@graph":[{"@type":"Article","@id":"https:\/\/egyuttfejlodunk.hu\/en\/new-nursery-opens-in-balatonszentgyorgy\/#article","isPartOf":{"@id":"https:\/\/egyuttfejlodunk.hu\/en\/new-nursery-opens-in-balatonszentgyorgy\/"},"author":{"name":"Szab\u00f3 Evelin","@id":"https:\/\/egyuttfejlodunk.hu\/#\/schema\/person\/172a88f23f4f1fb8bbd7bfcddb0ce254"},"headline":"New nursery opens in Balatonszentgy\u00f6rgy","datePublished":"2026-02-23T12:15:36+00:00","mainEntityOfPage":{"@id":"https:\/\/egyuttfejlodunk.hu\/en\/new-nursery-opens-in-balatonszentgyorgy\/"},"wordCount":274,"publisher":{"@id":"https:\/\/egyuttfejlodunk.hu\/#organization"},"image":{"@id":"https:\/\/egyuttfejlodunk.hu\/en\/new-nursery-opens-in-balatonszentgyorgy\/#primaryimage"},"thumbnailUrl":"https:\/\/egyuttfejlodunk.hu\/wp-content\/uploads\/2026\/02\/2024_0213_130707_GPS.jpg","articleSection":["Top"],"inLanguage":"hu"},{"@type":"WebPage","@id":"https:\/\/egyuttfejlodunk.hu\/en\/new-nursery-opens-in-balatonszentgyorgy\/","url":"https:\/\/egyuttfejlodunk.hu\/en\/new-nursery-opens-in-balatonszentgyorgy\/","name":"New nursery opens in Balatonszentgy\u00f6rgy - Egy\u00fctt fejl\u0151d\u00fcnk","isPartOf":{"@id":"https:\/\/egyuttfejlodunk.hu\/#website"},"primaryImageOfPage":{"@id":"https:\/\/egyuttfejlodunk.hu\/en\/new-nursery-opens-in-balatonszentgyorgy\/#primaryimage"},"image":{"@id":"https:\/\/egyuttfejlodunk.hu\/en\/new-nursery-opens-in-balatonszentgyorgy\/#primaryimage"},"thumbnailUrl":"https:\/\/egyuttfejlodunk.hu\/wp-content\/uploads\/2026\/02\/2024_0213_130707_GPS.jpg","datePublished":"2026-02-23T12:15:36+00:00","breadcrumb":{"@id":"https:\/\/egyuttfejlodunk.hu\/en\/new-nursery-opens-in-balatonszentgyorgy\/#breadcrumb"},"inLanguage":"hu","potentialAction":[{"@type":"ReadAction","target":["https:\/\/egyuttfejlodunk.hu\/en\/new-nursery-opens-in-balatonszentgyorgy\/"]}]},{"@type":"ImageObject","inLanguage":"hu","@id":"https:\/\/egyuttfejlodunk.hu\/en\/new-nursery-opens-in-balatonszentgyorgy\/#primaryimage","url":"https:\/\/egyuttfejlodunk.hu\/wp-content\/uploads\/2026\/02\/2024_0213_130707_GPS.jpg","contentUrl":"https:\/\/egyuttfejlodunk.hu\/wp-content\/uploads\/2026\/02\/2024_0213_130707_GPS.jpg","width":1920,"height":1081},{"@type":"BreadcrumbList","@id":"https:\/\/egyuttfejlodunk.hu\/en\/new-nursery-opens-in-balatonszentgyorgy\/#breadcrumb","itemListElement":[{"@type":"ListItem","position":1,"name":"Home","item":"https:\/\/egyuttfejlodunk.hu\/"},{"@type":"ListItem","position":2,"name":"New nursery opens in Balatonszentgy\u00f6rgy"}]},{"@type":"WebSite","@id":"https:\/\/egyuttfejlodunk.hu\/#website","url":"https:\/\/egyuttfejlodunk.hu\/","name":"Egy\u00fctt fejl\u0151d\u00fcnk","description":"","publisher":{"@id":"https:\/\/egyuttfejlodunk.hu\/#organization"},"potentialAction":[{"@type":"SearchAction","target":{"@type":"EntryPoint","urlTemplate":"https:\/\/egyuttfejlodunk.hu\/?s={search_term_string}"},"query-input":{"@type":"PropertyValueSpecification","valueRequired":true,"valueName":"search_term_string"}}],"inLanguage":"hu"},{"@type":"Organization","@id":"https:\/\/egyuttfejlodunk.hu\/#organization","name":"Egy\u00fctt fejl\u0151d\u00fcnk","url":"https:\/\/egyuttfejlodunk.hu\/","logo":{"@type":"ImageObject","inLanguage":"hu","@id":"https:\/\/egyuttfejlodunk.hu\/#\/schema\/logo\/image\/","url":"https:\/\/egyuttfejlodunk.hu\/wp-content\/uploads\/2026\/04\/ujlogo.jpg","contentUrl":"https:\/\/egyuttfejlodunk.hu\/wp-content\/uploads\/2026\/04\/ujlogo.jpg","width":350,"height":110,"caption":"Egy\u00fctt fejl\u0151d\u00fcnk"},"image":{"@id":"https:\/\/egyuttfejlodunk.hu\/#\/schema\/logo\/image\/"}},{"@type":"Person","@id":"https:\/\/egyuttfejlodunk.hu\/#\/schema\/person\/172a88f23f4f1fb8bbd7bfcddb0ce254","name":"Szab\u00f3 Evelin"}]}},"_links":{"self":[{"href":"https:\/\/egyuttfejlodunk.hu\/wp-json\/wp\/v2\/posts\/9792","targetHints":{"allow":["GET"]}}],"collection":[{"href":"https:\/\/egyuttfejlodunk.hu\/wp-json\/wp\/v2\/posts"}],"about":[{"href":"https:\/\/egyuttfejlodunk.hu\/wp-json\/wp\/v2\/types\/post"}],"author":[{"embeddable":true,"href":"https:\/\/egyuttfejlodunk.hu\/wp-json\/wp\/v2\/users\/23"}],"replies":[{"embeddable":true,"href":"https:\/\/egyuttfejlodunk.hu\/wp-json\/wp\/v2\/comments?post=9792"}],"version-history":[{"count":2,"href":"https:\/\/egyuttfejlodunk.hu\/wp-json\/wp\/v2\/posts\/9792\/revisions"}],"predecessor-version":[{"id":9822,"href":"https:\/\/egyuttfejlodunk.hu\/wp-json\/wp\/v2\/posts\/9792\/revisions\/9822"}],"wp:featuredmedia":[{"embeddable":true,"href":"https:\/\/egyuttfejlodunk.hu\/wp-json\/wp\/v2\/media\/9779"}],"wp:attachment":[{"href":"https:\/\/egyuttfejlodunk.hu\/wp-json\/wp\/v2\/media?parent=9792"}],"wp:term":[{"taxonomy":"category","embeddable":true,"href":"https:\/\/egyuttfejlodunk.hu\/wp-json\/wp\/v2\/categories?post=9792"},{"taxonomy":"post_tag","embeddable":true,"href":"https:\/\/egyuttfejlodunk.hu\/wp-json\/wp\/v2\/tags?post=9792"},{"taxonomy":"megye","embeddable":true,"href":"https:\/\/egyuttfejlodunk.hu\/wp-json\/wp\/v2\/megye?post=9792"}],"curies":[{"name":"wp","href":"https:\/\/api.w.org\/{rel}","templated":true}]}}