{"id":9838,"date":"2026-03-02T12:38:22","date_gmt":"2026-03-02T11:38:22","guid":{"rendered":"https:\/\/teszt.s152.mediacenter.hu\/egyuttfejlodunk\/?p=9838"},"modified":"2026-03-02T12:22:35","modified_gmt":"2026-03-02T11:22:35","slug":"the-solution-is-now-local-a-new-nursery-in-aldebro","status":"publish","type":"post","link":"https:\/\/egyuttfejlodunk.hu\/en\/the-solution-is-now-local-a-new-nursery-in-aldebro\/","title":{"rendered":"The solution is now local \u2013 A new nursery in Aldebr\u0151"},"content":{"rendered":"<p data-start=\"58\" data-end=\"358\"><strong>A community\u2019s true strength is reflected in how it cares for its youngest members and the families raising them. In Aldebr\u0151, this commitment has taken shape in the creation of a new family nursery \u2014 a long-standing goal for the village that now provides tangible support to parents of young children.<\/strong><\/p>\n<p data-start=\"360\" data-end=\"956\">The previous lack of nursery services posed serious challenges for local families, forcing many into long commutes and complicated daily arrangements. It is therefore a tremendous relief that the village now has a facility where parents can confidently drop off their young children each morning. Established with EU funding, the nursery offers a stable and reliable solution, providing families with a sense of security and predictability. The building is modern and fully accessible, and all necessary furniture, equipment, and developmental toys have been acquired to ensure high-quality care.<\/p>\n<p data-start=\"958\" data-end=\"1435\">The new family nursery has one group room and can accommodate up to seven children. Daily care is provided by a qualified early childhood educator. The institution\u2019s mission is to complement family upbringing, with particular attention to supporting disadvantaged and multiply disadvantaged children, as well as children with disabilities and special educational needs. The nursery also offers playgroup sessions, fostering early development and positive community experiences.<\/p>\n<p data-start=\"1437\" data-end=\"1803\" data-is-last-node=\"\" data-is-only-node=\"\">In the long term, the establishment of the nursery strengthens Aldebr\u0151\u2019s ability to retain its population. It saves families time and energy while encouraging young people to envision their future in the village and raise their children locally. The investment therefore represents both practical support and a forward-looking contribution to the community\u2019s future.<\/p>\n<p>The development was implemented from EU funding in the project TOP-1.4.1-19-HE1-2019-00008 under the Territorial and Settlement Development Operational Programme.<\/p>\n<p>Find out more about the project in the Project Finder:<a class=\"tovabb\" href=\"https:\/\/www.palyazat.gov.hu\/eredmenyek\/tamogatott-projektek\/2226330201\" target=\"_blank\" rel=\"noopener\">Details<\/a><\/p>\n","protected":false},"excerpt":{"rendered":"<p>A community\u2019s true strength is reflected in how it cares for its youngest members and the families raising them. In Aldebr\u0151, this commitment has taken shape in the creation of a new family nursery \u2014 a long-standing goal for the village that now provides tangible support to parents of young children. The previous lack of nursery services posed serious challenges for local families, forcing many into long commutes and complicated daily arrangements. It is therefore&#8230;<\/p>\n","protected":false},"author":23,"featured_media":9851,"comment_status":"closed","ping_status":"closed","sticky":false,"template":"","format":"standard","meta":{"_acf_changed":false,"ngg_post_thumbnail":0,"footnotes":""},"categories":[380],"tags":[],"megye":[],"class_list":["post-9838","post","type-post","status-publish","format-standard","has-post-thumbnail","hentry","category-top-en"],"acf":[],"yoast_head":"<!-- This site is optimized with the Yoast SEO Premium plugin v28.4 (Yoast SEO v28.4) - https:\/\/yoast.com\/product\/yoast-seo-premium-wordpress\/ -->\n<title>The solution is now local \u2013 A new nursery in Aldebr\u0151 - Egy\u00fctt fejl\u0151d\u00fcnk<\/title>\n<meta name=\"robots\" content=\"noindex, follow, max-snippet:-1, max-image-preview:large, max-video-preview:-1\" \/>\n<meta property=\"og:locale\" content=\"hu_HU\" \/>\n<meta property=\"og:type\" content=\"article\" \/>\n<meta property=\"og:title\" content=\"The solution is now local \u2013 A new nursery in Aldebr\u0151\" \/>\n<meta property=\"og:description\" content=\"A community\u2019s true strength is reflected in how it cares for its youngest members and the families raising them. In Aldebr\u0151, this commitment has taken shape in the creation of a new family nursery \u2014 a long-standing goal for the village that now provides tangible support to parents of young children. The previous lack of nursery services posed serious challenges for local families, forcing many into long commutes and complicated daily arrangements. It is therefore...\" \/>\n<meta property=\"og:url\" content=\"https:\/\/egyuttfejlodunk.hu\/en\/the-solution-is-now-local-a-new-nursery-in-aldebro\/\" \/>\n<meta property=\"og:site_name\" content=\"Egy\u00fctt fejl\u0151d\u00fcnk\" \/>\n<meta property=\"article:published_time\" content=\"2026-03-02T11:38:22+00:00\" \/>\n<meta property=\"og:image\" content=\"https:\/\/egyuttfejlodunk.hu\/wp-content\/uploads\/2026\/03\/Foto-2.jpg\" \/>\n\t<meta property=\"og:image:width\" content=\"1920\" \/>\n\t<meta property=\"og:image:height\" content=\"1250\" \/>\n\t<meta property=\"og:image:type\" content=\"image\/jpeg\" \/>\n<meta name=\"author\" content=\"Szab\u00f3 Evelin\" \/>\n<meta name=\"twitter:card\" content=\"summary_large_image\" \/>\n<meta name=\"twitter:label1\" content=\"Szerz\u0151:\" \/>\n\t<meta name=\"twitter:data1\" content=\"Szab\u00f3 Evelin\" \/>\n\t<meta name=\"twitter:label2\" content=\"Becs\u00fclt olvas\u00e1si id\u0151\" \/>\n\t<meta name=\"twitter:data2\" content=\"1 perc\" \/>\n<script type=\"application\/ld+json\" class=\"yoast-schema-graph\">{\"@context\":\"https:\\\/\\\/schema.org\",\"@graph\":[{\"@type\":\"Article\",\"@id\":\"https:\\\/\\\/egyuttfejlodunk.hu\\\/en\\\/the-solution-is-now-local-a-new-nursery-in-aldebro\\\/#article\",\"isPartOf\":{\"@id\":\"https:\\\/\\\/egyuttfejlodunk.hu\\\/en\\\/the-solution-is-now-local-a-new-nursery-in-aldebro\\\/\"},\"author\":{\"name\":\"Szab\u00f3 Evelin\",\"@id\":\"https:\\\/\\\/egyuttfejlodunk.hu\\\/#\\\/schema\\\/person\\\/172a88f23f4f1fb8bbd7bfcddb0ce254\"},\"headline\":\"The solution is now local \u2013 A new nursery in Aldebr\u0151\",\"datePublished\":\"2026-03-02T11:38:22+00:00\",\"mainEntityOfPage\":{\"@id\":\"https:\\\/\\\/egyuttfejlodunk.hu\\\/en\\\/the-solution-is-now-local-a-new-nursery-in-aldebro\\\/\"},\"wordCount\":305,\"publisher\":{\"@id\":\"https:\\\/\\\/egyuttfejlodunk.hu\\\/#organization\"},\"image\":{\"@id\":\"https:\\\/\\\/egyuttfejlodunk.hu\\\/en\\\/the-solution-is-now-local-a-new-nursery-in-aldebro\\\/#primaryimage\"},\"thumbnailUrl\":\"https:\\\/\\\/egyuttfejlodunk.hu\\\/wp-content\\\/uploads\\\/2026\\\/03\\\/Foto-2.jpg\",\"articleSection\":[\"Top\"],\"inLanguage\":\"hu\"},{\"@type\":\"WebPage\",\"@id\":\"https:\\\/\\\/egyuttfejlodunk.hu\\\/en\\\/the-solution-is-now-local-a-new-nursery-in-aldebro\\\/\",\"url\":\"https:\\\/\\\/egyuttfejlodunk.hu\\\/en\\\/the-solution-is-now-local-a-new-nursery-in-aldebro\\\/\",\"name\":\"The solution is now local \u2013 A new nursery in Aldebr\u0151 - Egy\u00fctt fejl\u0151d\u00fcnk\",\"isPartOf\":{\"@id\":\"https:\\\/\\\/egyuttfejlodunk.hu\\\/#website\"},\"primaryImageOfPage\":{\"@id\":\"https:\\\/\\\/egyuttfejlodunk.hu\\\/en\\\/the-solution-is-now-local-a-new-nursery-in-aldebro\\\/#primaryimage\"},\"image\":{\"@id\":\"https:\\\/\\\/egyuttfejlodunk.hu\\\/en\\\/the-solution-is-now-local-a-new-nursery-in-aldebro\\\/#primaryimage\"},\"thumbnailUrl\":\"https:\\\/\\\/egyuttfejlodunk.hu\\\/wp-content\\\/uploads\\\/2026\\\/03\\\/Foto-2.jpg\",\"datePublished\":\"2026-03-02T11:38:22+00:00\",\"breadcrumb\":{\"@id\":\"https:\\\/\\\/egyuttfejlodunk.hu\\\/en\\\/the-solution-is-now-local-a-new-nursery-in-aldebro\\\/#breadcrumb\"},\"inLanguage\":\"hu\",\"potentialAction\":[{\"@type\":\"ReadAction\",\"target\":[\"https:\\\/\\\/egyuttfejlodunk.hu\\\/en\\\/the-solution-is-now-local-a-new-nursery-in-aldebro\\\/\"]}]},{\"@type\":\"ImageObject\",\"inLanguage\":\"hu\",\"@id\":\"https:\\\/\\\/egyuttfejlodunk.hu\\\/en\\\/the-solution-is-now-local-a-new-nursery-in-aldebro\\\/#primaryimage\",\"url\":\"https:\\\/\\\/egyuttfejlodunk.hu\\\/wp-content\\\/uploads\\\/2026\\\/03\\\/Foto-2.jpg\",\"contentUrl\":\"https:\\\/\\\/egyuttfejlodunk.hu\\\/wp-content\\\/uploads\\\/2026\\\/03\\\/Foto-2.jpg\",\"width\":1920,\"height\":1250},{\"@type\":\"BreadcrumbList\",\"@id\":\"https:\\\/\\\/egyuttfejlodunk.hu\\\/en\\\/the-solution-is-now-local-a-new-nursery-in-aldebro\\\/#breadcrumb\",\"itemListElement\":[{\"@type\":\"ListItem\",\"position\":1,\"name\":\"Home\",\"item\":\"https:\\\/\\\/egyuttfejlodunk.hu\\\/\"},{\"@type\":\"ListItem\",\"position\":2,\"name\":\"The solution is now local \u2013 A new nursery in Aldebr\u0151\"}]},{\"@type\":\"WebSite\",\"@id\":\"https:\\\/\\\/egyuttfejlodunk.hu\\\/#website\",\"url\":\"https:\\\/\\\/egyuttfejlodunk.hu\\\/\",\"name\":\"Egy\u00fctt fejl\u0151d\u00fcnk\",\"description\":\"\",\"publisher\":{\"@id\":\"https:\\\/\\\/egyuttfejlodunk.hu\\\/#organization\"},\"potentialAction\":[{\"@type\":\"SearchAction\",\"target\":{\"@type\":\"EntryPoint\",\"urlTemplate\":\"https:\\\/\\\/egyuttfejlodunk.hu\\\/?s={search_term_string}\"},\"query-input\":{\"@type\":\"PropertyValueSpecification\",\"valueRequired\":true,\"valueName\":\"search_term_string\"}}],\"inLanguage\":\"hu\"},{\"@type\":\"Organization\",\"@id\":\"https:\\\/\\\/egyuttfejlodunk.hu\\\/#organization\",\"name\":\"Egy\u00fctt fejl\u0151d\u00fcnk\",\"url\":\"https:\\\/\\\/egyuttfejlodunk.hu\\\/\",\"logo\":{\"@type\":\"ImageObject\",\"inLanguage\":\"hu\",\"@id\":\"https:\\\/\\\/egyuttfejlodunk.hu\\\/#\\\/schema\\\/logo\\\/image\\\/\",\"url\":\"https:\\\/\\\/egyuttfejlodunk.hu\\\/wp-content\\\/uploads\\\/2026\\\/04\\\/ujlogo.jpg\",\"contentUrl\":\"https:\\\/\\\/egyuttfejlodunk.hu\\\/wp-content\\\/uploads\\\/2026\\\/04\\\/ujlogo.jpg\",\"width\":350,\"height\":110,\"caption\":\"Egy\u00fctt fejl\u0151d\u00fcnk\"},\"image\":{\"@id\":\"https:\\\/\\\/egyuttfejlodunk.hu\\\/#\\\/schema\\\/logo\\\/image\\\/\"}},{\"@type\":\"Person\",\"@id\":\"https:\\\/\\\/egyuttfejlodunk.hu\\\/#\\\/schema\\\/person\\\/172a88f23f4f1fb8bbd7bfcddb0ce254\",\"name\":\"Szab\u00f3 Evelin\"}]}<\/script>\n<!-- \/ Yoast SEO Premium plugin. -->","yoast_head_json":{"title":"The solution is now local \u2013 A new nursery in Aldebr\u0151 - Egy\u00fctt fejl\u0151d\u00fcnk","robots":{"index":"noindex","follow":"follow","max-snippet":"max-snippet:-1","max-image-preview":"max-image-preview:large","max-video-preview":"max-video-preview:-1"},"og_locale":"hu_HU","og_type":"article","og_title":"The solution is now local \u2013 A new nursery in Aldebr\u0151","og_description":"A community\u2019s true strength is reflected in how it cares for its youngest members and the families raising them. In Aldebr\u0151, this commitment has taken shape in the creation of a new family nursery \u2014 a long-standing goal for the village that now provides tangible support to parents of young children. The previous lack of nursery services posed serious challenges for local families, forcing many into long commutes and complicated daily arrangements. It is therefore...","og_url":"https:\/\/egyuttfejlodunk.hu\/en\/the-solution-is-now-local-a-new-nursery-in-aldebro\/","og_site_name":"Egy\u00fctt fejl\u0151d\u00fcnk","article_published_time":"2026-03-02T11:38:22+00:00","og_image":[{"width":1920,"height":1250,"url":"https:\/\/egyuttfejlodunk.hu\/wp-content\/uploads\/2026\/03\/Foto-2.jpg","type":"image\/jpeg"}],"author":"Szab\u00f3 Evelin","twitter_card":"summary_large_image","twitter_misc":{"Szerz\u0151:":"Szab\u00f3 Evelin","Becs\u00fclt olvas\u00e1si id\u0151":"1 perc"},"schema":{"@context":"https:\/\/schema.org","@graph":[{"@type":"Article","@id":"https:\/\/egyuttfejlodunk.hu\/en\/the-solution-is-now-local-a-new-nursery-in-aldebro\/#article","isPartOf":{"@id":"https:\/\/egyuttfejlodunk.hu\/en\/the-solution-is-now-local-a-new-nursery-in-aldebro\/"},"author":{"name":"Szab\u00f3 Evelin","@id":"https:\/\/egyuttfejlodunk.hu\/#\/schema\/person\/172a88f23f4f1fb8bbd7bfcddb0ce254"},"headline":"The solution is now local \u2013 A new nursery in Aldebr\u0151","datePublished":"2026-03-02T11:38:22+00:00","mainEntityOfPage":{"@id":"https:\/\/egyuttfejlodunk.hu\/en\/the-solution-is-now-local-a-new-nursery-in-aldebro\/"},"wordCount":305,"publisher":{"@id":"https:\/\/egyuttfejlodunk.hu\/#organization"},"image":{"@id":"https:\/\/egyuttfejlodunk.hu\/en\/the-solution-is-now-local-a-new-nursery-in-aldebro\/#primaryimage"},"thumbnailUrl":"https:\/\/egyuttfejlodunk.hu\/wp-content\/uploads\/2026\/03\/Foto-2.jpg","articleSection":["Top"],"inLanguage":"hu"},{"@type":"WebPage","@id":"https:\/\/egyuttfejlodunk.hu\/en\/the-solution-is-now-local-a-new-nursery-in-aldebro\/","url":"https:\/\/egyuttfejlodunk.hu\/en\/the-solution-is-now-local-a-new-nursery-in-aldebro\/","name":"The solution is now local \u2013 A new nursery in Aldebr\u0151 - Egy\u00fctt fejl\u0151d\u00fcnk","isPartOf":{"@id":"https:\/\/egyuttfejlodunk.hu\/#website"},"primaryImageOfPage":{"@id":"https:\/\/egyuttfejlodunk.hu\/en\/the-solution-is-now-local-a-new-nursery-in-aldebro\/#primaryimage"},"image":{"@id":"https:\/\/egyuttfejlodunk.hu\/en\/the-solution-is-now-local-a-new-nursery-in-aldebro\/#primaryimage"},"thumbnailUrl":"https:\/\/egyuttfejlodunk.hu\/wp-content\/uploads\/2026\/03\/Foto-2.jpg","datePublished":"2026-03-02T11:38:22+00:00","breadcrumb":{"@id":"https:\/\/egyuttfejlodunk.hu\/en\/the-solution-is-now-local-a-new-nursery-in-aldebro\/#breadcrumb"},"inLanguage":"hu","potentialAction":[{"@type":"ReadAction","target":["https:\/\/egyuttfejlodunk.hu\/en\/the-solution-is-now-local-a-new-nursery-in-aldebro\/"]}]},{"@type":"ImageObject","inLanguage":"hu","@id":"https:\/\/egyuttfejlodunk.hu\/en\/the-solution-is-now-local-a-new-nursery-in-aldebro\/#primaryimage","url":"https:\/\/egyuttfejlodunk.hu\/wp-content\/uploads\/2026\/03\/Foto-2.jpg","contentUrl":"https:\/\/egyuttfejlodunk.hu\/wp-content\/uploads\/2026\/03\/Foto-2.jpg","width":1920,"height":1250},{"@type":"BreadcrumbList","@id":"https:\/\/egyuttfejlodunk.hu\/en\/the-solution-is-now-local-a-new-nursery-in-aldebro\/#breadcrumb","itemListElement":[{"@type":"ListItem","position":1,"name":"Home","item":"https:\/\/egyuttfejlodunk.hu\/"},{"@type":"ListItem","position":2,"name":"The solution is now local \u2013 A new nursery in Aldebr\u0151"}]},{"@type":"WebSite","@id":"https:\/\/egyuttfejlodunk.hu\/#website","url":"https:\/\/egyuttfejlodunk.hu\/","name":"Egy\u00fctt fejl\u0151d\u00fcnk","description":"","publisher":{"@id":"https:\/\/egyuttfejlodunk.hu\/#organization"},"potentialAction":[{"@type":"SearchAction","target":{"@type":"EntryPoint","urlTemplate":"https:\/\/egyuttfejlodunk.hu\/?s={search_term_string}"},"query-input":{"@type":"PropertyValueSpecification","valueRequired":true,"valueName":"search_term_string"}}],"inLanguage":"hu"},{"@type":"Organization","@id":"https:\/\/egyuttfejlodunk.hu\/#organization","name":"Egy\u00fctt fejl\u0151d\u00fcnk","url":"https:\/\/egyuttfejlodunk.hu\/","logo":{"@type":"ImageObject","inLanguage":"hu","@id":"https:\/\/egyuttfejlodunk.hu\/#\/schema\/logo\/image\/","url":"https:\/\/egyuttfejlodunk.hu\/wp-content\/uploads\/2026\/04\/ujlogo.jpg","contentUrl":"https:\/\/egyuttfejlodunk.hu\/wp-content\/uploads\/2026\/04\/ujlogo.jpg","width":350,"height":110,"caption":"Egy\u00fctt fejl\u0151d\u00fcnk"},"image":{"@id":"https:\/\/egyuttfejlodunk.hu\/#\/schema\/logo\/image\/"}},{"@type":"Person","@id":"https:\/\/egyuttfejlodunk.hu\/#\/schema\/person\/172a88f23f4f1fb8bbd7bfcddb0ce254","name":"Szab\u00f3 Evelin"}]}},"_links":{"self":[{"href":"https:\/\/egyuttfejlodunk.hu\/wp-json\/wp\/v2\/posts\/9838","targetHints":{"allow":["GET"]}}],"collection":[{"href":"https:\/\/egyuttfejlodunk.hu\/wp-json\/wp\/v2\/posts"}],"about":[{"href":"https:\/\/egyuttfejlodunk.hu\/wp-json\/wp\/v2\/types\/post"}],"author":[{"embeddable":true,"href":"https:\/\/egyuttfejlodunk.hu\/wp-json\/wp\/v2\/users\/23"}],"replies":[{"embeddable":true,"href":"https:\/\/egyuttfejlodunk.hu\/wp-json\/wp\/v2\/comments?post=9838"}],"version-history":[{"count":1,"href":"https:\/\/egyuttfejlodunk.hu\/wp-json\/wp\/v2\/posts\/9838\/revisions"}],"predecessor-version":[{"id":9839,"href":"https:\/\/egyuttfejlodunk.hu\/wp-json\/wp\/v2\/posts\/9838\/revisions\/9839"}],"wp:featuredmedia":[{"embeddable":true,"href":"https:\/\/egyuttfejlodunk.hu\/wp-json\/wp\/v2\/media\/9851"}],"wp:attachment":[{"href":"https:\/\/egyuttfejlodunk.hu\/wp-json\/wp\/v2\/media?parent=9838"}],"wp:term":[{"taxonomy":"category","embeddable":true,"href":"https:\/\/egyuttfejlodunk.hu\/wp-json\/wp\/v2\/categories?post=9838"},{"taxonomy":"post_tag","embeddable":true,"href":"https:\/\/egyuttfejlodunk.hu\/wp-json\/wp\/v2\/tags?post=9838"},{"taxonomy":"megye","embeddable":true,"href":"https:\/\/egyuttfejlodunk.hu\/wp-json\/wp\/v2\/megye?post=9838"}],"curies":[{"name":"wp","href":"https:\/\/api.w.org\/{rel}","templated":true}]}}