{"id":9840,"date":"2026-03-04T10:24:38","date_gmt":"2026-03-04T09:24:38","guid":{"rendered":"https:\/\/teszt.s152.mediacenter.hu\/egyuttfejlodunk\/?p=9840"},"modified":"2026-08-28T10:10:28","modified_gmt":"2026-08-28T08:10:28","slug":"nem-mese-a-tiszta-viz-koppanyszanton","status":"publish","type":"post","link":"https:\/\/egyuttfejlodunk.hu\/?p=9840","title":{"rendered":"Nem mese a tiszta v\u00edz Kopp\u00e1nysz\u00e1nt\u00f3n"},"content":{"rendered":"<p><strong>Van egy mese arr\u00f3l, milyen fontos \u00e9s n\u00e9lk\u00fcl\u00f6zhetetlen a mindennapi \u00e9let\u00fcnkben a s\u00f3. A v\u00edzr\u0151l tal\u00e1n m\u00e9g nem sz\u00fcletett ilyen tanmese, annyira mag\u00e1t\u00f3l \u00e9rtet\u0151d\u0151, hogy v\u00edz n\u00e9lk\u00fcl nincs \u00e9let.<\/strong><\/p>\n<p>Mivel az ember test\u00e9nek k\u00f6r\u00fclbel\u00fcl 60%-a v\u00edz, sz\u00e1munkra ez a biol\u00f3giai m\u0171k\u00f6d\u00e9s\u00fcnk k\u00f6zege. A sejtjeink belseje, a v\u00e9r\u00fcnk tele vannak v\u00edzzel, az anyagcsere-folyamataink is mind v\u00edzben zajlanak. A t\u00e1panyagok v\u00edzben old\u00f3dva jutnak el a sejtjeinkhez, a salakanyagok pedig v\u00edzben old\u00f3dva t\u00e1voznak. R\u00e1ad\u00e1sul az sem mindegy, milyen iv\u00f3vizet fogyasztunk! Ha a v\u00edz szennyezett, akkor a k\u00f3rokoz\u00f3k, m\u00e9rgek k\u00f6zvetlen\u00fcl beker\u00fclhetnek a szervezet\u00fcnkbe, m\u00e1rpedig az emberi test roppant \u00e9rz\u00e9keny a k\u00e1ros mikroorganizmusokra \u00e9s toxikus vegy\u00fcletekre. A v\u00edz nem csak az egy\u00e9nek szintj\u00e9n napi l\u00e9tsz\u00fcks\u00e9glet, de az emberi k\u00f6z\u00f6ss\u00e9gek civiliz\u00e1ci\u00f3s felt\u00e9tele is, mert ha nincs elegend\u0151 tiszta v\u00edz, akkor azonnal konfliktusok alakulnak ki a csoportok k\u00f6z\u00f6tt. \u00cdgy \u00e9rzelmi \u00e9s kultur\u00e1lis k\u00f6t\u00f6d\u00e9s\u00fcnk alakult ki a v\u00edzhez. Ez jelenti az otthon biztons\u00e1g\u00e1t, a gondoskod\u00e1st, az eg\u00e9szs\u00e9get, a holnap bizonyoss\u00e1g\u00e1t.<\/p>\n<p>Amikor teh\u00e1t egy telep\u00fcl\u00e9s v\u00edzm\u0171-fejleszt\u00e9sbe fog, t\u00e1volr\u00f3l sem egy unalmas hivatali feladatot pip\u00e1l ki a k\u00f6telez\u0151k sor\u00e1ban, hanem azon dolgozik, hogy a polg\u00e1rai eg\u00e9szs\u00e9gben, nyugalomban, zavartalan felt\u00e9telek mellett \u00e9lhessenek.<\/p>\n<p>Kopp\u00e1nysz\u00e1nt\u00f3n is ez a gondolat \u00e1llt a beruh\u00e1z\u00e1s m\u00f6g\u00f6tt. A Tolna megyei telep\u00fcl\u00e9s iv\u00f3v\u00edzmin\u0151s\u00e9g-jav\u00edt\u00f3 programja a KEHOP keret\u00e9ben zajlott, uni\u00f3s t\u00e1mogat\u00e1ssal. A telep\u00fcl\u00e9sen hossz\u00fa t\u00e1von garant\u00e1lni akart\u00e1k, hogy az el\u0151\u00edr\u00e1sok szerinti hat\u00e1r\u00e9t\u00e9kek alatt tartj\u00e1k az arz\u00e9n, a b\u00f3r, a fluor, a nitrit \u00e9s az amm\u00f3nium koncentr\u00e1ci\u00f3j\u00e1t. Ez a t\u00e1mogat\u00e1s felt\u00e9tele is volt a p\u00e1ly\u00e1zat sor\u00e1n.<\/p>\n<p>A fejleszt\u00e9s k\u00f6z\u00e9ppontj\u00e1ban a telep\u00fcl\u00e9s v\u00edzm\u0171telepe \u00e1llt, ahonnan a k\u00f6zs\u00e9g teljes iv\u00f3v\u00edzell\u00e1t\u00e1s\u00e1r\u00f3l gondoskodnak. Mivel a k\u00e9t m\u00e9lyf\u00far\u00e1s\u00fa k\u00fat k\u00f6z\u00fcl tart\u00f3san csak az egyik m\u0171k\u00f6d\u00f6tt biztons\u00e1gosan, ez\u00e9rt a szolg\u00e1ltat\u00e1si szint biztons\u00e1ga \u00e9rdek\u00e9ben l\u00e9tes\u00edtettek egy \u00faj, megfelel\u0151 kapacit\u00e1s\u00fa kutat.<\/p>\n<p>Emellett korszer\u0171 v\u00edzkezel\u00e9si technol\u00f3gi\u00e1t telep\u00edtettek. A v\u00edzm\u0171telepen ki\u00e9p\u00edtettek egy \u00faj komplex v\u00edzkezel\u0151 berendez\u00e9st, amely a vas-, mang\u00e1n- \u00e9s amm\u00f3niummentes\u00edt\u00e9s\u00e9rt felel \u00f3r\u00e1nk\u00e9nt 5 k\u00f6bm\u00e9ter teljes\u00edtm\u00e9nnyel. Ehhez \u00e9p\u00edtettek egy \u00faj v\u00edzkezel\u0151 \u00e9p\u00fcletet, valamint egy m\u0171szaki tartal\u00e9kkutat, egy udvart\u00e9ri medenc\u00e9t, vasiszap-\u00fclep\u00edt\u0151t, \u00e9s ki\u00e9p\u00edtett\u00e9k a sz\u00fcks\u00e9ges bels\u0151 vezet\u00e9kh\u00e1l\u00f3zatot \u00e9s egy szervizutat is.<\/p>\n<p>A beruh\u00e1z\u00e1s eredm\u00e9nyek\u00e9nt a kopp\u00e1nysz\u00e1nt\u00f3i iv\u00f3v\u00edz min\u0151s\u00e9ge imm\u00e1r megfelel az eur\u00f3pai \u00e9s a hazai jogszab\u00e1lyok hat\u00e1r\u00e9rt\u00e9keinek.<\/p>\nngg_shortcode_0_placeholder\n<p>A program a KEHOP-2.1.3-15-2016-00035 projekt keret\u00e9ben, eur\u00f3pai uni\u00f3s forr\u00e1s bevon\u00e1s\u00e1val val\u00f3sult meg.<\/p>\n<p>Tov\u00e1bbi r\u00e9szletek a t\u00e1mogatott projekt keres\u0151ben:<a class=\"tovabb\" href=\"https:\/\/www.palyazat.gov.hu\/eredmenyek\/tamogatott-projektek\/623810201\" target=\"_blank\" rel=\"noopener\">Tov\u00e1bb<\/a><\/p>\n","protected":false},"excerpt":{"rendered":"<p>Van egy mese arr\u00f3l, milyen fontos \u00e9s n\u00e9lk\u00fcl\u00f6zhetetlen a mindennapi \u00e9let\u00fcnkben a s\u00f3. A v\u00edzr\u0151l tal\u00e1n m\u00e9g nem sz\u00fcletett ilyen tanmese, annyira mag\u00e1t\u00f3l \u00e9rtet\u0151d\u0151, hogy v\u00edz n\u00e9lk\u00fcl nincs \u00e9let. Mivel az ember test\u00e9nek k\u00f6r\u00fclbel\u00fcl 60%-a v\u00edz, sz\u00e1munkra ez a biol\u00f3giai m\u0171k\u00f6d\u00e9s\u00fcnk k\u00f6zege. A sejtjeink belseje, a v\u00e9r\u00fcnk tele vannak v\u00edzzel, az anyagcsere-folyamataink is mind v\u00edzben zajlanak. A t\u00e1panyagok v\u00edzben old\u00f3dva jutnak el a sejtjeinkhez, a salakanyagok pedig v\u00edzben old\u00f3dva t\u00e1voznak. R\u00e1ad\u00e1sul az sem mindegy, milyen&#8230;<\/p>\n","protected":false},"author":17,"featured_media":9853,"comment_status":"closed","ping_status":"closed","sticky":false,"template":"","format":"gallery","meta":{"_acf_changed":false,"ngg_post_thumbnail":0,"footnotes":""},"categories":[162],"tags":[316,306],"megye":[1131],"class_list":["post-9840","post","type-post","status-publish","format-gallery","has-post-thumbnail","hentry","category-kehop-hu","tag-telepulesfejlesztes","tag-vizgazdalkodas","post_format-post-format-gallery","megye-tolna-megye"],"acf":[],"yoast_head":"<!-- This site is optimized with the Yoast SEO Premium plugin v28.4 (Yoast SEO v28.4) - https:\/\/yoast.com\/product\/yoast-seo-premium-wordpress\/ -->\n<title>Nem mese a tiszta v\u00edz Kopp\u00e1nysz\u00e1nt\u00f3n - Egy\u00fctt fejl\u0151d\u00fcnk<\/title>\n<meta name=\"robots\" content=\"noindex, follow, max-snippet:-1, max-image-preview:large, max-video-preview:-1\" \/>\n<meta property=\"og:locale\" content=\"hu_HU\" \/>\n<meta property=\"og:type\" content=\"article\" \/>\n<meta property=\"og:title\" content=\"Nem mese a tiszta v\u00edz Kopp\u00e1nysz\u00e1nt\u00f3n\" \/>\n<meta property=\"og:description\" content=\"Van egy mese arr\u00f3l, milyen fontos \u00e9s n\u00e9lk\u00fcl\u00f6zhetetlen a mindennapi \u00e9let\u00fcnkben a s\u00f3. A v\u00edzr\u0151l tal\u00e1n m\u00e9g nem sz\u00fcletett ilyen tanmese, annyira mag\u00e1t\u00f3l \u00e9rtet\u0151d\u0151, hogy v\u00edz n\u00e9lk\u00fcl nincs \u00e9let. Mivel az ember test\u00e9nek k\u00f6r\u00fclbel\u00fcl 60%-a v\u00edz, sz\u00e1munkra ez a biol\u00f3giai m\u0171k\u00f6d\u00e9s\u00fcnk k\u00f6zege. A sejtjeink belseje, a v\u00e9r\u00fcnk tele vannak v\u00edzzel, az anyagcsere-folyamataink is mind v\u00edzben zajlanak. A t\u00e1panyagok v\u00edzben old\u00f3dva jutnak el a sejtjeinkhez, a salakanyagok pedig v\u00edzben old\u00f3dva t\u00e1voznak. R\u00e1ad\u00e1sul az sem mindegy, milyen...\" \/>\n<meta property=\"og:url\" content=\"https:\/\/egyuttfejlodunk.hu\/?p=9840\" \/>\n<meta property=\"og:site_name\" content=\"Egy\u00fctt fejl\u0151d\u00fcnk\" \/>\n<meta property=\"article:published_time\" content=\"2026-03-04T09:24:38+00:00\" \/>\n<meta property=\"article:modified_time\" content=\"2026-08-28T08:10:28+00:00\" \/>\n<meta property=\"og:image\" content=\"https:\/\/egyuttfejlodunk.hu\/wp-content\/uploads\/2026\/03\/shutterstock_2678798837-1.jpg\" \/>\n\t<meta property=\"og:image:width\" content=\"1800\" \/>\n\t<meta property=\"og:image:height\" content=\"1014\" \/>\n\t<meta property=\"og:image:type\" content=\"image\/jpeg\" \/>\n<meta name=\"author\" content=\"B\u00e1cskai Gabriella\" \/>\n<meta name=\"twitter:card\" content=\"summary_large_image\" \/>\n<meta name=\"twitter:label1\" content=\"Szerz\u0151:\" \/>\n\t<meta name=\"twitter:data1\" content=\"B\u00e1cskai Gabriella\" \/>\n\t<meta name=\"twitter:label2\" content=\"Becs\u00fclt olvas\u00e1si id\u0151\" \/>\n\t<meta name=\"twitter:data2\" content=\"3 perc\" \/>\n<script type=\"application\/ld+json\" class=\"yoast-schema-graph\">{\"@context\":\"https:\\\/\\\/schema.org\",\"@graph\":[{\"@type\":\"Article\",\"@id\":\"https:\\\/\\\/egyuttfejlodunk.hu\\\/?p=9840#article\",\"isPartOf\":{\"@id\":\"https:\\\/\\\/egyuttfejlodunk.hu\\\/?p=9840\"},\"author\":{\"name\":\"B\u00e1cskai Gabriella\",\"@id\":\"https:\\\/\\\/egyuttfejlodunk.hu\\\/#\\\/schema\\\/person\\\/74d5e3661b874eed1958599cd4ca7bbd\"},\"headline\":\"Nem mese a tiszta v\u00edz Kopp\u00e1nysz\u00e1nt\u00f3n\",\"datePublished\":\"2026-03-04T09:24:38+00:00\",\"dateModified\":\"2026-08-28T08:10:28+00:00\",\"mainEntityOfPage\":{\"@id\":\"https:\\\/\\\/egyuttfejlodunk.hu\\\/?p=9840\"},\"wordCount\":619,\"publisher\":{\"@id\":\"https:\\\/\\\/egyuttfejlodunk.hu\\\/#organization\"},\"image\":{\"@id\":\"https:\\\/\\\/egyuttfejlodunk.hu\\\/?p=9840#primaryimage\"},\"thumbnailUrl\":\"https:\\\/\\\/egyuttfejlodunk.hu\\\/wp-content\\\/uploads\\\/2026\\\/03\\\/shutterstock_2678798837-1.jpg\",\"keywords\":[\"Telep\u00fcl\u00e9sfejleszt\u00e9s\",\"v\u00edzgazd\u00e1lkod\u00e1s\"],\"articleSection\":[\"Kehop\"],\"inLanguage\":\"hu\"},{\"@type\":\"WebPage\",\"@id\":\"https:\\\/\\\/egyuttfejlodunk.hu\\\/?p=9840\",\"url\":\"https:\\\/\\\/egyuttfejlodunk.hu\\\/?p=9840\",\"name\":\"Nem mese a tiszta v\u00edz Kopp\u00e1nysz\u00e1nt\u00f3n - Egy\u00fctt fejl\u0151d\u00fcnk\",\"isPartOf\":{\"@id\":\"https:\\\/\\\/egyuttfejlodunk.hu\\\/#website\"},\"primaryImageOfPage\":{\"@id\":\"https:\\\/\\\/egyuttfejlodunk.hu\\\/?p=9840#primaryimage\"},\"image\":{\"@id\":\"https:\\\/\\\/egyuttfejlodunk.hu\\\/?p=9840#primaryimage\"},\"thumbnailUrl\":\"https:\\\/\\\/egyuttfejlodunk.hu\\\/wp-content\\\/uploads\\\/2026\\\/03\\\/shutterstock_2678798837-1.jpg\",\"datePublished\":\"2026-03-04T09:24:38+00:00\",\"dateModified\":\"2026-08-28T08:10:28+00:00\",\"breadcrumb\":{\"@id\":\"https:\\\/\\\/egyuttfejlodunk.hu\\\/?p=9840#breadcrumb\"},\"inLanguage\":\"hu\",\"potentialAction\":[{\"@type\":\"ReadAction\",\"target\":[\"https:\\\/\\\/egyuttfejlodunk.hu\\\/?p=9840\"]}]},{\"@type\":\"ImageObject\",\"inLanguage\":\"hu\",\"@id\":\"https:\\\/\\\/egyuttfejlodunk.hu\\\/?p=9840#primaryimage\",\"url\":\"https:\\\/\\\/egyuttfejlodunk.hu\\\/wp-content\\\/uploads\\\/2026\\\/03\\\/shutterstock_2678798837-1.jpg\",\"contentUrl\":\"https:\\\/\\\/egyuttfejlodunk.hu\\\/wp-content\\\/uploads\\\/2026\\\/03\\\/shutterstock_2678798837-1.jpg\",\"width\":1800,\"height\":1014,\"caption\":\"2678798837\"},{\"@type\":\"BreadcrumbList\",\"@id\":\"https:\\\/\\\/egyuttfejlodunk.hu\\\/?p=9840#breadcrumb\",\"itemListElement\":[{\"@type\":\"ListItem\",\"position\":1,\"name\":\"Home\",\"item\":\"https:\\\/\\\/egyuttfejlodunk.hu\\\/\"},{\"@type\":\"ListItem\",\"position\":2,\"name\":\"Nem mese a tiszta v\u00edz Kopp\u00e1nysz\u00e1nt\u00f3n\"}]},{\"@type\":\"WebSite\",\"@id\":\"https:\\\/\\\/egyuttfejlodunk.hu\\\/#website\",\"url\":\"https:\\\/\\\/egyuttfejlodunk.hu\\\/\",\"name\":\"Egy\u00fctt fejl\u0151d\u00fcnk\",\"description\":\"\",\"publisher\":{\"@id\":\"https:\\\/\\\/egyuttfejlodunk.hu\\\/#organization\"},\"potentialAction\":[{\"@type\":\"SearchAction\",\"target\":{\"@type\":\"EntryPoint\",\"urlTemplate\":\"https:\\\/\\\/egyuttfejlodunk.hu\\\/?s={search_term_string}\"},\"query-input\":{\"@type\":\"PropertyValueSpecification\",\"valueRequired\":true,\"valueName\":\"search_term_string\"}}],\"inLanguage\":\"hu\"},{\"@type\":\"Organization\",\"@id\":\"https:\\\/\\\/egyuttfejlodunk.hu\\\/#organization\",\"name\":\"Egy\u00fctt fejl\u0151d\u00fcnk\",\"url\":\"https:\\\/\\\/egyuttfejlodunk.hu\\\/\",\"logo\":{\"@type\":\"ImageObject\",\"inLanguage\":\"hu\",\"@id\":\"https:\\\/\\\/egyuttfejlodunk.hu\\\/#\\\/schema\\\/logo\\\/image\\\/\",\"url\":\"https:\\\/\\\/egyuttfejlodunk.hu\\\/wp-content\\\/uploads\\\/2026\\\/04\\\/ujlogo.jpg\",\"contentUrl\":\"https:\\\/\\\/egyuttfejlodunk.hu\\\/wp-content\\\/uploads\\\/2026\\\/04\\\/ujlogo.jpg\",\"width\":350,\"height\":110,\"caption\":\"Egy\u00fctt fejl\u0151d\u00fcnk\"},\"image\":{\"@id\":\"https:\\\/\\\/egyuttfejlodunk.hu\\\/#\\\/schema\\\/logo\\\/image\\\/\"}},{\"@type\":\"Person\",\"@id\":\"https:\\\/\\\/egyuttfejlodunk.hu\\\/#\\\/schema\\\/person\\\/74d5e3661b874eed1958599cd4ca7bbd\",\"name\":\"B\u00e1cskai Gabriella\"}]}<\/script>\n<!-- \/ Yoast SEO Premium plugin. -->","yoast_head_json":{"title":"Nem mese a tiszta v\u00edz Kopp\u00e1nysz\u00e1nt\u00f3n - Egy\u00fctt fejl\u0151d\u00fcnk","robots":{"index":"noindex","follow":"follow","max-snippet":"max-snippet:-1","max-image-preview":"max-image-preview:large","max-video-preview":"max-video-preview:-1"},"og_locale":"hu_HU","og_type":"article","og_title":"Nem mese a tiszta v\u00edz Kopp\u00e1nysz\u00e1nt\u00f3n","og_description":"Van egy mese arr\u00f3l, milyen fontos \u00e9s n\u00e9lk\u00fcl\u00f6zhetetlen a mindennapi \u00e9let\u00fcnkben a s\u00f3. A v\u00edzr\u0151l tal\u00e1n m\u00e9g nem sz\u00fcletett ilyen tanmese, annyira mag\u00e1t\u00f3l \u00e9rtet\u0151d\u0151, hogy v\u00edz n\u00e9lk\u00fcl nincs \u00e9let. Mivel az ember test\u00e9nek k\u00f6r\u00fclbel\u00fcl 60%-a v\u00edz, sz\u00e1munkra ez a biol\u00f3giai m\u0171k\u00f6d\u00e9s\u00fcnk k\u00f6zege. A sejtjeink belseje, a v\u00e9r\u00fcnk tele vannak v\u00edzzel, az anyagcsere-folyamataink is mind v\u00edzben zajlanak. A t\u00e1panyagok v\u00edzben old\u00f3dva jutnak el a sejtjeinkhez, a salakanyagok pedig v\u00edzben old\u00f3dva t\u00e1voznak. R\u00e1ad\u00e1sul az sem mindegy, milyen...","og_url":"https:\/\/egyuttfejlodunk.hu\/?p=9840","og_site_name":"Egy\u00fctt fejl\u0151d\u00fcnk","article_published_time":"2026-03-04T09:24:38+00:00","article_modified_time":"2026-08-28T08:10:28+00:00","og_image":[{"width":1800,"height":1014,"url":"https:\/\/egyuttfejlodunk.hu\/wp-content\/uploads\/2026\/03\/shutterstock_2678798837-1.jpg","type":"image\/jpeg"}],"author":"B\u00e1cskai Gabriella","twitter_card":"summary_large_image","twitter_misc":{"Szerz\u0151:":"B\u00e1cskai Gabriella","Becs\u00fclt olvas\u00e1si id\u0151":"3 perc"},"schema":{"@context":"https:\/\/schema.org","@graph":[{"@type":"Article","@id":"https:\/\/egyuttfejlodunk.hu\/?p=9840#article","isPartOf":{"@id":"https:\/\/egyuttfejlodunk.hu\/?p=9840"},"author":{"name":"B\u00e1cskai Gabriella","@id":"https:\/\/egyuttfejlodunk.hu\/#\/schema\/person\/74d5e3661b874eed1958599cd4ca7bbd"},"headline":"Nem mese a tiszta v\u00edz Kopp\u00e1nysz\u00e1nt\u00f3n","datePublished":"2026-03-04T09:24:38+00:00","dateModified":"2026-08-28T08:10:28+00:00","mainEntityOfPage":{"@id":"https:\/\/egyuttfejlodunk.hu\/?p=9840"},"wordCount":619,"publisher":{"@id":"https:\/\/egyuttfejlodunk.hu\/#organization"},"image":{"@id":"https:\/\/egyuttfejlodunk.hu\/?p=9840#primaryimage"},"thumbnailUrl":"https:\/\/egyuttfejlodunk.hu\/wp-content\/uploads\/2026\/03\/shutterstock_2678798837-1.jpg","keywords":["Telep\u00fcl\u00e9sfejleszt\u00e9s","v\u00edzgazd\u00e1lkod\u00e1s"],"articleSection":["Kehop"],"inLanguage":"hu"},{"@type":"WebPage","@id":"https:\/\/egyuttfejlodunk.hu\/?p=9840","url":"https:\/\/egyuttfejlodunk.hu\/?p=9840","name":"Nem mese a tiszta v\u00edz Kopp\u00e1nysz\u00e1nt\u00f3n - Egy\u00fctt fejl\u0151d\u00fcnk","isPartOf":{"@id":"https:\/\/egyuttfejlodunk.hu\/#website"},"primaryImageOfPage":{"@id":"https:\/\/egyuttfejlodunk.hu\/?p=9840#primaryimage"},"image":{"@id":"https:\/\/egyuttfejlodunk.hu\/?p=9840#primaryimage"},"thumbnailUrl":"https:\/\/egyuttfejlodunk.hu\/wp-content\/uploads\/2026\/03\/shutterstock_2678798837-1.jpg","datePublished":"2026-03-04T09:24:38+00:00","dateModified":"2026-08-28T08:10:28+00:00","breadcrumb":{"@id":"https:\/\/egyuttfejlodunk.hu\/?p=9840#breadcrumb"},"inLanguage":"hu","potentialAction":[{"@type":"ReadAction","target":["https:\/\/egyuttfejlodunk.hu\/?p=9840"]}]},{"@type":"ImageObject","inLanguage":"hu","@id":"https:\/\/egyuttfejlodunk.hu\/?p=9840#primaryimage","url":"https:\/\/egyuttfejlodunk.hu\/wp-content\/uploads\/2026\/03\/shutterstock_2678798837-1.jpg","contentUrl":"https:\/\/egyuttfejlodunk.hu\/wp-content\/uploads\/2026\/03\/shutterstock_2678798837-1.jpg","width":1800,"height":1014,"caption":"2678798837"},{"@type":"BreadcrumbList","@id":"https:\/\/egyuttfejlodunk.hu\/?p=9840#breadcrumb","itemListElement":[{"@type":"ListItem","position":1,"name":"Home","item":"https:\/\/egyuttfejlodunk.hu\/"},{"@type":"ListItem","position":2,"name":"Nem mese a tiszta v\u00edz Kopp\u00e1nysz\u00e1nt\u00f3n"}]},{"@type":"WebSite","@id":"https:\/\/egyuttfejlodunk.hu\/#website","url":"https:\/\/egyuttfejlodunk.hu\/","name":"Egy\u00fctt fejl\u0151d\u00fcnk","description":"","publisher":{"@id":"https:\/\/egyuttfejlodunk.hu\/#organization"},"potentialAction":[{"@type":"SearchAction","target":{"@type":"EntryPoint","urlTemplate":"https:\/\/egyuttfejlodunk.hu\/?s={search_term_string}"},"query-input":{"@type":"PropertyValueSpecification","valueRequired":true,"valueName":"search_term_string"}}],"inLanguage":"hu"},{"@type":"Organization","@id":"https:\/\/egyuttfejlodunk.hu\/#organization","name":"Egy\u00fctt fejl\u0151d\u00fcnk","url":"https:\/\/egyuttfejlodunk.hu\/","logo":{"@type":"ImageObject","inLanguage":"hu","@id":"https:\/\/egyuttfejlodunk.hu\/#\/schema\/logo\/image\/","url":"https:\/\/egyuttfejlodunk.hu\/wp-content\/uploads\/2026\/04\/ujlogo.jpg","contentUrl":"https:\/\/egyuttfejlodunk.hu\/wp-content\/uploads\/2026\/04\/ujlogo.jpg","width":350,"height":110,"caption":"Egy\u00fctt fejl\u0151d\u00fcnk"},"image":{"@id":"https:\/\/egyuttfejlodunk.hu\/#\/schema\/logo\/image\/"}},{"@type":"Person","@id":"https:\/\/egyuttfejlodunk.hu\/#\/schema\/person\/74d5e3661b874eed1958599cd4ca7bbd","name":"B\u00e1cskai Gabriella"}]}},"_links":{"self":[{"href":"https:\/\/egyuttfejlodunk.hu\/index.php?rest_route=\/wp\/v2\/posts\/9840","targetHints":{"allow":["GET"]}}],"collection":[{"href":"https:\/\/egyuttfejlodunk.hu\/index.php?rest_route=\/wp\/v2\/posts"}],"about":[{"href":"https:\/\/egyuttfejlodunk.hu\/index.php?rest_route=\/wp\/v2\/types\/post"}],"author":[{"embeddable":true,"href":"https:\/\/egyuttfejlodunk.hu\/index.php?rest_route=\/wp\/v2\/users\/17"}],"replies":[{"embeddable":true,"href":"https:\/\/egyuttfejlodunk.hu\/index.php?rest_route=%2Fwp%2Fv2%2Fcomments&post=9840"}],"version-history":[{"count":2,"href":"https:\/\/egyuttfejlodunk.hu\/index.php?rest_route=\/wp\/v2\/posts\/9840\/revisions"}],"predecessor-version":[{"id":9852,"href":"https:\/\/egyuttfejlodunk.hu\/index.php?rest_route=\/wp\/v2\/posts\/9840\/revisions\/9852"}],"wp:featuredmedia":[{"embeddable":true,"href":"https:\/\/egyuttfejlodunk.hu\/index.php?rest_route=\/wp\/v2\/media\/9853"}],"wp:attachment":[{"href":"https:\/\/egyuttfejlodunk.hu\/index.php?rest_route=%2Fwp%2Fv2%2Fmedia&parent=9840"}],"wp:term":[{"taxonomy":"category","embeddable":true,"href":"https:\/\/egyuttfejlodunk.hu\/index.php?rest_route=%2Fwp%2Fv2%2Fcategories&post=9840"},{"taxonomy":"post_tag","embeddable":true,"href":"https:\/\/egyuttfejlodunk.hu\/index.php?rest_route=%2Fwp%2Fv2%2Ftags&post=9840"},{"taxonomy":"megye","embeddable":true,"href":"https:\/\/egyuttfejlodunk.hu\/index.php?rest_route=%2Fwp%2Fv2%2Fmegye&post=9840"}],"curies":[{"name":"wp","href":"https:\/\/api.w.org\/{rel}","templated":true}]}}