{"id":9879,"date":"2026-03-05T13:05:44","date_gmt":"2026-03-05T12:05:44","guid":{"rendered":"https:\/\/teszt.s152.mediacenter.hu\/egyuttfejlodunk\/?p=9879"},"modified":"2026-03-05T11:09:54","modified_gmt":"2026-03-05T10:09:54","slug":"the-latest-pillar-overview-strengthening-communities-institutions-and-the-urban-environment","status":"publish","type":"post","link":"https:\/\/egyuttfejlodunk.hu\/en\/the-latest-pillar-overview-strengthening-communities-institutions-and-the-urban-environment\/","title":{"rendered":"The latest pillar overview: strengthening communities, institutions, and the urban environment"},"content":{"rendered":"<p data-start=\"100\" data-end=\"398\">For the second time this year, our website provides an overview of European Union co-funded projects that significantly contribute to achieving regional and local development goals within the framework of the <strong data-start=\"309\" data-end=\"389\">Territorial and Settlement Development Operational Programme Plus (TSDOP Plus)<\/strong> pillars.<\/p>\n<p data-start=\"400\" data-end=\"1677\"><strong data-start=\"400\" data-end=\"458\">Sustainable Urban Development Pillar \u2013 latest updates:<\/strong><br data-start=\"458\" data-end=\"461\">One of Salg\u00f3tarj\u00e1n\u2019s most important community and sports facilities, the <strong data-start=\"534\" data-end=\"554\">City Sports Hall<\/strong>, has reached a major milestone with the completion of a comprehensive energy modernization project worth approximately <strong data-start=\"674\" data-end=\"693\">HUF 500 million<\/strong>. The investment ensures more sustainable operation and will bring significant long-term economic benefits for the city. The roof, the entire fa\u00e7ade, and the building\u2019s base were insulated, outdated doors and windows were replaced, and the heating system and heat center were modernized. The central ventilation and air-handling system was also renewed, providing more efficient heating in winter and cooling during the summer months. To further enhance sustainability, a solar panel system was installed, increasing the share of renewable energy and reducing the building\u2019s dependence on external energy sources. Since the grant could be used exclusively for energy-efficiency improvements, the municipality financed additional works worth <strong data-start=\"1434\" data-end=\"1459\">around HUF 18 million<\/strong> from its own resources. The renovated sports hall has become a modern and defining venue for the city\u2019s sporting life, while the more comfortable and welcoming environment now serves as a true community meeting point.<\/p>\n<p data-start=\"1679\" data-end=\"2105\">In <strong data-start=\"1682\" data-end=\"1689\">M\u00f3r<\/strong>, nearly <strong data-start=\"1698\" data-end=\"1717\">HUF 320 million<\/strong> is being invested in the partial renovation of one wing of <strong data-start=\"1777\" data-end=\"1795\">Lamberg Castle<\/strong>. Alongside the restoration of the historic monument, the project includes fa\u00e7ade and roof renovation, modernization of utilities, accessibility improvements, and interior restoration. As part of the development, a permanent exhibition presenting the nearby <strong data-start=\"2053\" data-end=\"2068\">Natura 2000<\/strong> protected area will also be created.<\/p>\n<p data-start=\"2107\" data-end=\"2462\">In <strong data-start=\"2110\" data-end=\"2119\">Koml\u00f3<\/strong>, more than <strong data-start=\"2131\" data-end=\"2150\">HUF 650 million<\/strong> is being invested to renew <strong data-start=\"2178\" data-end=\"2199\">Eszperant\u00f3 Square<\/strong> and the surrounding area of the municipal office. The project focuses on improving the quality of urban public spaces, developing green areas, and ensuring accessible transport conditions, thereby contributing to a more livable and sustainable urban environment.<\/p>\n<p data-start=\"2464\" data-end=\"2837\">In <strong data-start=\"2467\" data-end=\"2508\">B\u00e9k\u00e9scsaba and its surrounding region<\/strong>, a <strong data-start=\"2512\" data-end=\"2529\">HUF 2 billion<\/strong> comprehensive program supports community and social development. The initiative includes community-building, health-promotion, prevention, mental health, sports, and labor market programs. Based on local needs, these activities aim to strengthen social cohesion and encourage active community participation.<\/p>\n<p data-start=\"2839\" data-end=\"3491\"><strong data-start=\"2839\" data-end=\"2901\">Energy modernisation of municipal public buildings Pillar:<\/strong><br data-start=\"2901\" data-end=\"2904\">Tangible results have also been achieved in this area. In <strong data-start=\"2962\" data-end=\"2972\">Dejt\u00e1r<\/strong>, two key municipal buildings were renovated with modern, energy-efficient technical solutions\u2014such as advanced heating and cooling systems\u2014through an investment of nearly <strong data-start=\"3144\" data-end=\"3163\">HUF 290 million<\/strong>. In <strong data-start=\"3168\" data-end=\"3178\">Szakcs<\/strong>, the <strong data-start=\"3184\" data-end=\"3205\">Elderly Care Home<\/strong> was modernized with more than <strong data-start=\"3236\" data-end=\"3255\">HUF 124 million<\/strong> in funding. Thermal insulation, window replacement, mechanical upgrades, and the installation of a solar panel system all contribute to the institution\u2019s sustainable operation, reduced maintenance costs, and lower environmental impact.<\/p>\n<p data-start=\"3493\" data-end=\"4099\" data-is-last-node=\"\" data-is-only-node=\"\"><strong data-start=\"3493\" data-end=\"3566\">Public Education Infrastructure Development Pillar \u2013 current updates:<\/strong><br data-start=\"3566\" data-end=\"3569\">In <strong data-start=\"3572\" data-end=\"3579\">M\u00f3r<\/strong>, a <strong data-start=\"3583\" data-end=\"3602\">HUF 221 million<\/strong> investment will establish a daytime care facility for people with disabilities. The accessible building will improve conditions for daytime employment and community services, potentially reducing demand for residential care. Meanwhile, in <strong data-start=\"3842\" data-end=\"3857\">Hegyeshalom<\/strong>, the <strong data-start=\"3863\" data-end=\"3896\">L\u0151rincze Lajos Primary School<\/strong> is being renovated with <strong data-start=\"3921\" data-end=\"3940\">HUF 360 million<\/strong> in funding. The project will create a modern learning environment that supports pedagogical renewal and helps develop students\u2019 <strong data-start=\"4069\" data-end=\"4098\" data-is-only-node=\"\">21st-century competencies<\/strong>.<\/p>\n","protected":false},"excerpt":{"rendered":"<p>For the second time this year, our website provides an overview of European Union co-funded projects that significantly contribute to achieving regional and local development goals within the framework of the Territorial and Settlement Development Operational Programme Plus (TSDOP Plus) pillars. Sustainable Urban Development Pillar \u2013 latest updates:One of Salg\u00f3tarj\u00e1n\u2019s most important community and sports facilities, the City Sports Hall, has reached a major milestone with the completion of a comprehensive energy modernization project worth&#8230;<\/p>\n","protected":false},"author":23,"featured_media":9864,"comment_status":"closed","ping_status":"closed","sticky":false,"template":"","format":"standard","meta":{"_acf_changed":false,"ngg_post_thumbnail":0,"footnotes":""},"categories":[799],"tags":[],"megye":[],"class_list":["post-9879","post","type-post","status-publish","format-standard","has-post-thumbnail","hentry","category-szechenyi-plusz-osi-en"],"acf":[],"yoast_head":"<!-- This site is optimized with the Yoast SEO Premium plugin v28.4 (Yoast SEO v28.4) - https:\/\/yoast.com\/product\/yoast-seo-premium-wordpress\/ -->\n<title>The latest pillar overview: strengthening communities, institutions, and the urban environment - Egy\u00fctt fejl\u0151d\u00fcnk<\/title>\n<meta name=\"robots\" content=\"noindex, follow, max-snippet:-1, max-image-preview:large, max-video-preview:-1\" \/>\n<meta property=\"og:locale\" content=\"hu_HU\" \/>\n<meta property=\"og:type\" content=\"article\" \/>\n<meta property=\"og:title\" content=\"The latest pillar overview: strengthening communities, institutions, and the urban environment\" \/>\n<meta property=\"og:description\" content=\"For the second time this year, our website provides an overview of European Union co-funded projects that significantly contribute to achieving regional and local development goals within the framework of the Territorial and Settlement Development Operational Programme Plus (TSDOP Plus) pillars. Sustainable Urban Development Pillar \u2013 latest updates:One of Salg\u00f3tarj\u00e1n\u2019s most important community and sports facilities, the City Sports Hall, has reached a major milestone with the completion of a comprehensive energy modernization project worth...\" \/>\n<meta property=\"og:url\" content=\"https:\/\/egyuttfejlodunk.hu\/en\/the-latest-pillar-overview-strengthening-communities-institutions-and-the-urban-environment\/\" \/>\n<meta property=\"og:site_name\" content=\"Egy\u00fctt fejl\u0151d\u00fcnk\" \/>\n<meta property=\"article:published_time\" content=\"2026-03-05T12:05:44+00:00\" \/>\n<meta property=\"og:image\" content=\"https:\/\/egyuttfejlodunk.hu\/wp-content\/uploads\/2026\/03\/shutterstock_2576451385.jpg\" \/>\n\t<meta property=\"og:image:width\" content=\"1920\" \/>\n\t<meta property=\"og:image:height\" content=\"1280\" \/>\n\t<meta property=\"og:image:type\" content=\"image\/jpeg\" \/>\n<meta name=\"author\" content=\"Szab\u00f3 Evelin\" \/>\n<meta name=\"twitter:card\" content=\"summary_large_image\" \/>\n<meta name=\"twitter:label1\" content=\"Szerz\u0151:\" \/>\n\t<meta name=\"twitter:data1\" content=\"Szab\u00f3 Evelin\" \/>\n\t<meta name=\"twitter:label2\" content=\"Becs\u00fclt olvas\u00e1si id\u0151\" \/>\n\t<meta name=\"twitter:data2\" content=\"3 perc\" \/>\n<script type=\"application\/ld+json\" class=\"yoast-schema-graph\">{\"@context\":\"https:\\\/\\\/schema.org\",\"@graph\":[{\"@type\":\"Article\",\"@id\":\"https:\\\/\\\/egyuttfejlodunk.hu\\\/en\\\/the-latest-pillar-overview-strengthening-communities-institutions-and-the-urban-environment\\\/#article\",\"isPartOf\":{\"@id\":\"https:\\\/\\\/egyuttfejlodunk.hu\\\/en\\\/the-latest-pillar-overview-strengthening-communities-institutions-and-the-urban-environment\\\/\"},\"author\":{\"name\":\"Szab\u00f3 Evelin\",\"@id\":\"https:\\\/\\\/egyuttfejlodunk.hu\\\/#\\\/schema\\\/person\\\/172a88f23f4f1fb8bbd7bfcddb0ce254\"},\"headline\":\"The latest pillar overview: strengthening communities, institutions, and the urban environment\",\"datePublished\":\"2026-03-05T12:05:44+00:00\",\"mainEntityOfPage\":{\"@id\":\"https:\\\/\\\/egyuttfejlodunk.hu\\\/en\\\/the-latest-pillar-overview-strengthening-communities-institutions-and-the-urban-environment\\\/\"},\"wordCount\":560,\"publisher\":{\"@id\":\"https:\\\/\\\/egyuttfejlodunk.hu\\\/#organization\"},\"image\":{\"@id\":\"https:\\\/\\\/egyuttfejlodunk.hu\\\/en\\\/the-latest-pillar-overview-strengthening-communities-institutions-and-the-urban-environment\\\/#primaryimage\"},\"thumbnailUrl\":\"https:\\\/\\\/egyuttfejlodunk.hu\\\/wp-content\\\/uploads\\\/2026\\\/03\\\/shutterstock_2576451385.jpg\",\"articleSection\":[\"Sz\u00e9chenyi plusz osi\"],\"inLanguage\":\"hu\"},{\"@type\":\"WebPage\",\"@id\":\"https:\\\/\\\/egyuttfejlodunk.hu\\\/en\\\/the-latest-pillar-overview-strengthening-communities-institutions-and-the-urban-environment\\\/\",\"url\":\"https:\\\/\\\/egyuttfejlodunk.hu\\\/en\\\/the-latest-pillar-overview-strengthening-communities-institutions-and-the-urban-environment\\\/\",\"name\":\"The latest pillar overview: strengthening communities, institutions, and the urban environment - Egy\u00fctt fejl\u0151d\u00fcnk\",\"isPartOf\":{\"@id\":\"https:\\\/\\\/egyuttfejlodunk.hu\\\/#website\"},\"primaryImageOfPage\":{\"@id\":\"https:\\\/\\\/egyuttfejlodunk.hu\\\/en\\\/the-latest-pillar-overview-strengthening-communities-institutions-and-the-urban-environment\\\/#primaryimage\"},\"image\":{\"@id\":\"https:\\\/\\\/egyuttfejlodunk.hu\\\/en\\\/the-latest-pillar-overview-strengthening-communities-institutions-and-the-urban-environment\\\/#primaryimage\"},\"thumbnailUrl\":\"https:\\\/\\\/egyuttfejlodunk.hu\\\/wp-content\\\/uploads\\\/2026\\\/03\\\/shutterstock_2576451385.jpg\",\"datePublished\":\"2026-03-05T12:05:44+00:00\",\"breadcrumb\":{\"@id\":\"https:\\\/\\\/egyuttfejlodunk.hu\\\/en\\\/the-latest-pillar-overview-strengthening-communities-institutions-and-the-urban-environment\\\/#breadcrumb\"},\"inLanguage\":\"hu\",\"potentialAction\":[{\"@type\":\"ReadAction\",\"target\":[\"https:\\\/\\\/egyuttfejlodunk.hu\\\/en\\\/the-latest-pillar-overview-strengthening-communities-institutions-and-the-urban-environment\\\/\"]}]},{\"@type\":\"ImageObject\",\"inLanguage\":\"hu\",\"@id\":\"https:\\\/\\\/egyuttfejlodunk.hu\\\/en\\\/the-latest-pillar-overview-strengthening-communities-institutions-and-the-urban-environment\\\/#primaryimage\",\"url\":\"https:\\\/\\\/egyuttfejlodunk.hu\\\/wp-content\\\/uploads\\\/2026\\\/03\\\/shutterstock_2576451385.jpg\",\"contentUrl\":\"https:\\\/\\\/egyuttfejlodunk.hu\\\/wp-content\\\/uploads\\\/2026\\\/03\\\/shutterstock_2576451385.jpg\",\"width\":1920,\"height\":1280},{\"@type\":\"BreadcrumbList\",\"@id\":\"https:\\\/\\\/egyuttfejlodunk.hu\\\/en\\\/the-latest-pillar-overview-strengthening-communities-institutions-and-the-urban-environment\\\/#breadcrumb\",\"itemListElement\":[{\"@type\":\"ListItem\",\"position\":1,\"name\":\"Home\",\"item\":\"https:\\\/\\\/egyuttfejlodunk.hu\\\/\"},{\"@type\":\"ListItem\",\"position\":2,\"name\":\"The latest pillar overview: strengthening communities, institutions, and the urban environment\"}]},{\"@type\":\"WebSite\",\"@id\":\"https:\\\/\\\/egyuttfejlodunk.hu\\\/#website\",\"url\":\"https:\\\/\\\/egyuttfejlodunk.hu\\\/\",\"name\":\"Egy\u00fctt fejl\u0151d\u00fcnk\",\"description\":\"\",\"publisher\":{\"@id\":\"https:\\\/\\\/egyuttfejlodunk.hu\\\/#organization\"},\"potentialAction\":[{\"@type\":\"SearchAction\",\"target\":{\"@type\":\"EntryPoint\",\"urlTemplate\":\"https:\\\/\\\/egyuttfejlodunk.hu\\\/?s={search_term_string}\"},\"query-input\":{\"@type\":\"PropertyValueSpecification\",\"valueRequired\":true,\"valueName\":\"search_term_string\"}}],\"inLanguage\":\"hu\"},{\"@type\":\"Organization\",\"@id\":\"https:\\\/\\\/egyuttfejlodunk.hu\\\/#organization\",\"name\":\"Egy\u00fctt fejl\u0151d\u00fcnk\",\"url\":\"https:\\\/\\\/egyuttfejlodunk.hu\\\/\",\"logo\":{\"@type\":\"ImageObject\",\"inLanguage\":\"hu\",\"@id\":\"https:\\\/\\\/egyuttfejlodunk.hu\\\/#\\\/schema\\\/logo\\\/image\\\/\",\"url\":\"https:\\\/\\\/egyuttfejlodunk.hu\\\/wp-content\\\/uploads\\\/2026\\\/04\\\/ujlogo.jpg\",\"contentUrl\":\"https:\\\/\\\/egyuttfejlodunk.hu\\\/wp-content\\\/uploads\\\/2026\\\/04\\\/ujlogo.jpg\",\"width\":350,\"height\":110,\"caption\":\"Egy\u00fctt fejl\u0151d\u00fcnk\"},\"image\":{\"@id\":\"https:\\\/\\\/egyuttfejlodunk.hu\\\/#\\\/schema\\\/logo\\\/image\\\/\"}},{\"@type\":\"Person\",\"@id\":\"https:\\\/\\\/egyuttfejlodunk.hu\\\/#\\\/schema\\\/person\\\/172a88f23f4f1fb8bbd7bfcddb0ce254\",\"name\":\"Szab\u00f3 Evelin\"}]}<\/script>\n<!-- \/ Yoast SEO Premium plugin. -->","yoast_head_json":{"title":"The latest pillar overview: strengthening communities, institutions, and the urban environment - Egy\u00fctt fejl\u0151d\u00fcnk","robots":{"index":"noindex","follow":"follow","max-snippet":"max-snippet:-1","max-image-preview":"max-image-preview:large","max-video-preview":"max-video-preview:-1"},"og_locale":"hu_HU","og_type":"article","og_title":"The latest pillar overview: strengthening communities, institutions, and the urban environment","og_description":"For the second time this year, our website provides an overview of European Union co-funded projects that significantly contribute to achieving regional and local development goals within the framework of the Territorial and Settlement Development Operational Programme Plus (TSDOP Plus) pillars. Sustainable Urban Development Pillar \u2013 latest updates:One of Salg\u00f3tarj\u00e1n\u2019s most important community and sports facilities, the City Sports Hall, has reached a major milestone with the completion of a comprehensive energy modernization project worth...","og_url":"https:\/\/egyuttfejlodunk.hu\/en\/the-latest-pillar-overview-strengthening-communities-institutions-and-the-urban-environment\/","og_site_name":"Egy\u00fctt fejl\u0151d\u00fcnk","article_published_time":"2026-03-05T12:05:44+00:00","og_image":[{"width":1920,"height":1280,"url":"https:\/\/egyuttfejlodunk.hu\/wp-content\/uploads\/2026\/03\/shutterstock_2576451385.jpg","type":"image\/jpeg"}],"author":"Szab\u00f3 Evelin","twitter_card":"summary_large_image","twitter_misc":{"Szerz\u0151:":"Szab\u00f3 Evelin","Becs\u00fclt olvas\u00e1si id\u0151":"3 perc"},"schema":{"@context":"https:\/\/schema.org","@graph":[{"@type":"Article","@id":"https:\/\/egyuttfejlodunk.hu\/en\/the-latest-pillar-overview-strengthening-communities-institutions-and-the-urban-environment\/#article","isPartOf":{"@id":"https:\/\/egyuttfejlodunk.hu\/en\/the-latest-pillar-overview-strengthening-communities-institutions-and-the-urban-environment\/"},"author":{"name":"Szab\u00f3 Evelin","@id":"https:\/\/egyuttfejlodunk.hu\/#\/schema\/person\/172a88f23f4f1fb8bbd7bfcddb0ce254"},"headline":"The latest pillar overview: strengthening communities, institutions, and the urban environment","datePublished":"2026-03-05T12:05:44+00:00","mainEntityOfPage":{"@id":"https:\/\/egyuttfejlodunk.hu\/en\/the-latest-pillar-overview-strengthening-communities-institutions-and-the-urban-environment\/"},"wordCount":560,"publisher":{"@id":"https:\/\/egyuttfejlodunk.hu\/#organization"},"image":{"@id":"https:\/\/egyuttfejlodunk.hu\/en\/the-latest-pillar-overview-strengthening-communities-institutions-and-the-urban-environment\/#primaryimage"},"thumbnailUrl":"https:\/\/egyuttfejlodunk.hu\/wp-content\/uploads\/2026\/03\/shutterstock_2576451385.jpg","articleSection":["Sz\u00e9chenyi plusz osi"],"inLanguage":"hu"},{"@type":"WebPage","@id":"https:\/\/egyuttfejlodunk.hu\/en\/the-latest-pillar-overview-strengthening-communities-institutions-and-the-urban-environment\/","url":"https:\/\/egyuttfejlodunk.hu\/en\/the-latest-pillar-overview-strengthening-communities-institutions-and-the-urban-environment\/","name":"The latest pillar overview: strengthening communities, institutions, and the urban environment - Egy\u00fctt fejl\u0151d\u00fcnk","isPartOf":{"@id":"https:\/\/egyuttfejlodunk.hu\/#website"},"primaryImageOfPage":{"@id":"https:\/\/egyuttfejlodunk.hu\/en\/the-latest-pillar-overview-strengthening-communities-institutions-and-the-urban-environment\/#primaryimage"},"image":{"@id":"https:\/\/egyuttfejlodunk.hu\/en\/the-latest-pillar-overview-strengthening-communities-institutions-and-the-urban-environment\/#primaryimage"},"thumbnailUrl":"https:\/\/egyuttfejlodunk.hu\/wp-content\/uploads\/2026\/03\/shutterstock_2576451385.jpg","datePublished":"2026-03-05T12:05:44+00:00","breadcrumb":{"@id":"https:\/\/egyuttfejlodunk.hu\/en\/the-latest-pillar-overview-strengthening-communities-institutions-and-the-urban-environment\/#breadcrumb"},"inLanguage":"hu","potentialAction":[{"@type":"ReadAction","target":["https:\/\/egyuttfejlodunk.hu\/en\/the-latest-pillar-overview-strengthening-communities-institutions-and-the-urban-environment\/"]}]},{"@type":"ImageObject","inLanguage":"hu","@id":"https:\/\/egyuttfejlodunk.hu\/en\/the-latest-pillar-overview-strengthening-communities-institutions-and-the-urban-environment\/#primaryimage","url":"https:\/\/egyuttfejlodunk.hu\/wp-content\/uploads\/2026\/03\/shutterstock_2576451385.jpg","contentUrl":"https:\/\/egyuttfejlodunk.hu\/wp-content\/uploads\/2026\/03\/shutterstock_2576451385.jpg","width":1920,"height":1280},{"@type":"BreadcrumbList","@id":"https:\/\/egyuttfejlodunk.hu\/en\/the-latest-pillar-overview-strengthening-communities-institutions-and-the-urban-environment\/#breadcrumb","itemListElement":[{"@type":"ListItem","position":1,"name":"Home","item":"https:\/\/egyuttfejlodunk.hu\/"},{"@type":"ListItem","position":2,"name":"The latest pillar overview: strengthening communities, institutions, and the urban environment"}]},{"@type":"WebSite","@id":"https:\/\/egyuttfejlodunk.hu\/#website","url":"https:\/\/egyuttfejlodunk.hu\/","name":"Egy\u00fctt fejl\u0151d\u00fcnk","description":"","publisher":{"@id":"https:\/\/egyuttfejlodunk.hu\/#organization"},"potentialAction":[{"@type":"SearchAction","target":{"@type":"EntryPoint","urlTemplate":"https:\/\/egyuttfejlodunk.hu\/?s={search_term_string}"},"query-input":{"@type":"PropertyValueSpecification","valueRequired":true,"valueName":"search_term_string"}}],"inLanguage":"hu"},{"@type":"Organization","@id":"https:\/\/egyuttfejlodunk.hu\/#organization","name":"Egy\u00fctt fejl\u0151d\u00fcnk","url":"https:\/\/egyuttfejlodunk.hu\/","logo":{"@type":"ImageObject","inLanguage":"hu","@id":"https:\/\/egyuttfejlodunk.hu\/#\/schema\/logo\/image\/","url":"https:\/\/egyuttfejlodunk.hu\/wp-content\/uploads\/2026\/04\/ujlogo.jpg","contentUrl":"https:\/\/egyuttfejlodunk.hu\/wp-content\/uploads\/2026\/04\/ujlogo.jpg","width":350,"height":110,"caption":"Egy\u00fctt fejl\u0151d\u00fcnk"},"image":{"@id":"https:\/\/egyuttfejlodunk.hu\/#\/schema\/logo\/image\/"}},{"@type":"Person","@id":"https:\/\/egyuttfejlodunk.hu\/#\/schema\/person\/172a88f23f4f1fb8bbd7bfcddb0ce254","name":"Szab\u00f3 Evelin"}]}},"_links":{"self":[{"href":"https:\/\/egyuttfejlodunk.hu\/wp-json\/wp\/v2\/posts\/9879","targetHints":{"allow":["GET"]}}],"collection":[{"href":"https:\/\/egyuttfejlodunk.hu\/wp-json\/wp\/v2\/posts"}],"about":[{"href":"https:\/\/egyuttfejlodunk.hu\/wp-json\/wp\/v2\/types\/post"}],"author":[{"embeddable":true,"href":"https:\/\/egyuttfejlodunk.hu\/wp-json\/wp\/v2\/users\/23"}],"replies":[{"embeddable":true,"href":"https:\/\/egyuttfejlodunk.hu\/wp-json\/wp\/v2\/comments?post=9879"}],"version-history":[{"count":1,"href":"https:\/\/egyuttfejlodunk.hu\/wp-json\/wp\/v2\/posts\/9879\/revisions"}],"predecessor-version":[{"id":9881,"href":"https:\/\/egyuttfejlodunk.hu\/wp-json\/wp\/v2\/posts\/9879\/revisions\/9881"}],"wp:featuredmedia":[{"embeddable":true,"href":"https:\/\/egyuttfejlodunk.hu\/wp-json\/wp\/v2\/media\/9864"}],"wp:attachment":[{"href":"https:\/\/egyuttfejlodunk.hu\/wp-json\/wp\/v2\/media?parent=9879"}],"wp:term":[{"taxonomy":"category","embeddable":true,"href":"https:\/\/egyuttfejlodunk.hu\/wp-json\/wp\/v2\/categories?post=9879"},{"taxonomy":"post_tag","embeddable":true,"href":"https:\/\/egyuttfejlodunk.hu\/wp-json\/wp\/v2\/tags?post=9879"},{"taxonomy":"megye","embeddable":true,"href":"https:\/\/egyuttfejlodunk.hu\/wp-json\/wp\/v2\/megye?post=9879"}],"curies":[{"name":"wp","href":"https:\/\/api.w.org\/{rel}","templated":true}]}}