{"id":9975,"date":"2026-04-01T13:24:21","date_gmt":"2026-04-01T11:24:21","guid":{"rendered":"https:\/\/teszt.s152.mediacenter.hu\/egyuttfejlodunk\/?p=9975"},"modified":"2026-03-25T16:59:10","modified_gmt":"2026-03-25T15:59:10","slug":"a-new-day-centre-for-older-people-in-mezotur","status":"publish","type":"post","link":"https:\/\/egyuttfejlodunk.hu\/en\/a-new-day-centre-for-older-people-in-mezotur\/","title":{"rendered":"A new day centre for older people in Mez\u0151t\u00far"},"content":{"rendered":"<p data-start=\"135\" data-end=\"312\"><strong>Thanks to an EU-funded development, a new place has been created in Mez\u0151t\u00far where older people can spend their days in comfort, stay active, and enjoy being part of a community.<\/strong><\/p>\n<p data-start=\"314\" data-end=\"726\">In recent years, demand for daytime care for older people has grown steadily in the town. Existing institutions were operating at full capacity, while the condition and layout of the buildings were becoming less and less suited to modern needs. This was especially clear at the site on \u00c1chim Andr\u00e1s Street, where it became evident that maintaining the existing infrastructure was not a viable long-term solution.<\/p>\n<p data-start=\"728\" data-end=\"960\">In response, the local government decided to create an entirely new facility. The investment was carried out on F\u00f3ti Street, on a previously unused site, where a modern building designed to meet today\u2019s needs has now been completed.<\/p>\n<p data-start=\"962\" data-end=\"1374\">When planning the new day centre, the main priorities were usability and efficient use of space. The nearly 300-square-metre building includes community areas, relaxation rooms, and a covered terrace, providing a comfortable setting for everyday activities and shared programmes. The entire facility is fully accessible, which is especially important for older people with reduced mobility or special care needs.<\/p>\n<p data-start=\"1376\" data-end=\"1626\">By bringing services together in one place, care has become more transparent and better organised. The new building also makes it possible to offer a wider range of activities and community programmes that support both physical and mental well-being.<\/p>\n<p data-start=\"1628\" data-end=\"2049\">Daily meals are provided through an on-site serving kitchen, where individual health and dietary needs can also be taken into account. As part of the development, the centre also received new equipment and furniture, as well as a nine-seater minibus. This makes it easier for older people to get to the facility, helps with everyday administration, and also creates opportunities for smaller community events and outings.<\/p>\n<p data-start=\"2051\" data-end=\"2279\">Energy efficiency was another important consideration in the design of the building. Modern mechanical systems and a solar panel installation help ensure economical operation, making the institution sustainable in the long term.<\/p>\nngg_shortcode_0_placeholder\n<p>The development was implemented from EU funding in the project TOP-4.2.1-15-JN1-2019-00029 under the Territorial and Settlement Development Operational Programme.<\/p>\n<p>Find out more about the project in the Project Finder:<a class=\"tovabb\" href=\"https:\/\/www.palyazat.gov.hu\/eredmenyek\/tamogatott-projektek\/2235940201\" target=\"_blank\" rel=\"noopener\">Details<\/a><\/p>\n","protected":false},"excerpt":{"rendered":"<p>Thanks to an EU-funded development, a new place has been created in Mez\u0151t\u00far where older people can spend their days in comfort, stay active, and enjoy being part of a community. In recent years, demand for daytime care for older people has grown steadily in the town. Existing institutions were operating at full capacity, while the condition and layout of the buildings were becoming less and less suited to modern needs. This was especially clear&#8230;<\/p>\n","protected":false},"author":23,"featured_media":9963,"comment_status":"closed","ping_status":"closed","sticky":false,"template":"","format":"gallery","meta":{"_acf_changed":false,"ngg_post_thumbnail":0,"footnotes":""},"categories":[380],"tags":[],"megye":[],"class_list":["post-9975","post","type-post","status-publish","format-gallery","has-post-thumbnail","hentry","category-top-en","post_format-post-format-gallery"],"acf":[],"yoast_head":"<!-- This site is optimized with the Yoast SEO Premium plugin v28.4 (Yoast SEO v28.4) - https:\/\/yoast.com\/product\/yoast-seo-premium-wordpress\/ -->\n<title>A new day centre for older people in Mez\u0151t\u00far - Egy\u00fctt fejl\u0151d\u00fcnk<\/title>\n<meta name=\"robots\" content=\"noindex, follow, max-snippet:-1, max-image-preview:large, max-video-preview:-1\" \/>\n<meta property=\"og:locale\" content=\"hu_HU\" \/>\n<meta property=\"og:type\" content=\"article\" \/>\n<meta property=\"og:title\" content=\"A new day centre for older people in Mez\u0151t\u00far\" \/>\n<meta property=\"og:description\" content=\"Thanks to an EU-funded development, a new place has been created in Mez\u0151t\u00far where older people can spend their days in comfort, stay active, and enjoy being part of a community. In recent years, demand for daytime care for older people has grown steadily in the town. Existing institutions were operating at full capacity, while the condition and layout of the buildings were becoming less and less suited to modern needs. This was especially clear...\" \/>\n<meta property=\"og:url\" content=\"https:\/\/egyuttfejlodunk.hu\/en\/a-new-day-centre-for-older-people-in-mezotur\/\" \/>\n<meta property=\"og:site_name\" content=\"Egy\u00fctt fejl\u0151d\u00fcnk\" \/>\n<meta property=\"article:published_time\" content=\"2026-04-01T11:24:21+00:00\" \/>\n<meta property=\"og:image\" content=\"https:\/\/egyuttfejlodunk.hu\/wp-content\/uploads\/2026\/03\/shutterstock_2668772675.jpg\" \/>\n\t<meta property=\"og:image:width\" content=\"1000\" \/>\n\t<meta property=\"og:image:height\" content=\"597\" \/>\n\t<meta property=\"og:image:type\" content=\"image\/jpeg\" \/>\n<meta name=\"author\" content=\"Szab\u00f3 Evelin\" \/>\n<meta name=\"twitter:card\" content=\"summary_large_image\" \/>\n<meta name=\"twitter:label1\" content=\"Szerz\u0151:\" \/>\n\t<meta name=\"twitter:data1\" content=\"Szab\u00f3 Evelin\" \/>\n\t<meta name=\"twitter:label2\" content=\"Becs\u00fclt olvas\u00e1si id\u0151\" \/>\n\t<meta name=\"twitter:data2\" content=\"2 perc\" \/>\n<script type=\"application\/ld+json\" class=\"yoast-schema-graph\">{\"@context\":\"https:\\\/\\\/schema.org\",\"@graph\":[{\"@type\":\"Article\",\"@id\":\"https:\\\/\\\/egyuttfejlodunk.hu\\\/en\\\/a-new-day-centre-for-older-people-in-mezotur\\\/#article\",\"isPartOf\":{\"@id\":\"https:\\\/\\\/egyuttfejlodunk.hu\\\/en\\\/a-new-day-centre-for-older-people-in-mezotur\\\/\"},\"author\":{\"name\":\"Szab\u00f3 Evelin\",\"@id\":\"https:\\\/\\\/egyuttfejlodunk.hu\\\/#\\\/schema\\\/person\\\/172a88f23f4f1fb8bbd7bfcddb0ce254\"},\"headline\":\"A new day centre for older people in Mez\u0151t\u00far\",\"datePublished\":\"2026-04-01T11:24:21+00:00\",\"mainEntityOfPage\":{\"@id\":\"https:\\\/\\\/egyuttfejlodunk.hu\\\/en\\\/a-new-day-centre-for-older-people-in-mezotur\\\/\"},\"wordCount\":389,\"publisher\":{\"@id\":\"https:\\\/\\\/egyuttfejlodunk.hu\\\/#organization\"},\"image\":{\"@id\":\"https:\\\/\\\/egyuttfejlodunk.hu\\\/en\\\/a-new-day-centre-for-older-people-in-mezotur\\\/#primaryimage\"},\"thumbnailUrl\":\"https:\\\/\\\/egyuttfejlodunk.hu\\\/wp-content\\\/uploads\\\/2026\\\/03\\\/shutterstock_2668772675.jpg\",\"articleSection\":[\"Top\"],\"inLanguage\":\"hu\"},{\"@type\":\"WebPage\",\"@id\":\"https:\\\/\\\/egyuttfejlodunk.hu\\\/en\\\/a-new-day-centre-for-older-people-in-mezotur\\\/\",\"url\":\"https:\\\/\\\/egyuttfejlodunk.hu\\\/en\\\/a-new-day-centre-for-older-people-in-mezotur\\\/\",\"name\":\"A new day centre for older people in Mez\u0151t\u00far - Egy\u00fctt fejl\u0151d\u00fcnk\",\"isPartOf\":{\"@id\":\"https:\\\/\\\/egyuttfejlodunk.hu\\\/#website\"},\"primaryImageOfPage\":{\"@id\":\"https:\\\/\\\/egyuttfejlodunk.hu\\\/en\\\/a-new-day-centre-for-older-people-in-mezotur\\\/#primaryimage\"},\"image\":{\"@id\":\"https:\\\/\\\/egyuttfejlodunk.hu\\\/en\\\/a-new-day-centre-for-older-people-in-mezotur\\\/#primaryimage\"},\"thumbnailUrl\":\"https:\\\/\\\/egyuttfejlodunk.hu\\\/wp-content\\\/uploads\\\/2026\\\/03\\\/shutterstock_2668772675.jpg\",\"datePublished\":\"2026-04-01T11:24:21+00:00\",\"breadcrumb\":{\"@id\":\"https:\\\/\\\/egyuttfejlodunk.hu\\\/en\\\/a-new-day-centre-for-older-people-in-mezotur\\\/#breadcrumb\"},\"inLanguage\":\"hu\",\"potentialAction\":[{\"@type\":\"ReadAction\",\"target\":[\"https:\\\/\\\/egyuttfejlodunk.hu\\\/en\\\/a-new-day-centre-for-older-people-in-mezotur\\\/\"]}]},{\"@type\":\"ImageObject\",\"inLanguage\":\"hu\",\"@id\":\"https:\\\/\\\/egyuttfejlodunk.hu\\\/en\\\/a-new-day-centre-for-older-people-in-mezotur\\\/#primaryimage\",\"url\":\"https:\\\/\\\/egyuttfejlodunk.hu\\\/wp-content\\\/uploads\\\/2026\\\/03\\\/shutterstock_2668772675.jpg\",\"contentUrl\":\"https:\\\/\\\/egyuttfejlodunk.hu\\\/wp-content\\\/uploads\\\/2026\\\/03\\\/shutterstock_2668772675.jpg\",\"width\":1000,\"height\":597,\"caption\":\"2668772675\"},{\"@type\":\"BreadcrumbList\",\"@id\":\"https:\\\/\\\/egyuttfejlodunk.hu\\\/en\\\/a-new-day-centre-for-older-people-in-mezotur\\\/#breadcrumb\",\"itemListElement\":[{\"@type\":\"ListItem\",\"position\":1,\"name\":\"Home\",\"item\":\"https:\\\/\\\/egyuttfejlodunk.hu\\\/\"},{\"@type\":\"ListItem\",\"position\":2,\"name\":\"A new day centre for older people in Mez\u0151t\u00far\"}]},{\"@type\":\"WebSite\",\"@id\":\"https:\\\/\\\/egyuttfejlodunk.hu\\\/#website\",\"url\":\"https:\\\/\\\/egyuttfejlodunk.hu\\\/\",\"name\":\"Egy\u00fctt fejl\u0151d\u00fcnk\",\"description\":\"\",\"publisher\":{\"@id\":\"https:\\\/\\\/egyuttfejlodunk.hu\\\/#organization\"},\"potentialAction\":[{\"@type\":\"SearchAction\",\"target\":{\"@type\":\"EntryPoint\",\"urlTemplate\":\"https:\\\/\\\/egyuttfejlodunk.hu\\\/?s={search_term_string}\"},\"query-input\":{\"@type\":\"PropertyValueSpecification\",\"valueRequired\":true,\"valueName\":\"search_term_string\"}}],\"inLanguage\":\"hu\"},{\"@type\":\"Organization\",\"@id\":\"https:\\\/\\\/egyuttfejlodunk.hu\\\/#organization\",\"name\":\"Egy\u00fctt fejl\u0151d\u00fcnk\",\"url\":\"https:\\\/\\\/egyuttfejlodunk.hu\\\/\",\"logo\":{\"@type\":\"ImageObject\",\"inLanguage\":\"hu\",\"@id\":\"https:\\\/\\\/egyuttfejlodunk.hu\\\/#\\\/schema\\\/logo\\\/image\\\/\",\"url\":\"https:\\\/\\\/egyuttfejlodunk.hu\\\/wp-content\\\/uploads\\\/2026\\\/04\\\/ujlogo.jpg\",\"contentUrl\":\"https:\\\/\\\/egyuttfejlodunk.hu\\\/wp-content\\\/uploads\\\/2026\\\/04\\\/ujlogo.jpg\",\"width\":350,\"height\":110,\"caption\":\"Egy\u00fctt fejl\u0151d\u00fcnk\"},\"image\":{\"@id\":\"https:\\\/\\\/egyuttfejlodunk.hu\\\/#\\\/schema\\\/logo\\\/image\\\/\"}},{\"@type\":\"Person\",\"@id\":\"https:\\\/\\\/egyuttfejlodunk.hu\\\/#\\\/schema\\\/person\\\/172a88f23f4f1fb8bbd7bfcddb0ce254\",\"name\":\"Szab\u00f3 Evelin\"}]}<\/script>\n<!-- \/ Yoast SEO Premium plugin. -->","yoast_head_json":{"title":"A new day centre for older people in Mez\u0151t\u00far - Egy\u00fctt fejl\u0151d\u00fcnk","robots":{"index":"noindex","follow":"follow","max-snippet":"max-snippet:-1","max-image-preview":"max-image-preview:large","max-video-preview":"max-video-preview:-1"},"og_locale":"hu_HU","og_type":"article","og_title":"A new day centre for older people in Mez\u0151t\u00far","og_description":"Thanks to an EU-funded development, a new place has been created in Mez\u0151t\u00far where older people can spend their days in comfort, stay active, and enjoy being part of a community. In recent years, demand for daytime care for older people has grown steadily in the town. Existing institutions were operating at full capacity, while the condition and layout of the buildings were becoming less and less suited to modern needs. This was especially clear...","og_url":"https:\/\/egyuttfejlodunk.hu\/en\/a-new-day-centre-for-older-people-in-mezotur\/","og_site_name":"Egy\u00fctt fejl\u0151d\u00fcnk","article_published_time":"2026-04-01T11:24:21+00:00","og_image":[{"width":1000,"height":597,"url":"https:\/\/egyuttfejlodunk.hu\/wp-content\/uploads\/2026\/03\/shutterstock_2668772675.jpg","type":"image\/jpeg"}],"author":"Szab\u00f3 Evelin","twitter_card":"summary_large_image","twitter_misc":{"Szerz\u0151:":"Szab\u00f3 Evelin","Becs\u00fclt olvas\u00e1si id\u0151":"2 perc"},"schema":{"@context":"https:\/\/schema.org","@graph":[{"@type":"Article","@id":"https:\/\/egyuttfejlodunk.hu\/en\/a-new-day-centre-for-older-people-in-mezotur\/#article","isPartOf":{"@id":"https:\/\/egyuttfejlodunk.hu\/en\/a-new-day-centre-for-older-people-in-mezotur\/"},"author":{"name":"Szab\u00f3 Evelin","@id":"https:\/\/egyuttfejlodunk.hu\/#\/schema\/person\/172a88f23f4f1fb8bbd7bfcddb0ce254"},"headline":"A new day centre for older people in Mez\u0151t\u00far","datePublished":"2026-04-01T11:24:21+00:00","mainEntityOfPage":{"@id":"https:\/\/egyuttfejlodunk.hu\/en\/a-new-day-centre-for-older-people-in-mezotur\/"},"wordCount":389,"publisher":{"@id":"https:\/\/egyuttfejlodunk.hu\/#organization"},"image":{"@id":"https:\/\/egyuttfejlodunk.hu\/en\/a-new-day-centre-for-older-people-in-mezotur\/#primaryimage"},"thumbnailUrl":"https:\/\/egyuttfejlodunk.hu\/wp-content\/uploads\/2026\/03\/shutterstock_2668772675.jpg","articleSection":["Top"],"inLanguage":"hu"},{"@type":"WebPage","@id":"https:\/\/egyuttfejlodunk.hu\/en\/a-new-day-centre-for-older-people-in-mezotur\/","url":"https:\/\/egyuttfejlodunk.hu\/en\/a-new-day-centre-for-older-people-in-mezotur\/","name":"A new day centre for older people in Mez\u0151t\u00far - Egy\u00fctt fejl\u0151d\u00fcnk","isPartOf":{"@id":"https:\/\/egyuttfejlodunk.hu\/#website"},"primaryImageOfPage":{"@id":"https:\/\/egyuttfejlodunk.hu\/en\/a-new-day-centre-for-older-people-in-mezotur\/#primaryimage"},"image":{"@id":"https:\/\/egyuttfejlodunk.hu\/en\/a-new-day-centre-for-older-people-in-mezotur\/#primaryimage"},"thumbnailUrl":"https:\/\/egyuttfejlodunk.hu\/wp-content\/uploads\/2026\/03\/shutterstock_2668772675.jpg","datePublished":"2026-04-01T11:24:21+00:00","breadcrumb":{"@id":"https:\/\/egyuttfejlodunk.hu\/en\/a-new-day-centre-for-older-people-in-mezotur\/#breadcrumb"},"inLanguage":"hu","potentialAction":[{"@type":"ReadAction","target":["https:\/\/egyuttfejlodunk.hu\/en\/a-new-day-centre-for-older-people-in-mezotur\/"]}]},{"@type":"ImageObject","inLanguage":"hu","@id":"https:\/\/egyuttfejlodunk.hu\/en\/a-new-day-centre-for-older-people-in-mezotur\/#primaryimage","url":"https:\/\/egyuttfejlodunk.hu\/wp-content\/uploads\/2026\/03\/shutterstock_2668772675.jpg","contentUrl":"https:\/\/egyuttfejlodunk.hu\/wp-content\/uploads\/2026\/03\/shutterstock_2668772675.jpg","width":1000,"height":597,"caption":"2668772675"},{"@type":"BreadcrumbList","@id":"https:\/\/egyuttfejlodunk.hu\/en\/a-new-day-centre-for-older-people-in-mezotur\/#breadcrumb","itemListElement":[{"@type":"ListItem","position":1,"name":"Home","item":"https:\/\/egyuttfejlodunk.hu\/"},{"@type":"ListItem","position":2,"name":"A new day centre for older people in Mez\u0151t\u00far"}]},{"@type":"WebSite","@id":"https:\/\/egyuttfejlodunk.hu\/#website","url":"https:\/\/egyuttfejlodunk.hu\/","name":"Egy\u00fctt fejl\u0151d\u00fcnk","description":"","publisher":{"@id":"https:\/\/egyuttfejlodunk.hu\/#organization"},"potentialAction":[{"@type":"SearchAction","target":{"@type":"EntryPoint","urlTemplate":"https:\/\/egyuttfejlodunk.hu\/?s={search_term_string}"},"query-input":{"@type":"PropertyValueSpecification","valueRequired":true,"valueName":"search_term_string"}}],"inLanguage":"hu"},{"@type":"Organization","@id":"https:\/\/egyuttfejlodunk.hu\/#organization","name":"Egy\u00fctt fejl\u0151d\u00fcnk","url":"https:\/\/egyuttfejlodunk.hu\/","logo":{"@type":"ImageObject","inLanguage":"hu","@id":"https:\/\/egyuttfejlodunk.hu\/#\/schema\/logo\/image\/","url":"https:\/\/egyuttfejlodunk.hu\/wp-content\/uploads\/2026\/04\/ujlogo.jpg","contentUrl":"https:\/\/egyuttfejlodunk.hu\/wp-content\/uploads\/2026\/04\/ujlogo.jpg","width":350,"height":110,"caption":"Egy\u00fctt fejl\u0151d\u00fcnk"},"image":{"@id":"https:\/\/egyuttfejlodunk.hu\/#\/schema\/logo\/image\/"}},{"@type":"Person","@id":"https:\/\/egyuttfejlodunk.hu\/#\/schema\/person\/172a88f23f4f1fb8bbd7bfcddb0ce254","name":"Szab\u00f3 Evelin"}]}},"_links":{"self":[{"href":"https:\/\/egyuttfejlodunk.hu\/wp-json\/wp\/v2\/posts\/9975","targetHints":{"allow":["GET"]}}],"collection":[{"href":"https:\/\/egyuttfejlodunk.hu\/wp-json\/wp\/v2\/posts"}],"about":[{"href":"https:\/\/egyuttfejlodunk.hu\/wp-json\/wp\/v2\/types\/post"}],"author":[{"embeddable":true,"href":"https:\/\/egyuttfejlodunk.hu\/wp-json\/wp\/v2\/users\/23"}],"replies":[{"embeddable":true,"href":"https:\/\/egyuttfejlodunk.hu\/wp-json\/wp\/v2\/comments?post=9975"}],"version-history":[{"count":3,"href":"https:\/\/egyuttfejlodunk.hu\/wp-json\/wp\/v2\/posts\/9975\/revisions"}],"predecessor-version":[{"id":9979,"href":"https:\/\/egyuttfejlodunk.hu\/wp-json\/wp\/v2\/posts\/9975\/revisions\/9979"}],"wp:featuredmedia":[{"embeddable":true,"href":"https:\/\/egyuttfejlodunk.hu\/wp-json\/wp\/v2\/media\/9963"}],"wp:attachment":[{"href":"https:\/\/egyuttfejlodunk.hu\/wp-json\/wp\/v2\/media?parent=9975"}],"wp:term":[{"taxonomy":"category","embeddable":true,"href":"https:\/\/egyuttfejlodunk.hu\/wp-json\/wp\/v2\/categories?post=9975"},{"taxonomy":"post_tag","embeddable":true,"href":"https:\/\/egyuttfejlodunk.hu\/wp-json\/wp\/v2\/tags?post=9975"},{"taxonomy":"megye","embeddable":true,"href":"https:\/\/egyuttfejlodunk.hu\/wp-json\/wp\/v2\/megye?post=9975"}],"curies":[{"name":"wp","href":"https:\/\/api.w.org\/{rel}","templated":true}]}}